{"id":5362,"date":"2015-01-16T12:55:18","date_gmt":"2015-01-16T15:55:18","guid":{"rendered":"http:\/\/www.acusticauach.cl\/?p=5362"},"modified":"2019-10-27T19:30:50","modified_gmt":"2019-10-27T22:30:50","slug":"exitoso-cierre-de-matriculas-para-acusticauach","status":"publish","type":"post","link":"https:\/\/www.acusticauach.cl\/?p=5362","title":{"rendered":"Exitoso cierre de matr\u00edculas para Ac\u00fasticaUACh"},"content":{"rendered":"<p><em><strong>Estudiantes de todo el pa\u00eds arribar\u00e1n a la ciudad de Valdivia en marzo pr\u00f3ximo para integrarse a la carrera de Ingenier\u00eda Civil Ac\u00fastica.<\/strong><\/em><\/p>\n<p>Con un total de 41 nuevos estudiantes, la Escuela de Ingenier\u00eda Civil Ac\u00fastica UACh cerr\u00f3 exitosamente su periodo de matr\u00edculas 2015, donde el 76% de los matriculados opt\u00f3 en primera opci\u00f3n por esta carrera.<\/p>\n<p>Alejandra Soto Lomboy, proveniente del Instituto Inmaculada Concepci\u00f3n de Valdivia, fue la primera matriculada con un puntaje de 727,8 puntos ponderados. A ella se suman estudiantes provenientes de las regiones de Arica y Parinacota, Antofagasta, Coquimbo, Valpara\u00edso, Regi\u00f3n Metropolitana, el Maule, Araucan\u00eda y Los Lagos. Cabe destacar que el 37% de los matriculados proviene de la Regi\u00f3n de Los R\u00edos.<\/p>\n<blockquote><p>Estamos contentos con los resultados, tenemos una carrera de gran nivel y reconocida internacionalmente. Se ha realizado un esfuerzo por mejorar la difusi\u00f3n con el importante apoyo de profesores y estudiantes, los frutos de este esfuerzo sin duda est\u00e1n reflejados en el resultado de este \u00faltimo proceso de postulaciones.\u201d Coment\u00f3 el Dr. Jos\u00e9 Luis Barros, Director de la carrera de Ingenier\u00eda Civil Ac\u00fastica.<\/p><\/blockquote>\n<p>Los nuevos integrantes de Ac\u00fasticaUACh son parte de los m\u00e1s de 2.700 j\u00f3venes matriculados en la Universidad Austral de Chile, quienes comenzar\u00e1n su vida acad\u00e9mica el lunes 9 de marzo del 2015.<\/p>\n<p><img decoding=\"async\" class=\"alignleft size-full wp-image-5366\" src=\"https:\/\/www.acusticauach.cl\/wp-content\/uploads\/2015\/01\/MATRICULAS_2015.jpg\" alt=\"MATRICULAS_2015\" width=\"800\" height=\"450\" srcset=\"https:\/\/www.acusticauach.cl\/wp-content\/uploads\/2015\/01\/MATRICULAS_2015.jpg 800w, https:\/\/www.acusticauach.cl\/wp-content\/uploads\/2015\/01\/MATRICULAS_2015-300x168.jpg 300w, https:\/\/www.acusticauach.cl\/wp-content\/uploads\/2015\/01\/MATRICULAS_2015-700x393.jpg 700w, https:\/\/www.acusticauach.cl\/wp-content\/uploads\/2015\/01\/MATRICULAS_2015-500x281.jpg 500w\" sizes=\"(max-width: 800px) 100vw, 800px\" \/><\/p>\n","protected":false},"excerpt":{"rendered":"<p>Estudiantes de todo el pa\u00eds arribar\u00e1n a la ciudad de Valdivia en marzo pr\u00f3ximo para integrarse a la carrera de Ingenier\u00eda Civil Ac\u00fastica. Con un total de 41 nuevos estudiantes, la Escuela de Ingenier\u00eda Civil Ac\u00fastica UACh cerr\u00f3 exitosamente su periodo de matr\u00edculas 2015, donde el 76% de los matriculados opt\u00f3 en primera opci\u00f3n por [&hellip;]<\/p>\n","protected":false},"author":2,"featured_media":5363,"comment_status":"closed","ping_status":"closed","sticky":false,"template":"","format":"standard","meta":{"footnotes":""},"categories":[906],"tags":[29,37,293,294],"class_list":["post-5362","post","type-post","status-publish","format-standard","has-post-thumbnail","hentry","category-pregrado","tag-carrera","tag-estudiantes","tag-matriculas","tag-nuevos"],"_links":{"self":[{"href":"https:\/\/www.acusticauach.cl\/index.php?rest_route=\/wp\/v2\/posts\/5362","targetHints":{"allow":["GET"]}}],"collection":[{"href":"https:\/\/www.acusticauach.cl\/index.php?rest_route=\/wp\/v2\/posts"}],"about":[{"href":"https:\/\/www.acusticauach.cl\/index.php?rest_route=\/wp\/v2\/types\/post"}],"author":[{"embeddable":true,"href":"https:\/\/www.acusticauach.cl\/index.php?rest_route=\/wp\/v2\/users\/2"}],"replies":[{"embeddable":true,"href":"https:\/\/www.acusticauach.cl\/index.php?rest_route=%2Fwp%2Fv2%2Fcomments&post=5362"}],"version-history":[{"count":0,"href":"https:\/\/www.acusticauach.cl\/index.php?rest_route=\/wp\/v2\/posts\/5362\/revisions"}],"wp:featuredmedia":[{"embeddable":true,"href":"https:\/\/www.acusticauach.cl\/index.php?rest_route=\/wp\/v2\/media\/5363"}],"wp:attachment":[{"href":"https:\/\/www.acusticauach.cl\/index.php?rest_route=%2Fwp%2Fv2%2Fmedia&parent=5362"}],"wp:term":[{"taxonomy":"category","embeddable":true,"href":"https:\/\/www.acusticauach.cl\/index.php?rest_route=%2Fwp%2Fv2%2Fcategories&post=5362"},{"taxonomy":"post_tag","embeddable":true,"href":"https:\/\/www.acusticauach.cl\/index.php?rest_route=%2Fwp%2Fv2%2Ftags&post=5362"}],"curies":[{"name":"wp","href":"https:\/\/api.w.org\/{rel}","templated":true}]}}