{"id":5348,"date":"2015-01-14T17:45:20","date_gmt":"2015-01-14T20:45:20","guid":{"rendered":"http:\/\/www.acusticauach.cl\/?p=5348"},"modified":"2019-10-27T19:30:59","modified_gmt":"2019-10-27T22:30:59","slug":"delegacion-uach-visito-virginia-tech-para-planificar-puesta-en-marcha-de-proyectos-de-investigacion-colaborativa","status":"publish","type":"post","link":"https:\/\/www.acusticauach.cl\/?p=5348","title":{"rendered":"Delegaci\u00f3n UACh visit\u00f3 Virginia Tech para planificar proyectos de investigaci\u00f3n"},"content":{"rendered":"<p><strong><em>Entre las \u00e1reas de cooperaci\u00f3n destaca un proyecto de ac\u00fastica sobre ruido de baja frecuencia producido por los aerogeneradores.<\/em><\/strong><\/p>\n<p>Una delegaci\u00f3n integrada por directivos e investigadores de laUniversidad Austral de Chile visitaron laUniversidad de Virginia Tech (al noreste de Estados Unidos, en la ciudad de Blacksburg) para planificar la puesta en marcha de cuatro importantes proyectos conjuntos de \u201cinvestigaci\u00f3n semilla\u201d.<\/p>\n<p>El mi\u00e9rcoles 07 de enero hubo una reuni\u00f3n de coordinaci\u00f3n entre las autoridades de la Universidad de Virginia Tech (Instituto de Tecnolog\u00eda Cr\u00edtica y Ciencias Aplicadas ICTAS y Oficina de Divulgaci\u00f3n y Asuntos Internacionales) y la delegaci\u00f3n UACh, encuentro organizado en la Embajada de Chile en Washington DC por el Embajador Juan Gabriel Vald\u00e9s. Al d\u00eda siguiente, la delegaci\u00f3n visit\u00f3 el Instituto de Tecnolog\u00eda de la Cr\u00edtica y Ciencias Aplicadas en Blacksburg.<\/p>\n<p>De los cuatros proyectos conjuntos, tres est\u00e1n siendo liderados por acad\u00e9micos de la Facultad de Ciencias de la Ingenier\u00eda pertenecientes a los Institutos de Dise\u00f1o y M\u00e9todos Industriales, Ac\u00fastica y Obras Civiles.<\/p>\n<p>Coordinado por el Prodecano de esta Facultad, Dr. Galo Valdebenito, el primer proyecto tiene que ver con la evaluaci\u00f3n del riesgo s\u00edsmico urbano aplicado a Valdivia, donde se produjo el terremoto m\u00e1s grande jam\u00e1s registrado en el a\u00f1o 1960, con una magnitud de 9.5 en la escala de Richter.<\/p>\n<p>Otro de los proyectos se centrar\u00e1 en mitigar el ruido de baja frecuencia producido por los aerogeneradores, lo que ha sido un gran obst\u00e1culo para una adopci\u00f3n m\u00e1s amplia de la energ\u00eda e\u00f3lica. <strong>La iniciativa es liderada en la UACh por el Director del Instituto de Ac\u00fastica Dr. Jorge Arenas.<\/strong><\/p>\n<p>El tercer proyecto tiene que ver con la generaci\u00f3n de energ\u00eda renovable a partir de residuos de la industria salmonera, iniciativa que es liderada por el acad\u00e9mico del Instituto de Dise\u00f1o y M\u00e9todos Industriales Dr. Guillaume Serandour.<\/p>\n<p>Otro equipo de Virginia Tech-UACh se centrar\u00e1 en uno de los pocos beneficios marginales de los terremotos: al agitar constantemente el suelo se revela un rico \u201cmicrobioma\u201d \u2013comunidad de microorganismos pat\u00f3genos que comparten un espacio- que podr\u00eda ofrecer nuevas armas en la lucha contra las bacterias resistentes a los medicamentos. Para ello, el equipo liderado en la UACh por el acad\u00e9mico de la Facultad de Ciencias Dr. \u00d3scar Mart\u00ednez, extraer\u00e1 muestras de suelo de las regiones del sur de Chile, desde Valdivia hasta la Patagonia.<\/p>\n<p>La delegaci\u00f3n UACh, encabezada por el Vicerrector Acad\u00e9mico Dr. N\u00e9stor Tadich, estuvo integrada por el Director de Investigaci\u00f3n y Desarrollo UACh Dr. Hans Richter, el Director del Centro UACh\u2013Virginia Tech Dr. Germ\u00e1n Reinhardt, el Decano de la Facultad de Ciencias Veterinarias Dr. Rafael Burgos, el Prodecano de la Facultad de Ciencias de la Ingenier\u00eda Dr. Galo Valdebenito, el Prodecano de la Facultad de Ciencias Veterinarias Prof. Rub\u00e9n Pulido y los investigadores principales de los cuatro proyectos semilla.<\/p>\n<p><strong>Aumentar la asociatividad<\/strong><\/p>\n<p>El Director de Investigaci\u00f3n y Desarrollo UACh Dr. Hans Richter destac\u00f3 \u00ablas expectativas antes de viajar eran positivas, debido al fuerte respaldo de nuestros Rectores, Dres. V\u00edctor Cubillos y Oscar Galindo. Sin embargo, la serie de reuniones sostenidas sobrepasaron cualquier expectativa, dado que mucho m\u00e1s all\u00e1 de saludos protocolares, el contenido de las mismas estuvo centrado en definir hitos de trabajo colaborativo, con plazos, investigadores y directivos encargados de su ejecuci\u00f3n. Dos actores clave fueron el Dr. Gerhardt Schurig, Estratega Internacional de la Oficina de Relaciones Internacionales de VTech y el Embajador de Chile en USA, Sr. Juan Gabriel Vald\u00e9s. Ambos actores clave est\u00e1n realizando m\u00e1ximos esfuerzos para que esta colaboraci\u00f3n de larga data, abarque Ingenier\u00eda adem\u00e1s del v\u00ednculo tradicional en Ciencias Veterinarias. Desde el punto de vista de desarrollo institucional, el desaf\u00edo de instalar un centro de excelencia ICTAS en el Campus Miraflores es una oportunidad \u00fanica en cuya concreci\u00f3n trabajaremos con determinaci\u00f3n y ah\u00ednco.\u00bb<\/p>\n<p>Para el Director del Centro UACh\u2013Virginia Tech, Dr. Germ\u00e1n Reinhardt, \u00e9sta \u201cha sido una actividad con muy buenos logros en el sentido de que por primera vez vemos un real inter\u00e9s en desarrollar y aumentar la asociatividad entre las dos universidades, fundamentalmente en el \u00e1rea de la investigaci\u00f3n. La idea era que los investigadores de ambas universidades se juntaran y se miraran a los ojos, y no solo mantuvieran una relaci\u00f3n v\u00eda Internet o videoconferencia. Todo el d\u00eda jueves se trabaj\u00f3 intensamente entre los grupos de trabajo, se conocieron y se tomaron las acciones para poder iniciar en forma real esta asociaci\u00f3n\u201d.<\/p>\n<p>Puso en relieve adem\u00e1s que \u201cla primera reuni\u00f3n la realizamos en la Embajada de Chile en Estados Unidos donde fuimos muy bien acogidos por el Embajador Juan Gabriel Vald\u00e9s quien tiene un especial inter\u00e9s de apoyar cualquier iniciativa que nuestra Universidad tenga en Estados Unidos\u201d.<\/p>\n<p><strong>ICTAS en el Campus Miraflores<\/strong><\/p>\n<p>En la oportunidad se convers\u00f3 igualmente sobre la posibilidad de instalar en el Campus Miraflores de la UACh en Valdivia una sede de ICTAS, un centro internacional de Virginia Tech dedicado al desarrollo e innovaci\u00f3n en tecnolog\u00edas cr\u00edticas de primer nivel.\u00a0Seg\u00fan manifest\u00f3 el Prodecano de la Facultad de Cs. de la Ingenier\u00eda Dr. Galo Valdebenito, \u201cestamos muy optimistas con estos cuatro proyectos que esperan sentar las bases para abrir nuevas l\u00edneas de investigaci\u00f3n, y por sobre todo, servir de antesala para instalar el centro ICTAS en Chile\u201d.<\/p>\n<p>Agreg\u00f3 que en VT la recepci\u00f3n \u201cha sido excelente; la verdad es que la calidez y acogida han sido muy buenas. Estamos muy contentos con la deferencia y por sobre todo de las ganas de los colegas de VTECh de trabajar con nosotros. Hay una muy buena voluntad y ganas por ambas partes\u201d.<\/p>\n<p>De acuerdo a lo se\u00f1alado por el Dr. Valdebenito, en Estados Unidos tienen \u201cuna buena imagen\u201d de la Facultad y la Universidad. \u201cSaben que somos una de las mejores universidades del pa\u00eds y de que existen reales opciones y oportunidades de colaboraci\u00f3n en distintas \u00e1reas\u201d, dijo.<\/p>\n<p><strong>Visi\u00f3n desde VT<\/strong><\/p>\n<p>En el sitio web de la Universidad estadounidense, el Director del Instituto de Tecnolog\u00eda de la Cr\u00edtica y Ciencias Aplicadas (ICTAS) de VT, Roop Mahajan, manifest\u00f3 que las colaboraciones representan \u00abuna tremenda oportunidad\u00bb y espera que sean la base para la cooperaci\u00f3n de largo plazo entre las dos casas de estudios superiores. \u00abEstos proyectos re\u00fanen a investigadores de diferentes pa\u00edses para resolver problemas dif\u00edciles en la intersecci\u00f3n de diferentes disciplinas y as\u00ed fortalecer la calidad de vida de personas de todo el mundo\u00bb, dijo.<\/p>\n<p>El ICTAS y la Oficina de Divulgaci\u00f3n y Asuntos Internacionales de VT, junto a la UACh, han proporcionado financiamiento inicial y apoyo administrativo para todos estos proyectos. \u201cEsperamos que esta relaci\u00f3n sea productiva durante muchos a\u00f1os por venir\u00bb, dijo Guru Ghosh, Vicepresidente de Divulgaci\u00f3n y Asuntos Internacionales de VT. \u00abEs nuestra misi\u00f3n compartir lo mejor de Virginia Tech y trabajar codo a codo con las comunidades en todo el mundo\u00bb, destac\u00f3.<\/p>\n<p>Para seguir estrechando lazos se espera una nueva visita de VT a la UACh. Esta vez ser\u00e1 el nuevo Decano de Medicina Veterinaria Dr. Cyril R. Clarke quien vendr\u00e1 acompa\u00f1ado del Dr. Gerhardt Schurig, Estratega Internacional de la Oficina de Relaciones Internacionales, entre los d\u00edas 25 al 30 de abril. En dicho encuentro se analizar\u00e1 el funcionamiento del convenio con la Facultad de Ciencias Veterinarias UACh, el m\u00e1s antiguo y que dio origen a esta amplia colaboraci\u00f3n con nuestra Universidad en el a\u00f1o 1996.<\/p>\n<p>Vea noticia en el portal de VT aqu\u00ed: <a href=\"http:\/\/www.vtnews.vt.edu\/articles\/2015\/01\/010715-ictas-chileanvisit.html\" target=\"_blank\" rel=\"noopener noreferrer\">http:\/\/www.vtnews.vt.edu\/articles\/2015\/01\/010715-ictas-chileanvisit.html<\/a><\/p>\n<p>Escrito por: Jose Luis G\u00f3mez Guenchor &#8211; Periodista Relaciones P\u00fablicas UACh Email: josegomez@uach.cl<br \/>\nFoto: Embajador Juan Gabriel Vald\u00e9s (en Twitter @jg_valdes)<\/p>\n","protected":false},"excerpt":{"rendered":"<p>Entre las \u00e1reas de cooperaci\u00f3n destaca un proyecto de ac\u00fastica sobre ruido de baja frecuencia producido por los aerogeneradores. Una delegaci\u00f3n integrada por directivos e investigadores de laUniversidad Austral de Chile visitaron laUniversidad de Virginia Tech (al noreste de Estados Unidos, en la ciudad de Blacksburg) para planificar la puesta en marcha de cuatro importantes [&hellip;]<\/p>\n","protected":false},"author":2,"featured_media":5349,"comment_status":"closed","ping_status":"closed","sticky":false,"template":"","format":"standard","meta":{"footnotes":""},"categories":[908],"tags":[292,48,181,36,32,210],"class_list":["post-5348","post","type-post","status-publish","format-standard","has-post-thumbnail","hentry","category-investigacion","tag-aerogeneradores","tag-arenas","tag-convenio","tag-proyectos","tag-ruido","tag-virginia-tech"],"_links":{"self":[{"href":"https:\/\/www.acusticauach.cl\/index.php?rest_route=\/wp\/v2\/posts\/5348","targetHints":{"allow":["GET"]}}],"collection":[{"href":"https:\/\/www.acusticauach.cl\/index.php?rest_route=\/wp\/v2\/posts"}],"about":[{"href":"https:\/\/www.acusticauach.cl\/index.php?rest_route=\/wp\/v2\/types\/post"}],"author":[{"embeddable":true,"href":"https:\/\/www.acusticauach.cl\/index.php?rest_route=\/wp\/v2\/users\/2"}],"replies":[{"embeddable":true,"href":"https:\/\/www.acusticauach.cl\/index.php?rest_route=%2Fwp%2Fv2%2Fcomments&post=5348"}],"version-history":[{"count":0,"href":"https:\/\/www.acusticauach.cl\/index.php?rest_route=\/wp\/v2\/posts\/5348\/revisions"}],"wp:featuredmedia":[{"embeddable":true,"href":"https:\/\/www.acusticauach.cl\/index.php?rest_route=\/wp\/v2\/media\/5349"}],"wp:attachment":[{"href":"https:\/\/www.acusticauach.cl\/index.php?rest_route=%2Fwp%2Fv2%2Fmedia&parent=5348"}],"wp:term":[{"taxonomy":"category","embeddable":true,"href":"https:\/\/www.acusticauach.cl\/index.php?rest_route=%2Fwp%2Fv2%2Fcategories&post=5348"},{"taxonomy":"post_tag","embeddable":true,"href":"https:\/\/www.acusticauach.cl\/index.php?rest_route=%2Fwp%2Fv2%2Ftags&post=5348"}],"curies":[{"name":"wp","href":"https:\/\/api.w.org\/{rel}","templated":true}]}}