{"id":5189,"date":"2014-11-30T13:36:15","date_gmt":"2014-11-30T16:36:15","guid":{"rendered":"http:\/\/www.acusticauach.cl\/?p=5189"},"modified":"2014-12-22T13:42:51","modified_gmt":"2014-12-22T16:42:51","slug":"diario-austral-el-festival-yankeelandia-vuelve-a-sonar-fuerte-a-seis-anos-de-su-ultima-verison","status":"publish","type":"post","link":"https:\/\/www.acusticauach.cl\/?p=5189","title":{"rendered":"Diario Austral: El festival Yankeelandia vuelve a sonar fuerte a seis a\u00f1os de su \u00faltima veris\u00f3n"},"content":{"rendered":"<p>Diario Austral: El M\u00edtico evento regresa a la agenda solo con bandas locales en escena. Es un imperdible del Campus Muraflores de la UACh. Domingo 30 de noviembre de 2014.<\/p>\n<p>Entrevista a Diego Vergara, miembro del equipo organizador y estudiante de Ing. Civil Ac\u00fastica.<\/p>\n<p><a href=\"http:\/\/www.australvaldivia.cl\/impresa\/2014\/11\/30\/full\/30\/\" target=\"_blank\">Ver apartado en p\u00e1gina web del Diario Austral<\/a><br \/>\nVer doc. pdf:\u00a0<a href=\"https:\/\/www.acusticauach.cl\/wp-content\/uploads\/2014\/12\/2014_11_30_Diario_Austral_Valdivia-Yankeelandia.pdf\" target=\"_blank\">2014_11_30_Diario_Austral_Valdivia-Yankeelandia<\/a><\/p>\n","protected":false},"excerpt":{"rendered":"<p>Diario Austral: El M\u00edtico evento regresa a la agenda solo con bandas locales en escena. Es un imperdible del Campus Muraflores de la UACh. Domingo 30 de noviembre de 2014. Entrevista a Diego Vergara, miembro del equipo organizador y estudiante de Ing. Civil Ac\u00fastica. Ver apartado en p\u00e1gina web del Diario Austral Ver doc. pdf:\u00a02014_11_30_Diario_Austral_Valdivia-Yankeelandia<\/p>\n","protected":false},"author":2,"featured_media":5191,"comment_status":"closed","ping_status":"closed","sticky":false,"template":"","format":"standard","meta":{"footnotes":""},"categories":[102],"tags":[118,286,106,285,184,283,284],"class_list":["post-5189","post","type-post","status-publish","format-standard","has-post-thumbnail","hentry","category-acusticauach_medios","tag-bandas","tag-barria","tag-diario","tag-hominidos","tag-recital","tag-vergara","tag-yankeelandia"],"_links":{"self":[{"href":"https:\/\/www.acusticauach.cl\/index.php?rest_route=\/wp\/v2\/posts\/5189","targetHints":{"allow":["GET"]}}],"collection":[{"href":"https:\/\/www.acusticauach.cl\/index.php?rest_route=\/wp\/v2\/posts"}],"about":[{"href":"https:\/\/www.acusticauach.cl\/index.php?rest_route=\/wp\/v2\/types\/post"}],"author":[{"embeddable":true,"href":"https:\/\/www.acusticauach.cl\/index.php?rest_route=\/wp\/v2\/users\/2"}],"replies":[{"embeddable":true,"href":"https:\/\/www.acusticauach.cl\/index.php?rest_route=%2Fwp%2Fv2%2Fcomments&post=5189"}],"version-history":[{"count":0,"href":"https:\/\/www.acusticauach.cl\/index.php?rest_route=\/wp\/v2\/posts\/5189\/revisions"}],"wp:featuredmedia":[{"embeddable":true,"href":"https:\/\/www.acusticauach.cl\/index.php?rest_route=\/wp\/v2\/media\/5191"}],"wp:attachment":[{"href":"https:\/\/www.acusticauach.cl\/index.php?rest_route=%2Fwp%2Fv2%2Fmedia&parent=5189"}],"wp:term":[{"taxonomy":"category","embeddable":true,"href":"https:\/\/www.acusticauach.cl\/index.php?rest_route=%2Fwp%2Fv2%2Fcategories&post=5189"},{"taxonomy":"post_tag","embeddable":true,"href":"https:\/\/www.acusticauach.cl\/index.php?rest_route=%2Fwp%2Fv2%2Ftags&post=5189"}],"curies":[{"name":"wp","href":"https:\/\/api.w.org\/{rel}","templated":true}]}}