{"id":5182,"date":"2014-12-02T12:49:20","date_gmt":"2014-12-02T15:49:20","guid":{"rendered":"http:\/\/www.acusticauach.cl\/?p=5182"},"modified":"2014-12-22T13:18:16","modified_gmt":"2014-12-22T16:18:16","slug":"diario-austral-presentan-ideas-para-reducir-el-ruido-e-los-espacios-publicos","status":"publish","type":"post","link":"https:\/\/www.acusticauach.cl\/?p=5182","title":{"rendered":"Diario Austral: Presentan ideas para reducir el ruido e los espacios p\u00fablicos"},"content":{"rendered":"<p>Tema del D\u00eda en el Diario Austral: Nuevos conceptos como el \u00abpaisaje sonoro\u00bb fueron analizado en el XIV Seminario de Ac\u00fastica Ambiental \u2013 martes 02\u00a0de diciembre de 2014.<\/p>\n<p>Se hace referencia al trabajo realizado por el Instituto de Ac\u00fastica de la Universidad Austral de Chile para el Ministerio del Medio Ambiente, el XIV Semianrio de Ac\u00fastica Ambiental y el IX Congreso Iberoamericano de Ac\u00fastica realizado en el Hotel Dreams, Valdivia.<\/p>\n<p><a href=\"http:\/\/www.australvaldivia.cl\/impresa\/2014\/12\/02\/full\/2\/\" target=\"_blank\">Ver apartado en p\u00e1gina web del Diario Austral<\/a><br \/>\nVer doc. pdf:\u00a0<a href=\"https:\/\/www.acusticauach.cl\/wp-content\/uploads\/2014\/12\/2014_12_02-Diario_Austral-Tema_del_Diavf.pdf\" target=\"_blank\">2014_12_02-Diario_Austral-Tema_del_Diavf<\/a><\/p>\n","protected":false},"excerpt":{"rendered":"<p>Tema del D\u00eda en el Diario Austral: Nuevos conceptos como el \u00abpaisaje sonoro\u00bb fueron analizado en el XIV Seminario de Ac\u00fastica Ambiental \u2013 martes 02\u00a0de diciembre de 2014. Se hace referencia al trabajo realizado por el Instituto de Ac\u00fastica de la Universidad Austral de Chile para el Ministerio del Medio Ambiente, el XIV Semianrio de [&hellip;]<\/p>\n","protected":false},"author":2,"featured_media":5184,"comment_status":"closed","ping_status":"closed","sticky":false,"template":"","format":"standard","meta":{"footnotes":""},"categories":[102],"tags":[106,34,32,20],"class_list":["post-5182","post","type-post","status-publish","format-standard","has-post-thumbnail","hentry","category-acusticauach_medios","tag-diario","tag-ministerio","tag-ruido","tag-seminario"],"_links":{"self":[{"href":"https:\/\/www.acusticauach.cl\/index.php?rest_route=\/wp\/v2\/posts\/5182","targetHints":{"allow":["GET"]}}],"collection":[{"href":"https:\/\/www.acusticauach.cl\/index.php?rest_route=\/wp\/v2\/posts"}],"about":[{"href":"https:\/\/www.acusticauach.cl\/index.php?rest_route=\/wp\/v2\/types\/post"}],"author":[{"embeddable":true,"href":"https:\/\/www.acusticauach.cl\/index.php?rest_route=\/wp\/v2\/users\/2"}],"replies":[{"embeddable":true,"href":"https:\/\/www.acusticauach.cl\/index.php?rest_route=%2Fwp%2Fv2%2Fcomments&post=5182"}],"version-history":[{"count":0,"href":"https:\/\/www.acusticauach.cl\/index.php?rest_route=\/wp\/v2\/posts\/5182\/revisions"}],"wp:featuredmedia":[{"embeddable":true,"href":"https:\/\/www.acusticauach.cl\/index.php?rest_route=\/wp\/v2\/media\/5184"}],"wp:attachment":[{"href":"https:\/\/www.acusticauach.cl\/index.php?rest_route=%2Fwp%2Fv2%2Fmedia&parent=5182"}],"wp:term":[{"taxonomy":"category","embeddable":true,"href":"https:\/\/www.acusticauach.cl\/index.php?rest_route=%2Fwp%2Fv2%2Fcategories&post=5182"},{"taxonomy":"post_tag","embeddable":true,"href":"https:\/\/www.acusticauach.cl\/index.php?rest_route=%2Fwp%2Fv2%2Ftags&post=5182"}],"curies":[{"name":"wp","href":"https:\/\/api.w.org\/{rel}","templated":true}]}}