{"id":5161,"date":"2014-12-02T12:30:56","date_gmt":"2014-12-02T15:30:56","guid":{"rendered":"http:\/\/www.acusticauach.cl\/?p=5161"},"modified":"2014-12-21T12:38:31","modified_gmt":"2014-12-21T15:38:31","slug":"entrevista-acusticauach-en-noticiero-atv","status":"publish","type":"post","link":"https:\/\/www.acusticauach.cl\/?p=5161","title":{"rendered":"Noticiero ATV &#8211; IX Congreso Iberoamericano de Ac\u00fastica"},"content":{"rendered":"<p>El Noticiero de ATV Valdivia realiz\u00f3 un despacho desde el Hotel Dreams, sede del IX Congreso Iberoamericano de Ac\u00fastica (01 al 03 de diciembre de 2014).<\/p>\n<p>Video de la entrevista, gentileza de ATV (<a href=\"http:\/\/www.atvvaldivia.cl\/\" target=\"_blank\">http:\/\/www.atvvaldivia.cl\/<\/a>)<\/p>\n<p><iframe src=\"\/\/www.youtube.com\/embed\/xa7kTmMpSio?list=PL_DO5LlHuBcsl8NvIxqiF-5S7xxoMrOaJ\" width=\"640\" height=\"360\" frameborder=\"0\" allowfullscreen=\"allowfullscreen\"><\/iframe><\/p>\n","protected":false},"excerpt":{"rendered":"<p>El Noticiero de ATV Valdivia realiz\u00f3 un despacho desde el Hotel Dreams, sede del IX Congreso Iberoamericano de Ac\u00fastica (01 al 03 de diciembre de 2014). Video de la entrevista, gentileza de ATV (http:\/\/www.atvvaldivia.cl\/)<\/p>\n","protected":false},"author":2,"featured_media":5162,"comment_status":"closed","ping_status":"closed","sticky":false,"template":"","format":"standard","meta":{"footnotes":""},"categories":[102],"tags":[21,281,275,282,73],"class_list":["post-5161","post","type-post","status-publish","format-standard","has-post-thumbnail","hentry","category-acusticauach_medios","tag-congreso","tag-dreams","tag-iberoamericano","tag-noticias","tag-suarez"],"_links":{"self":[{"href":"https:\/\/www.acusticauach.cl\/index.php?rest_route=\/wp\/v2\/posts\/5161","targetHints":{"allow":["GET"]}}],"collection":[{"href":"https:\/\/www.acusticauach.cl\/index.php?rest_route=\/wp\/v2\/posts"}],"about":[{"href":"https:\/\/www.acusticauach.cl\/index.php?rest_route=\/wp\/v2\/types\/post"}],"author":[{"embeddable":true,"href":"https:\/\/www.acusticauach.cl\/index.php?rest_route=\/wp\/v2\/users\/2"}],"replies":[{"embeddable":true,"href":"https:\/\/www.acusticauach.cl\/index.php?rest_route=%2Fwp%2Fv2%2Fcomments&post=5161"}],"version-history":[{"count":0,"href":"https:\/\/www.acusticauach.cl\/index.php?rest_route=\/wp\/v2\/posts\/5161\/revisions"}],"wp:featuredmedia":[{"embeddable":true,"href":"https:\/\/www.acusticauach.cl\/index.php?rest_route=\/wp\/v2\/media\/5162"}],"wp:attachment":[{"href":"https:\/\/www.acusticauach.cl\/index.php?rest_route=%2Fwp%2Fv2%2Fmedia&parent=5161"}],"wp:term":[{"taxonomy":"category","embeddable":true,"href":"https:\/\/www.acusticauach.cl\/index.php?rest_route=%2Fwp%2Fv2%2Fcategories&post=5161"},{"taxonomy":"post_tag","embeddable":true,"href":"https:\/\/www.acusticauach.cl\/index.php?rest_route=%2Fwp%2Fv2%2Ftags&post=5161"}],"curies":[{"name":"wp","href":"https:\/\/api.w.org\/{rel}","templated":true}]}}