{"id":4931,"date":"2014-10-10T13:20:19","date_gmt":"2014-10-10T16:20:19","guid":{"rendered":"http:\/\/www.acusticauach.cl\/?p=4931"},"modified":"2019-10-27T19:35:07","modified_gmt":"2019-10-27T22:35:07","slug":"orquesta-juvenil-e-infantil-cifan-graba-su-primer-disco-con-apoyo-de-acusticauach","status":"publish","type":"post","link":"https:\/\/www.acusticauach.cl\/?p=4931","title":{"rendered":"Orquesta Juvenil e Infantil CIFAN graba su primer disco con apoyo de AcusticaUACh"},"content":{"rendered":"<h2>El disco de la Orquesta CIFAN \u00a0incluye obras del compositor brit\u00e1nico Jeff Moorela, y su entrega est\u00e1 programada para el 15 de noviembre, la compra es en \u201cverde\u201d, a trav\u00e9s de <a href=\"www.orquestacifan.cl%20\" target=\"_blank\" rel=\"noopener noreferrer\">www.orquestacifan.cl <\/a>con un valor de $5000.-<\/h2>\n<address>Escrito por: Maximiliano Valenzuela Vel\u00e1squez &#8211; Periodista Relaciones P\u00fablicas UACh Email: maximiliano.valenzuela@uach.cl (Noticia original: <a href=\"http:\/\/noticias.uach.cl\/principal.php?pag=noticia-externo&amp;cod=75786\" target=\"_blank\" rel=\"noopener noreferrer\">http:\/\/noticias.uach.cl\/principal.php?pag=noticia-externo&amp;cod=75786<\/a>)<\/address>\n<p><strong>Grabaci\u00f3n de su Primer Disco<\/strong><\/p>\n<p>En su constante labor por el rescate de ni\u00f1os en riesgo social, el Centro Integral Familia Ni\u00f1o (CIFAN) junto a su Orquesta Juvenil, se adjudic\u00f3 este a\u00f1o el proyecto CONARTE financiado con fondos de la Corporaci\u00f3n Cultural Municipal de Valdivia, que le permiti\u00f3 grabar y producir su primer material en audio en formato CD, material que incluye tres obras del compositor brit\u00e1nico contempor\u00e1neo Jeff Moore.<\/p>\n<p>El registro sonoro se realiz\u00f3 en el mes de agosto, en Aula Magna UACh y cont\u00f3 con la interpretaci\u00f3n musical de los ni\u00f1os, ni\u00f1as y j\u00f3venes integrantes de la orquesta, acompa\u00f1ados de sus profesores: Dayana Olmos, Armando Riquelme, Javier Reyes, Nicol\u00e1s Matamala y el destacado violinista franc\u00e9s Dorian Lamotte.<\/p>\n<p><strong>La grabaci\u00f3n estuvo a cargo del profesor Jorge C\u00e1rdenas, del Instituto de Ac\u00fastica y apoyada por la Escuela de Ingenier\u00eda Civil Ac\u00fastica de la UACh.<\/strong><\/p>\n<p>Destacar que esta es la primera producci\u00f3n musical de esta Orquesta, despu\u00e9s de doce a\u00f1os de funcionamiento.<\/p>\n<p>La venta ya se encuentra en marcha. El CD tiene un valor de $5.000 y puede ser adquirido directamente v\u00eda internet en <a href=\"http:\/\/www.orquestacifan.cl\" target=\"_blank\" rel=\"noopener noreferrer\">www.orquestacifan.cl<\/a> o en el Caf\u00e9 Moro, Tienda Diva, Librer\u00eda Paoka y Escuela Ecos Andaluces.<\/p>\n<p><strong>Orquesta Juvenil Cifan y su relaci\u00f3n con la UACh.<\/strong><\/p>\n<p>El v\u00ednculo que mantiene nuestra casa de estudios con esta Orquesta Juvenil y Fundaci\u00f3n dependiente del Obispado de Valdivia, se remonta al a\u00f1o 2004, diez a\u00f1os en que el Conservatorio de M\u00fasica de la UACh ha apoyado la formaci\u00f3n de ni\u00f1os, ni\u00f1as y j\u00f3venes en la ejecuci\u00f3n y desarrollo de sus habilidades musicales.<\/p>\n<p>Entre los aporte realizado por la Universidad, destacan las diversas becas a alumnos de la Orquesta CIFAN, permitiendo la participaci\u00f3n de aquellos menores que se consideren aptos integrarse al conjunto de alumnos del Conservatorio.<\/p>\n<p>Los integrantes de la Orquesta CIFAN han podido participar en clases desarrolladas por profesores visitantes y en eventos de docencia que desarrolla la Universidad.<\/p>\n<p>Destacar que la orquesta es dirigida por el Profesor Pablo Matamala y desde sus inicios ha tenido como objetivo principal el fortalecimiento de los recursos personales y familiares en ni\u00f1os cuyos derechos fundamentales se encuentran amenazados.<\/p>\n<p><strong>Medalla 02 de octubre<\/strong><\/p>\n<p>En el marco del reciente aniversario de la Regi\u00f3n de los R\u00edos (7 a\u00f1os), se efectu\u00f3 la entrega del reconocimiento \u201cmedalla 2 de octubre\u201d, que este a\u00f1o reconoci\u00f3 la obra asistencial del Centro Integral Familia Ni\u00f1o (CIFAN) por su aporte en el resguardo de los derechos de ni\u00f1os, ni\u00f1as y adolescentes de la regi\u00f3n.<\/p>\n<p>La entrega de medallas forma parte de las distinciones aprobadas por los integrantes del Consejo Regional, con el objeto de reconocer, honrar y perpetuar a personas e instituciones relevantes para la regi\u00f3n por sus actuaciones con las que han contribuido a la creaci\u00f3n y desarrollo del territorio.<\/p>\n","protected":false},"excerpt":{"rendered":"<p>El disco de la Orquesta CIFAN \u00a0incluye obras del compositor brit\u00e1nico Jeff Moorela, y su entrega est\u00e1 programada para el 15 de noviembre, la compra es en \u201cverde\u201d, a trav\u00e9s de www.orquestacifan.cl con un valor de $5000.- Escrito por: Maximiliano Valenzuela Vel\u00e1squez &#8211; Periodista Relaciones P\u00fablicas UACh Email: maximiliano.valenzuela@uach.cl (Noticia original: http:\/\/noticias.uach.cl\/principal.php?pag=noticia-externo&amp;cod=75786) Grabaci\u00f3n de su [&hellip;]<\/p>\n","protected":false},"author":2,"featured_media":4932,"comment_status":"closed","ping_status":"closed","sticky":false,"template":"","format":"standard","meta":{"footnotes":""},"categories":[909],"tags":[192,262,263,244,243],"class_list":["post-4931","post","type-post","status-publish","format-standard","has-post-thumbnail","hentry","category-vinculacion","tag-cardenas","tag-cd","tag-cifan","tag-grabacion","tag-orquesta"],"_links":{"self":[{"href":"https:\/\/www.acusticauach.cl\/index.php?rest_route=\/wp\/v2\/posts\/4931","targetHints":{"allow":["GET"]}}],"collection":[{"href":"https:\/\/www.acusticauach.cl\/index.php?rest_route=\/wp\/v2\/posts"}],"about":[{"href":"https:\/\/www.acusticauach.cl\/index.php?rest_route=\/wp\/v2\/types\/post"}],"author":[{"embeddable":true,"href":"https:\/\/www.acusticauach.cl\/index.php?rest_route=\/wp\/v2\/users\/2"}],"replies":[{"embeddable":true,"href":"https:\/\/www.acusticauach.cl\/index.php?rest_route=%2Fwp%2Fv2%2Fcomments&post=4931"}],"version-history":[{"count":0,"href":"https:\/\/www.acusticauach.cl\/index.php?rest_route=\/wp\/v2\/posts\/4931\/revisions"}],"wp:featuredmedia":[{"embeddable":true,"href":"https:\/\/www.acusticauach.cl\/index.php?rest_route=\/wp\/v2\/media\/4932"}],"wp:attachment":[{"href":"https:\/\/www.acusticauach.cl\/index.php?rest_route=%2Fwp%2Fv2%2Fmedia&parent=4931"}],"wp:term":[{"taxonomy":"category","embeddable":true,"href":"https:\/\/www.acusticauach.cl\/index.php?rest_route=%2Fwp%2Fv2%2Fcategories&post=4931"},{"taxonomy":"post_tag","embeddable":true,"href":"https:\/\/www.acusticauach.cl\/index.php?rest_route=%2Fwp%2Fv2%2Ftags&post=4931"}],"curies":[{"name":"wp","href":"https:\/\/api.w.org\/{rel}","templated":true}]}}