{"id":4531,"date":"2014-09-25T22:39:05","date_gmt":"2014-09-26T01:39:05","guid":{"rendered":"http:\/\/www.acusticauach.cl\/?p=4531"},"modified":"2019-10-27T19:35:55","modified_gmt":"2019-10-27T22:35:55","slug":"acustica-uach-presente-en-caminos-en-la-ciencia-de-explora","status":"publish","type":"post","link":"https:\/\/www.acusticauach.cl\/?p=4531","title":{"rendered":"Ac\u00fastica UACh presente en \u201cCaminos en la Ciencia\u201d de Explora"},"content":{"rendered":"<h2>Mapas de ruido y percepci\u00f3n sonora son las \u00e1reas de investigaci\u00f3n en las que podr\u00e1n indagar estudiantes de diferentes establecimientos educacionales de la Regi\u00f3n de Los R\u00edos.<\/h2>\n<address>Escrita por Prensa FCI<\/address>\n<p>Durante tres d\u00edas (24, 25 y 26) en el Centro de Ferias del Parque Saval, Ingenier\u00eda Civil Ac\u00fastica est\u00e1 participando de la actividad: \u201cCaminos en la Ciencia. 7mo encuentro en Ciencia y Tecnolog\u00eda Regi\u00f3n de Los R\u00edos\u201d, actividad organizada por Explora Conicyt.<\/p>\n<p>Este encuentro que tiene por objetivo acercar a los estudiantes a las distintas disciplinas de investigaci\u00f3n en Ciencia y Tecnolog\u00eda, a trav\u00e9s de stands expositivos, con el fin de que descubran e integren la contribuci\u00f3n del quehacer cient\u00edfico a la sociedad.<\/p>\n<p>&nbsp;<\/p>\n<p><a href=\"https:\/\/www.acusticauach.cl\/wp-content\/uploads\/2014\/09\/EXPLORA_FERIA_2014_Acustica_01.jpg\"><img decoding=\"async\" class=\"alignleft wp-image-4552\" src=\"https:\/\/www.acusticauach.cl\/wp-content\/uploads\/2014\/09\/EXPLORA_FERIA_2014_Acustica_01-300x169.jpg\" alt=\"EXPLORA_FERIA_2014_Acustica_01\" width=\"400\" height=\"225\" srcset=\"https:\/\/www.acusticauach.cl\/wp-content\/uploads\/2014\/09\/EXPLORA_FERIA_2014_Acustica_01-300x169.jpg 300w, https:\/\/www.acusticauach.cl\/wp-content\/uploads\/2014\/09\/EXPLORA_FERIA_2014_Acustica_01-500x281.jpg 500w, https:\/\/www.acusticauach.cl\/wp-content\/uploads\/2014\/09\/EXPLORA_FERIA_2014_Acustica_01.jpg 600w\" sizes=\"(max-width: 400px) 100vw, 400px\" \/><\/a><\/p>\n<p>Ac\u00fastica UACh present\u00f3 en una cabeza artificial binaural, que es utilizada para estudios sonoros y que permite simular la respuesta de la audici\u00f3n y una gigantograf\u00eda de los Mapas de Ruido que construy\u00f3 mediante un proyecto el Instituto de Ac\u00fastica para el Ministerio del Medio Ambiente. Esta \u00faltima iniciativa estuvo a cargo del Prof. Enrique Su\u00e1rez.<\/p>\n<p>La cabeza artificial est\u00e1 equipada con unas orejas y canales auditivos, donde se ubican micr\u00f3fonos especiales. Los visitantes pueden escuchar a trav\u00e9s del maniqu\u00ed gracias a aud\u00edfonos conectados.<\/p>\n<blockquote><p>La cabeza artificial binaural est\u00e1 conectada a un computador, de manera de analizar con gr\u00e1ficos y datos, las se\u00f1ales sonoras que \u201cescucha\u201d. Lo anterior es muy educativo, pues en el monitor del computador los ni\u00f1os pueden \u201cver el sonido\u201d. As\u00ed, se les explica que el sonido (que no se ve), se puede mostrar en colores, al igual que en un mapa de ruido\u201d, explic\u00f3 el acad\u00e9mico de Ac\u00fastica UACh, Prof. Enrique Su\u00e1rez.<\/p><\/blockquote>\n<p>Por otro lado, en los mapas de ruido se puede apreciar una modelaci\u00f3n por software del ruido del tr\u00e1nsito vehicular. Los datos obtenidos se verifican con mediciones ac\u00fasticas realizadas con un son\u00f3metro. \u00abEn este equipo de precisi\u00f3n se les muestra la escala en decibeles, y se les comenta sobre el ruido donde viven, identific\u00e1ndolo en el mapa, y experimentando con el equipo de medici\u00f3n\u201d, destac\u00f3 el Prof. Su\u00e1rez.<\/p>\n<blockquote><p>La muestra ha sido muy exitosa, por la posibilidad de interacci\u00f3n que tienen profesores y estudiantes con la experiencia sonora a trav\u00e9s de la cabeza binaural y los mapas, donde el ruido est\u00e1 en colores\u201d, a\u00f1adi\u00f3.<\/p><\/blockquote>\n<p><a href=\"https:\/\/www.acusticauach.cl\/wp-content\/uploads\/2014\/09\/EXPLORA_FERIA_2014_Acustica_06.jpg\"><img decoding=\"async\" class=\"alignleft wp-image-4542\" src=\"https:\/\/www.acusticauach.cl\/wp-content\/uploads\/2014\/09\/EXPLORA_FERIA_2014_Acustica_06-300x168.jpg\" alt=\"EXPLORA_FERIA_2014_Acustica_06\" width=\"400\" height=\"225\" srcset=\"https:\/\/www.acusticauach.cl\/wp-content\/uploads\/2014\/09\/EXPLORA_FERIA_2014_Acustica_06-300x168.jpg 300w, https:\/\/www.acusticauach.cl\/wp-content\/uploads\/2014\/09\/EXPLORA_FERIA_2014_Acustica_06-500x280.jpg 500w, https:\/\/www.acusticauach.cl\/wp-content\/uploads\/2014\/09\/EXPLORA_FERIA_2014_Acustica_06.jpg 600w\" sizes=\"(max-width: 400px) 100vw, 400px\" \/><\/a>En el stand de AcusticaUACh colaboraron profesores del Instituto de Ac\u00fastica y Felipe Figueroa, estudiante de Magister en Ac\u00fastica y Vibraciones (en la fotograf\u00eda).<\/p>\n<p>La feria se realiza en forma paralela al XI Congreso Escolar de Ciencia y tecnolog\u00eda Explora CONICYT Regi\u00f3n de Los R\u00edos, actividad que contempla la exposici\u00f3n de investigaciones realizadas por estudiantes durante el a\u00f1o 2014.<\/p>\n<p>&nbsp;<\/p>\n<p><a href=\"https:\/\/www.facebook.com\/media\/set\/?set=a.629563987156403.1073741826.100003084216998&amp;type=1&amp;l=1cdb29e9ea\" target=\"_blank\" rel=\"noopener noreferrer\"><img decoding=\"async\" class=\"alignnone wp-image-268 size-full\" src=\"https:\/\/www.acusticauach.cl\/wp-content\/uploads\/2012\/08\/FBch.jpg\" alt=\"Facebook AcusticaUACh\" width=\"41\" height=\"41\" \/><\/a>\u00a0<a href=\"https:\/\/www.facebook.com\/media\/set\/?set=a.629563987156403.1073741826.100003084216998&amp;type=1&amp;l=1cdb29e9ea\" target=\"_blank\" rel=\"noopener noreferrer\"><strong>Ver galer\u00eda de fotos en Facebook<\/strong><\/a><\/p>\n<p>Ver m\u00e1s: <a href=\"http:\/\/www.explora.cl\/rios\/noticias-rios\/2688-comenzo-el-congreso-regional-explora-2014\" target=\"_blank\" rel=\"noopener noreferrer\">http:\/\/www.explora.cl\/rios\/noticias-rios\/2688-comenzo-el-congreso-regional-explora-2014<\/a><\/p>\n","protected":false},"excerpt":{"rendered":"<p>Mapas de ruido y percepci\u00f3n sonora son las \u00e1reas de investigaci\u00f3n en las que podr\u00e1n indagar estudiantes de diferentes establecimientos educacionales de la Regi\u00f3n de Los R\u00edos. Escrita por Prensa FCI Durante tres d\u00edas (24, 25 y 26) en el Centro de Ferias del Parque Saval, Ingenier\u00eda Civil Ac\u00fastica est\u00e1 participando de la actividad: \u201cCaminos [&hellip;]<\/p>\n","protected":false},"author":2,"featured_media":4541,"comment_status":"closed","ping_status":"closed","sticky":false,"template":"","format":"standard","meta":{"footnotes":""},"categories":[909],"tags":[161,37,251,16,252,73],"class_list":["post-4531","post","type-post","status-publish","format-standard","has-post-thumbnail","hentry","category-vinculacion","tag-colegio","tag-estudiantes","tag-explora","tag-feria","tag-stand","tag-suarez"],"_links":{"self":[{"href":"https:\/\/www.acusticauach.cl\/index.php?rest_route=\/wp\/v2\/posts\/4531","targetHints":{"allow":["GET"]}}],"collection":[{"href":"https:\/\/www.acusticauach.cl\/index.php?rest_route=\/wp\/v2\/posts"}],"about":[{"href":"https:\/\/www.acusticauach.cl\/index.php?rest_route=\/wp\/v2\/types\/post"}],"author":[{"embeddable":true,"href":"https:\/\/www.acusticauach.cl\/index.php?rest_route=\/wp\/v2\/users\/2"}],"replies":[{"embeddable":true,"href":"https:\/\/www.acusticauach.cl\/index.php?rest_route=%2Fwp%2Fv2%2Fcomments&post=4531"}],"version-history":[{"count":0,"href":"https:\/\/www.acusticauach.cl\/index.php?rest_route=\/wp\/v2\/posts\/4531\/revisions"}],"wp:featuredmedia":[{"embeddable":true,"href":"https:\/\/www.acusticauach.cl\/index.php?rest_route=\/wp\/v2\/media\/4541"}],"wp:attachment":[{"href":"https:\/\/www.acusticauach.cl\/index.php?rest_route=%2Fwp%2Fv2%2Fmedia&parent=4531"}],"wp:term":[{"taxonomy":"category","embeddable":true,"href":"https:\/\/www.acusticauach.cl\/index.php?rest_route=%2Fwp%2Fv2%2Fcategories&post=4531"},{"taxonomy":"post_tag","embeddable":true,"href":"https:\/\/www.acusticauach.cl\/index.php?rest_route=%2Fwp%2Fv2%2Ftags&post=4531"}],"curies":[{"name":"wp","href":"https:\/\/api.w.org\/{rel}","templated":true}]}}