{"id":4240,"date":"2014-08-06T22:53:54","date_gmt":"2014-08-07T02:53:54","guid":{"rendered":"http:\/\/www.acusticauach.cl\/?p=4240"},"modified":"2014-08-16T23:27:32","modified_gmt":"2014-08-17T03:27:32","slug":"diario-austral-orquesta-cifan-celebra-el-vinculo-con-jeff-moore-y-graba-tres-de-sus-obras","status":"publish","type":"post","link":"https:\/\/www.acusticauach.cl\/?p=4240","title":{"rendered":"Diario Austral: Orquesta Cifan celebra el v\u00ednculo con Jeff Moore y graba tres de sus obras"},"content":{"rendered":"<p>Espect\u00e1culos del Diario Austral:Orquesta Cifan celebra el v\u00ednculo con Jeff Moore y graba tres de sus obras \u2013 Mi\u00e9rcoles 06 de agosto de 2014.<br \/>\nSe hace referencia al trabajo realizado por el acad\u00e9mico Jorge C\u00e1rdenas del Instituto de Ac\u00fastica de la Universidad Austral de Chile:<\/p>\n<blockquote><p>Registro fue coordinado por Jorge C\u00e1rdenas, acad\u00e9mico del Instituto de Ac\u00fastica de la Universidad Austral de Chile. \u201cUsamos una t\u00e9cnica de microfon\u00eda abierta y una Doomie Head que permite captar el sonido como lo hacen los espectadores de un concierto. Luego mezclamos todo(&#8230;) En el escenario los micr\u00f3fonos registran a la orquesta y tambi\u00e9n por secciones. Igual la obra est\u00e1 tomada completa y por partes, para despu\u00e9s corregir lo que pueda sonar mal\u201d, explica C\u00e1rdenas. En el proceso, el profesional cont\u00f3 con la asistencia de Adolfo Salinas, estudiante de Ingenier\u00eda Civil Ac\u00fastica UACh. Tras la grabaci\u00f3n Jorge C\u00e1rdenas se encargar\u00e1 del proceso de postproducci\u00f3n.<\/p><\/blockquote>\n<p><a href=\"http:\/\/www.australvaldivia.cl\/impresa\/2014\/08\/06\/full\/25\/\" target=\"_blank\">Ver apartado en p\u00e1gina web del Diario Austral<\/a><br \/>\n<a href=\"https:\/\/www.acusticauach.cl\/wp-content\/uploads\/2014\/08\/06_08_14_pag_25-1440.jpg\" target=\"_blank\">Ver doc. en jpg<\/a><\/p>\n","protected":false},"excerpt":{"rendered":"<p>Espect\u00e1culos del Diario Austral:Orquesta Cifan celebra el v\u00ednculo con Jeff Moore y graba tres de sus obras \u2013 Mi\u00e9rcoles 06 de agosto de 2014. Se hace referencia al trabajo realizado por el acad\u00e9mico Jorge C\u00e1rdenas del Instituto de Ac\u00fastica de la Universidad Austral de Chile: Registro fue coordinado por Jorge C\u00e1rdenas, acad\u00e9mico del Instituto de [&hellip;]<\/p>\n","protected":false},"author":2,"featured_media":4241,"comment_status":"closed","ping_status":"closed","sticky":false,"template":"","format":"standard","meta":{"footnotes":""},"categories":[102],"tags":[192,37,244,243],"class_list":["post-4240","post","type-post","status-publish","format-standard","has-post-thumbnail","hentry","category-acusticauach_medios","tag-cardenas","tag-estudiantes","tag-grabacion","tag-orquesta"],"_links":{"self":[{"href":"https:\/\/www.acusticauach.cl\/index.php?rest_route=\/wp\/v2\/posts\/4240","targetHints":{"allow":["GET"]}}],"collection":[{"href":"https:\/\/www.acusticauach.cl\/index.php?rest_route=\/wp\/v2\/posts"}],"about":[{"href":"https:\/\/www.acusticauach.cl\/index.php?rest_route=\/wp\/v2\/types\/post"}],"author":[{"embeddable":true,"href":"https:\/\/www.acusticauach.cl\/index.php?rest_route=\/wp\/v2\/users\/2"}],"replies":[{"embeddable":true,"href":"https:\/\/www.acusticauach.cl\/index.php?rest_route=%2Fwp%2Fv2%2Fcomments&post=4240"}],"version-history":[{"count":0,"href":"https:\/\/www.acusticauach.cl\/index.php?rest_route=\/wp\/v2\/posts\/4240\/revisions"}],"wp:featuredmedia":[{"embeddable":true,"href":"https:\/\/www.acusticauach.cl\/index.php?rest_route=\/wp\/v2\/media\/4241"}],"wp:attachment":[{"href":"https:\/\/www.acusticauach.cl\/index.php?rest_route=%2Fwp%2Fv2%2Fmedia&parent=4240"}],"wp:term":[{"taxonomy":"category","embeddable":true,"href":"https:\/\/www.acusticauach.cl\/index.php?rest_route=%2Fwp%2Fv2%2Fcategories&post=4240"},{"taxonomy":"post_tag","embeddable":true,"href":"https:\/\/www.acusticauach.cl\/index.php?rest_route=%2Fwp%2Fv2%2Ftags&post=4240"}],"curies":[{"name":"wp","href":"https:\/\/api.w.org\/{rel}","templated":true}]}}