{"id":4026,"date":"2014-04-30T10:25:38","date_gmt":"2014-04-30T14:25:38","guid":{"rendered":"http:\/\/www.acusticauach.cl\/?p=4026"},"modified":"2022-05-25T13:48:57","modified_gmt":"2022-05-25T17:48:57","slug":"lanzan-mapa-de-valdivia-que-muestra-distribucion-del-ruido-vehicular","status":"publish","type":"post","link":"https:\/\/www.acusticauach.cl\/?p=4026","title":{"rendered":"Lanzan mapa de Valdivia que muestra distribuci\u00f3n del ruido vehicular"},"content":{"rendered":"<h2>El mapa fue elaborado por Ac\u00fastica UACh por mandato del Ministerio de Medio Ambiente y ya se encuentra disponible en <a href=\"https:\/\/ruido.mma.gob.cl\/\" target=\"_blank\" rel=\"noopener noreferrer\">https:\/\/ruido.mma.gob.cl\/<\/a>.<\/h2>\n<pre>Escrito por: Neus Colomes A - Periodista Fc. Ciencias de la Ingenier\u00eda Email: prensafci@uach.cl\nFotos: Alejandro Sotomayor Pino - Fot\u00f3grafo Relaciones P\u00fablicas UACh Email: fotorectoria@uach.cl<\/pre>\n<p>Desde 1996, el \u00faltimo mi\u00e9rcoles de abril se celebra el D\u00eda Internacional de Concientizaci\u00f3n sobre el Ruido, con el prop\u00f3sito de promover el cuidado del ambiente ac\u00fastico, la conservaci\u00f3n de la audici\u00f3n y la concientizaci\u00f3n sobre las molestias y da\u00f1os que generan los ruidos, adem\u00e1s de educar sobre las medidas para evitar da\u00f1os en la salud integral.<\/p>\n<p>En Valdivia, la Seremi de Medio Ambiente organiz\u00f3 con la colaboraci\u00f3n del Instituto de Ac\u00fastica de la Universidad Austral de Chile, una actividad conmemorativa donde fue lanzado oficialmente el mapa de ruido de la ciudad, el que fue elaborado por el Instituto de Ac\u00fastica UACh por mandato del Ministerio de Medio Ambiente.<\/p>\n<p>En la actividad, que se desarroll\u00f3 en el Paseo Libertad de la ciudad, a un costado de la Catedral, participaron la Seremi de Medio Ambiente, Sra. Carla Pe\u00f1a, el Sr. Francisco Acu\u00f1a, Jefe del Departamento de Medio Ambiente de la Municipalidad de Valdivia, el asesor ambiental del Servicio Nacional de Evaluaci\u00f3n Ambiental, Los R\u00edos, Felipe Zapata y el Director de la Carrera de Ac\u00fastica de la UACh y del proyecto a cargo de la elaboraci\u00f3n de los mapas, Dr. Enrique Suarez. Adem\u00e1s, estuvieron presentes acad\u00e9micos del Instituto de Ac\u00fastica UACh, estudiantes universitarios y escolares.<\/p>\n<p>En la oportunidad, se realizaron mediciones del ruido con son\u00f3metros y adem\u00e1s se expuso el mapa de ruido de Valdivia, el cual fue entregado oficialmente a la Seremi del Medio Ambiente. Esta modelaci\u00f3n, es parte del estudio que est\u00e1 realizando la UACh por mandato del Ministerio de Medio Ambiente y que corresponde a la modelaci\u00f3n de 3 ciudades regionales, correspondientes a: Temuco-Padre las Casas, Gran Coquimbo y Valdivia. Por otra parte, hay que destacar que Santiago ya tiene un mapa de ruido, que fue desarrollado por acad\u00e9micos de la carrera de Ingenier\u00eda Civil Ac\u00fastica UACh tambi\u00e9n por mandato del Ministerio.<\/p>\n<p><a href=\"https:\/\/www.acusticauach.cl\/wp-content\/uploads\/2014\/04\/AS_140429_2477.jpg\"><img decoding=\"async\" class=\"alignright  wp-image-4029\" src=\"https:\/\/www.acusticauach.cl\/wp-content\/uploads\/2014\/04\/AS_140429_2477.jpg\" alt=\"AS_140429_2477\" width=\"360\" height=\"203\" srcset=\"https:\/\/www.acusticauach.cl\/wp-content\/uploads\/2014\/04\/AS_140429_2477.jpg 1000w, https:\/\/www.acusticauach.cl\/wp-content\/uploads\/2014\/04\/AS_140429_2477-300x168.jpg 300w, https:\/\/www.acusticauach.cl\/wp-content\/uploads\/2014\/04\/AS_140429_2477-700x394.jpg 700w, https:\/\/www.acusticauach.cl\/wp-content\/uploads\/2014\/04\/AS_140429_2477-500x281.jpg 500w\" sizes=\"(max-width: 360px) 100vw, 360px\" \/><\/a>La Seremi de Medio Ambiente, Carla Pe\u00f1a, se refiri\u00f3 a la importancia de este evento afirmando que este lanzamiento es muy importante, ya que es una radiograf\u00eda de c\u00f3mo esta Valdivia en el tema del ruido. As\u00ed tambi\u00e9n destac\u00f3 que este es el segundo mapa que tiene nuestro pa\u00eds, \u201cel primer mapa de ruido est\u00e1 en la Regi\u00f3n Metropolitana y el segundo est\u00e1 en nuestra comuna de Valdivia, por lo tanto es un hecho relevante que este segundo mapa se est\u00e1 dando a conocer en el d\u00eda internacional del ruido\u201d, dijo.<\/p>\n<p>As\u00ed tambi\u00e9n destac\u00f3 el trabajo de la UACh \u201cel aporte que est\u00e1 haciendo la universidad con la carrera de ac\u00fastica, que es una de las m\u00e1s reconocidas en Latinoam\u00e9rica por todo el trabajo que se ha realizado durante d\u00e9cadas, realmente para nosotros como Serem\u00eda y Ministerio tiene un significado importante, ya que la construcci\u00f3n de este tipo de mapas nos ayuda a generar conciencia de este contaminante\u201d agreg\u00f3.<\/p>\n<p>Por otra parte, el Jefe del Departamento del Medio Ambiente, Francisco Acu\u00f1a cont\u00f3 sobre la importancia de este mapa para la comuna. \u201cEs importante conocer la realidad comunal respecto a los ruidos, es importante tener esta herramienta. En ese sentido, destaco el esfuerzo del Ministerio del Ambiente, trav\u00e9s de la Seremi del Medio Ambiente y la UACh con que su equipo t\u00e9cnico que realiz\u00f3 las mediciones in situ, con lo cual podemos tener este mapa para considerar futuras planificaciones territoriales\u201d.<\/p>\n<p>El evaluador ambiental del Servicio Nacional de Evaluaci\u00f3n Ambiental, Los R\u00edos, Felipe Zapata agreg\u00f3 que \u201cEs una herramienta importante sobre todo para la ley de evaluaci\u00f3n ambiental, los impactos que puede causar sobre la salud de las personas y medio ambiente en general. Es una herramienta externalizada que nos permite tomar decisiones y evaluar proyectos\u201d.<\/p>\n<h2>Valdivia, el ruido en colores<\/h2>\n<p>El Director de la Carrera de Ac\u00fastica UACh y Director del Proyecto, Dr. Enrique Suarez, explic\u00f3 que los mapas de ruido son representaciones gr\u00e1ficas, sobre un plano, de los niveles de ruido existentes en una determinada \u00e1rea geogr\u00e1fica (ciudad, comuna, etc.) para un momento determinado. Los niveles de ruido son representados por medio de colores de manera similar a las curvas topogr\u00e1ficas en un mapa y se generan en dos horarios, un mapa diurno y uno nocturno.<\/p>\n<p>\u201cSe elaboran por medio de modelaci\u00f3n con un software espec\u00edfico, a partir del conocimiento avanzado de las caracter\u00edsticas de emisi\u00f3n y propagaci\u00f3n del ruido. As\u00ed se ingresa informaci\u00f3n de la cartograf\u00eda, las calles, se caracteriza a tr\u00e1nsito vehicular, que es la raz\u00f3n por la cual est\u00e1n realizados estos mapas, y despu\u00e9s se hace una comprobaci\u00f3n con son\u00f3metros, para verificar que la modelaci\u00f3n que se ha realizado corresponda a la realidad\u201d.<\/p>\n<p>\u201cEl mapa de Valdivia se realiz\u00f3 con 200 mediciones ac\u00fasticas, y m\u00e1s de 400 datos de flujo vehicular en distintos horarios y se hizo la comprobaci\u00f3n en distintos per\u00edodos del d\u00eda.\u00a0Adem\u00e1s, se instalaron cinco estaciones de medici\u00f3n continua durante una semana en distintos puntos de la ciudad, para verificar los datos de la modelaci\u00f3n. Este trabajo es m\u00e1s detallado que el que realizamos en el gran Santiago, por la escala de trabajo\u201d, dijo el acad\u00e9mico.<\/p>\n<p><a href=\"https:\/\/www.acusticauach.cl\/wp-content\/uploads\/2014\/04\/AS_140429_2493.jpg\"><img decoding=\"async\" class=\" wp-image-4031 alignleft\" src=\"https:\/\/www.acusticauach.cl\/wp-content\/uploads\/2014\/04\/AS_140429_2493.jpg\" alt=\"AS_140429_2493\" width=\"360\" height=\"203\" srcset=\"https:\/\/www.acusticauach.cl\/wp-content\/uploads\/2014\/04\/AS_140429_2493.jpg 1000w, https:\/\/www.acusticauach.cl\/wp-content\/uploads\/2014\/04\/AS_140429_2493-300x168.jpg 300w, https:\/\/www.acusticauach.cl\/wp-content\/uploads\/2014\/04\/AS_140429_2493-700x394.jpg 700w, https:\/\/www.acusticauach.cl\/wp-content\/uploads\/2014\/04\/AS_140429_2493-500x281.jpg 500w\" sizes=\"(max-width: 360px) 100vw, 360px\" \/><\/a>Respecto a las conclusiones sobre el ruido ambiental que se pueden obtener gracias a este mapa el Dr. Suarez explic\u00f3 que \u201cTodas las ciudades tienen su punto de mayor ruido ambiental, en las v\u00edas que son m\u00e1s transitadas sobre todo con locomoci\u00f3n colectiva entonces calles, como Picarte, Arauco y Chacabuco, son las que tienen mayor nivel de ruido. Ahora, respecto a las recomendaciones internacionales, en las v\u00edas principales estamos sobre ellas pero es lo que habitualmente hay en una ciudad\u201d.<\/p>\n<p>\u201cLo importante es que esta es una informaci\u00f3n nueva, de calidad, que va a permitir incorporar este aspecto ambiental en la planificaci\u00f3n territorial\u201d concluy\u00f3 el director del proyecto.<\/p>\n<p>Por otra parte, hay que destacar que la Universidad Austral de Chile tiene cuatro de los cinco proyectos que el Ministerio de Medio Ambiente ha hecho para generar informaci\u00f3n ambiental nueva. \u201cEste es el cuarto que generamos como carrera, lo que para nosotros es un reconocimiento que la expertis sobre ac\u00fastica ambiental y de ruido est\u00e1 en la UACh\u201d, agreg\u00f3 el Dr. Suarez.<\/p>\n<h2>Mapas de ruido<\/h2>\n<p>El a\u00f1o 2008 se crea la l\u00ednea de trabajo Mapas de Ruido de Ciudades, que permite diagnosticar la situaci\u00f3n existente en las ciudades del pa\u00eds. Actualmente, se cuenta con los mapas de ruido del Gran Santiago dado a conocer el a\u00f1o 2012 y realizado tambi\u00e9n por la Universidad Austral de Chile y el de la comuna de Valdivia que acaba de ser lanzado. Ambos mapas est\u00e1n a disposici\u00f3n de la ciudadan\u00eda a trav\u00e9s de <a href=\"https:\/\/ruido.mma.gob.cl\/\" target=\"_blank\" rel=\"noopener noreferrer\">https:\/\/ruido.mma.gob.cl\/<\/a><\/p>\n<p>Durante el presente a\u00f1o Ac\u00fastica UACh entregar\u00e1 los mapas de Temuco-Padre Las Casas en el mes de junio y para abril de 2015 se sumar\u00e1 La Serena-Coquimbo.<\/p>\n<p><a href=\"https:\/\/www.acusticauach.cl\/wp-content\/uploads\/2014\/04\/AS_140429_2457.jpg\"><img decoding=\"async\" class=\" wp-image-4032 alignright\" src=\"https:\/\/www.acusticauach.cl\/wp-content\/uploads\/2014\/04\/AS_140429_2457.jpg\" alt=\"AS_140429_2457\" width=\"360\" height=\"203\" srcset=\"https:\/\/www.acusticauach.cl\/wp-content\/uploads\/2014\/04\/AS_140429_2457.jpg 1000w, https:\/\/www.acusticauach.cl\/wp-content\/uploads\/2014\/04\/AS_140429_2457-300x168.jpg 300w, https:\/\/www.acusticauach.cl\/wp-content\/uploads\/2014\/04\/AS_140429_2457-700x394.jpg 700w, https:\/\/www.acusticauach.cl\/wp-content\/uploads\/2014\/04\/AS_140429_2457-500x281.jpg 500w\" sizes=\"(max-width: 360px) 100vw, 360px\" \/><\/a>Para entender los resultados que entregan estos mapas, hay que saber que al no haber normativas hay que basarse en las recomendaciones de la OCDE, que establece como valores m\u00e1ximos de niveles de ruido promedio 65 dBA para el d\u00eda y 55 dBA para la noche. Considerando s\u00f3lo el periodo diurno, para el Gran Santiago aproximadamente el 83% de la superficie se encuentra en un nivel aceptable (bajo 65 dBA), mientras que para Valdivia corresponde a un 90%.<\/p>\n<p>Las regulaciones ambientales, se encuentran en la fase final de la elaboraci\u00f3n de la Norma de Emisi\u00f3n de Ruido para veh\u00edculos livianos, medianos y motocicletas (este tipo de veh\u00edculos corresponden al 93% del total de veh\u00edculos en circulaci\u00f3n en el pa\u00eds). Dicha norma establecer\u00e1 niveles m\u00e1ximos de emisi\u00f3n de ruido para los veh\u00edculos nuevos que ingresen al pa\u00eds. Adicionalmente, y durante su vida \u00fatil, se someter\u00e1n a ensayos en las plantas de revisi\u00f3n t\u00e9cnica, de modo de asegurar que no se vuelvan ruidosos. Esto ya se aplica en los buses de locomoci\u00f3n colectiva, desde el a\u00f1o 2003 para todo el pa\u00eds. En este sentido, es pertinente destacar que durante este a\u00f1o se comenzar\u00e1 con la revisi\u00f3n de la norma de emisi\u00f3n de ruido para buses de locomoci\u00f3n colectiva, de modo de incorporar en las exigencias, las nuevas tecnolog\u00edas disponibles.<\/p>\n<p>\u201cLa importancia de regular a las fuentes m\u00f3viles radica en lo masiva presencia de ellas en la ciudad. Cabe se\u00f1alar que a nivel internacional, se reconoce que el transporte es responsable en m\u00e1s del 70% del ruido existente en una ciudad, aunque hay estudios en Espa\u00f1a que muestran que a veces es m\u00e1s del 85%\u201d, explic\u00f3 el Dr. Suarez.<\/p>\n<p>El pr\u00f3ximo 12 de junio entrar\u00e1 en vigencia el D.S. N\u00b0 38\/11 del MMA que deroga y reemplaza la norma de emisi\u00f3n de ruidos molestos generados por fuentes fijas, el 146\/97 del MINSEGPRES. Uno de los cambios m\u00e1s importantes corresponde a una baja de los l\u00edmites nocturnos y se incorporan mejoras respecto a la calidad del instrumental, entre otros. Para el SEIA esta norma aplica desde el 13 de junio de 2012.<\/p>\n<h2>El contaminante m\u00e1s denunciado ante la SMA el 2013<\/h2>\n<p>El ruido fue el contaminante m\u00e1s denunciado durante el a\u00f1o pasado, lo que puede responder a una serie de variables, en primer lugar una comunidad empoderada de conciencia ambiental y sensibilidad frente al tema. Tambi\u00e9n se explica porque el ruido es el contaminante m\u00e1s com\u00fan y f\u00e1cil de generar. Por otro lado, la f\u00e1cil identificaci\u00f3n del responsable de la fuente emisora de ruido, facilita el proceso de denuncia. \u201cActualmente buscamos mejorar la fiscalizaci\u00f3n de este elevado porcentaje de denuncias, donde las entidades de fiscalizaci\u00f3n ambiental nos permitir\u00e1n avanzar en esta materia\u201d, dijo a Seremi.<\/p>\n<h2>Aplicaci\u00f3n M\u00f3vil para medir el ruido Vehicular<\/h2>\n<p>Para tener una estimaci\u00f3n del ruido que afecta su casa o su barrio, puede utilizar una aplicaci\u00f3n gratuita para m\u00f3viles de Acustica UACh. Es un peque\u00f1o programa educativo que calcula el ruido a partir del flujo vehicular. No reemplaza una medici\u00f3n, pero entregar\u00e1 una buena aproximaci\u00f3n al problema. Tambi\u00e9n ofrece orientaci\u00f3n sobre el aislamiento ac\u00fastico necesario en una vivienda, seg\u00fan el ruido al que est\u00e1 expuesta.<\/p>\n<p><a href=\"https:\/\/www.acusticauach.cl\/?page_id=2246\">M\u00e1s informaci\u00f3n de la aplicaci\u00f3n aqu\u00ed<\/a><\/p>\n","protected":false},"excerpt":{"rendered":"<p>El mapa fue elaborado por Ac\u00fastica UACh por mandato del Ministerio de Medio Ambiente y ya se encuentra disponible en https:\/\/ruido.mma.gob.cl\/. Escrito por: Neus Colomes A &#8211; Periodista Fc. Ciencias de la Ingenier\u00eda Email: prensafci@uach.cl Fotos: Alejandro Sotomayor Pino &#8211; Fot\u00f3grafo Relaciones P\u00fablicas UACh Email: fotorectoria@uach.cl Desde 1996, el \u00faltimo mi\u00e9rcoles de abril se celebra [&hellip;]<\/p>\n","protected":false},"author":2,"featured_media":4027,"comment_status":"closed","ping_status":"closed","sticky":false,"template":"","format":"standard","meta":{"footnotes":""},"categories":[908],"tags":[17,35,34,73,22],"class_list":["post-4026","post","type-post","status-publish","format-standard","has-post-thumbnail","hentry","category-investigacion","tag-mapa-de-ruido","tag-medio-ambiente","tag-ministerio","tag-suarez","tag-valdivia"],"_links":{"self":[{"href":"https:\/\/www.acusticauach.cl\/index.php?rest_route=\/wp\/v2\/posts\/4026","targetHints":{"allow":["GET"]}}],"collection":[{"href":"https:\/\/www.acusticauach.cl\/index.php?rest_route=\/wp\/v2\/posts"}],"about":[{"href":"https:\/\/www.acusticauach.cl\/index.php?rest_route=\/wp\/v2\/types\/post"}],"author":[{"embeddable":true,"href":"https:\/\/www.acusticauach.cl\/index.php?rest_route=\/wp\/v2\/users\/2"}],"replies":[{"embeddable":true,"href":"https:\/\/www.acusticauach.cl\/index.php?rest_route=%2Fwp%2Fv2%2Fcomments&post=4026"}],"version-history":[{"count":0,"href":"https:\/\/www.acusticauach.cl\/index.php?rest_route=\/wp\/v2\/posts\/4026\/revisions"}],"wp:featuredmedia":[{"embeddable":true,"href":"https:\/\/www.acusticauach.cl\/index.php?rest_route=\/wp\/v2\/media\/4027"}],"wp:attachment":[{"href":"https:\/\/www.acusticauach.cl\/index.php?rest_route=%2Fwp%2Fv2%2Fmedia&parent=4026"}],"wp:term":[{"taxonomy":"category","embeddable":true,"href":"https:\/\/www.acusticauach.cl\/index.php?rest_route=%2Fwp%2Fv2%2Fcategories&post=4026"},{"taxonomy":"post_tag","embeddable":true,"href":"https:\/\/www.acusticauach.cl\/index.php?rest_route=%2Fwp%2Fv2%2Ftags&post=4026"}],"curies":[{"name":"wp","href":"https:\/\/api.w.org\/{rel}","templated":true}]}}