{"id":3814,"date":"2013-12-19T13:05:52","date_gmt":"2013-12-19T16:05:52","guid":{"rendered":"http:\/\/www.acusticauach.cl\/?p=3814"},"modified":"2019-10-27T19:41:49","modified_gmt":"2019-10-27T22:41:49","slug":"online-charla-informativa-sobre-ing-civil-acustica-2","status":"publish","type":"post","link":"https:\/\/www.acusticauach.cl\/?p=3814","title":{"rendered":"OnLine: Charla Informativa sobre Ing. Civil Ac\u00fastica"},"content":{"rendered":"<h2>El Director de la Carrera de Ing. Civil Ac\u00fastica dar\u00e1 charla informativa sobre la carrera<\/h2>\n<p>El Viernes 20 de diciembre, 16:00 hrs, v\u00eda TVAustral (<a href=\"http:\/\/tvaustral.uach.cl\/\" target=\"_blank\" rel=\"noopener noreferrer\">http:\/\/tvaustral.uach.cl\/<\/a>) se transmitir\u00e1 OnLine desde la UACh una presentaci\u00f3n de la carrera Ing. Civil Ac\u00fastica. El Dr. Enrique Su\u00e1rez explicar\u00e1, entre otros aspectos, el plan de estudios y campo laboral de la carrera.<\/p>\n<p>Se podr\u00e1n realizar consultas a trav\u00e9s del Facebook de la carrera (<a href=\"http:\/\/www.facebook.com\/acusticauach\" target=\"_blank\" rel=\"noopener noreferrer\">http:\/\/www.facebook.com\/acusticauach<\/a>), o bien al correo electr\u00f3nico enriquesuarez@uach.cl<\/p>\n<p>La idea es generar un espacio para conversar acerca de la carrera en Valdivia.<\/p>\n<p>Aqu\u00ed puedes ver la transimi\u00f3n:<\/p>\n<p><iframe style=\"border: 0px; padding: 0px; margin: 0px;\" src=\"http:\/\/videoteca.uach.cl\/videos\/video\/338\/embed\/?access_token=shr00000003383285290636057851284404989903572\" height=\"343\" width=\"562\" allowfullscreen=\"\" frameborder=\"0\" scrolling=\"no\"><\/iframe><\/p>\n","protected":false},"excerpt":{"rendered":"<p>El Director de la Carrera de Ing. Civil Ac\u00fastica dar\u00e1 charla informativa sobre la carrera El Viernes 20 de diciembre, 16:00 hrs, v\u00eda TVAustral (http:\/\/tvaustral.uach.cl\/) se transmitir\u00e1 OnLine desde la UACh una presentaci\u00f3n de la carrera Ing. Civil Ac\u00fastica. El Dr. Enrique Su\u00e1rez explicar\u00e1, entre otros aspectos, el plan de estudios y campo laboral de [&hellip;]<\/p>\n","protected":false},"author":2,"featured_media":3815,"comment_status":"closed","ping_status":"closed","sticky":false,"template":"","format":"standard","meta":{"footnotes":""},"categories":[909],"tags":[113,29,84,220,73],"class_list":["post-3814","post","type-post","status-publish","format-standard","has-post-thumbnail","hentry","category-vinculacion","tag-acustica","tag-carrera","tag-charla","tag-online","tag-suarez"],"_links":{"self":[{"href":"https:\/\/www.acusticauach.cl\/index.php?rest_route=\/wp\/v2\/posts\/3814","targetHints":{"allow":["GET"]}}],"collection":[{"href":"https:\/\/www.acusticauach.cl\/index.php?rest_route=\/wp\/v2\/posts"}],"about":[{"href":"https:\/\/www.acusticauach.cl\/index.php?rest_route=\/wp\/v2\/types\/post"}],"author":[{"embeddable":true,"href":"https:\/\/www.acusticauach.cl\/index.php?rest_route=\/wp\/v2\/users\/2"}],"replies":[{"embeddable":true,"href":"https:\/\/www.acusticauach.cl\/index.php?rest_route=%2Fwp%2Fv2%2Fcomments&post=3814"}],"version-history":[{"count":0,"href":"https:\/\/www.acusticauach.cl\/index.php?rest_route=\/wp\/v2\/posts\/3814\/revisions"}],"wp:featuredmedia":[{"embeddable":true,"href":"https:\/\/www.acusticauach.cl\/index.php?rest_route=\/wp\/v2\/media\/3815"}],"wp:attachment":[{"href":"https:\/\/www.acusticauach.cl\/index.php?rest_route=%2Fwp%2Fv2%2Fmedia&parent=3814"}],"wp:term":[{"taxonomy":"category","embeddable":true,"href":"https:\/\/www.acusticauach.cl\/index.php?rest_route=%2Fwp%2Fv2%2Fcategories&post=3814"},{"taxonomy":"post_tag","embeddable":true,"href":"https:\/\/www.acusticauach.cl\/index.php?rest_route=%2Fwp%2Fv2%2Ftags&post=3814"}],"curies":[{"name":"wp","href":"https:\/\/api.w.org\/{rel}","templated":true}]}}