{"id":3748,"date":"2013-12-09T20:17:38","date_gmt":"2013-12-09T23:17:38","guid":{"rendered":"http:\/\/www.acusticauach.cl\/?p=3748"},"modified":"2019-10-27T19:42:56","modified_gmt":"2019-10-27T22:42:56","slug":"destacada-conferencia-sobre-ruido-impulsivo","status":"publish","type":"post","link":"https:\/\/www.acusticauach.cl\/?p=3748","title":{"rendered":"Sobresaliente conferencia sobre ruido impulsivo"},"content":{"rendered":"<h2>La charla la dictar\u00e1 el\u00a0Dr. Felipe Vergara, profesor de\u00a0Universidad Federal de Santa Catarina, Brasil<\/h2>\n<p>En una visita acad\u00e9mica para estrechar lazos entre la UFSC y la UACh en el \u00e1rea de ac\u00fastica y vibraciones, el Dr. Vergara ofrecer\u00e1 la\u00a0charla <strong>\u00abExposici\u00f3n y protecci\u00f3n al ruido impulsivo de gran intensidad y corta duraci\u00f3n\u00bb este\u00a0\u00a0jueves 12 de diciembre, 12:00 hrs. Auditorium Pabell\u00f3n Docente Facultad de Ciencias de la Ingenier\u00eda. <\/strong>La conferencia se transmitir\u00e1 en vivo v\u00eda\u00a0<a href=\"http:\/\/tvaustral.uach.cl\/\" target=\"_blank\" rel=\"noopener noreferrer\">TV Austral<\/a> (<a href=\"http:\/\/tvaustral.uach.cl\/\" target=\"_blank\" rel=\"noopener noreferrer\">http:\/\/tvaustral.uach.cl\/<\/a>)<\/p>\n<p>Adem\u00e1s, el viernes 13 de diciembre, 12:00 hrs. en la misma sala expondr\u00e1 sobre el <strong>\u00abDesarrollo de actividades t\u00e9cnico-cientificas de pr\u00e9-grado y post-grado en la Universidad Federal de Santa Catarina, Brasil\u00bb<\/strong><\/p>\n<p>El Dr. Felipe Vergara es Ingeniero Ac\u00fastico de la Universidad Austral de Chile (1995). Posee un Mag\u00edster (1999) y Doctorado (2003) en Ac\u00fastica y Vibraciones por la Universidad Federal de Santa Catarina (UFSC). Fue profesor de la Universidad Federal de Santa Mar\u00eda en Brasil y desde 2012 trabaja como profesor del Departamento de Ingenier\u00eda Mec\u00e1nica de la UFSC y del Programa de Postgrado en Ingenier\u00eda Mec\u00e1nica (PosMEC) de la UFSC Ingenier\u00eda y Mec\u00e1nica. Ha desarrollado investigaci\u00f3n y varias publicaciones cient\u00edficas sobre la calidad sonora de ambientes, la evaluaci\u00f3n de la exposici\u00f3n al ruido industrial, el ruido vehicular y ambiental, el control de ruido y vibraciones en los edificios y, en particular, sobre la protecci\u00f3n auditiva y el ruido impulsivo.<\/p>\n<p>==============================================================================<\/p>\n<p><a href=\"https:\/\/videoteca.uach.cl\/videos\/video\/350\/\" target=\"_blank\" rel=\"noopener noreferrer\">La charla est\u00e1 disponible en TVAustral<\/a>:<\/p>\n<p><iframe style=\"border: 0px; padding: 0px;\" src=\"http:\/\/videoteca.uach.cl\/videos\/video\/350\/embed\/?access_token=shr00000003504266722680232470984133341326017\" height=\"343\" width=\"562\" allowfullscreen=\"\" frameborder=\"0\" scrolling=\"no\"><\/iframe><\/p>\n","protected":false},"excerpt":{"rendered":"<p>La charla la dictar\u00e1 el\u00a0Dr. Felipe Vergara, profesor de\u00a0Universidad Federal de Santa Catarina, Brasil En una visita acad\u00e9mica para estrechar lazos entre la UFSC y la UACh en el \u00e1rea de ac\u00fastica y vibraciones, el Dr. Vergara ofrecer\u00e1 la\u00a0charla \u00abExposici\u00f3n y protecci\u00f3n al ruido impulsivo de gran intensidad y corta duraci\u00f3n\u00bb este\u00a0\u00a0jueves 12 de diciembre, [&hellip;]<\/p>\n","protected":false},"author":2,"featured_media":3806,"comment_status":"closed","ping_status":"closed","sticky":false,"template":"","format":"standard","meta":{"footnotes":""},"categories":[906],"tags":[47,84,215,32],"class_list":["post-3748","post","type-post","status-publish","format-standard","has-post-thumbnail","hentry","category-pregrado","tag-brasil","tag-charla","tag-impulsivo","tag-ruido"],"_links":{"self":[{"href":"https:\/\/www.acusticauach.cl\/index.php?rest_route=\/wp\/v2\/posts\/3748","targetHints":{"allow":["GET"]}}],"collection":[{"href":"https:\/\/www.acusticauach.cl\/index.php?rest_route=\/wp\/v2\/posts"}],"about":[{"href":"https:\/\/www.acusticauach.cl\/index.php?rest_route=\/wp\/v2\/types\/post"}],"author":[{"embeddable":true,"href":"https:\/\/www.acusticauach.cl\/index.php?rest_route=\/wp\/v2\/users\/2"}],"replies":[{"embeddable":true,"href":"https:\/\/www.acusticauach.cl\/index.php?rest_route=%2Fwp%2Fv2%2Fcomments&post=3748"}],"version-history":[{"count":0,"href":"https:\/\/www.acusticauach.cl\/index.php?rest_route=\/wp\/v2\/posts\/3748\/revisions"}],"wp:featuredmedia":[{"embeddable":true,"href":"https:\/\/www.acusticauach.cl\/index.php?rest_route=\/wp\/v2\/media\/3806"}],"wp:attachment":[{"href":"https:\/\/www.acusticauach.cl\/index.php?rest_route=%2Fwp%2Fv2%2Fmedia&parent=3748"}],"wp:term":[{"taxonomy":"category","embeddable":true,"href":"https:\/\/www.acusticauach.cl\/index.php?rest_route=%2Fwp%2Fv2%2Fcategories&post=3748"},{"taxonomy":"post_tag","embeddable":true,"href":"https:\/\/www.acusticauach.cl\/index.php?rest_route=%2Fwp%2Fv2%2Ftags&post=3748"}],"curies":[{"name":"wp","href":"https:\/\/api.w.org\/{rel}","templated":true}]}}