{"id":3710,"date":"2013-12-02T18:20:43","date_gmt":"2013-12-02T21:20:43","guid":{"rendered":"http:\/\/www.acusticauach.cl\/?p=3710"},"modified":"2019-10-27T19:43:20","modified_gmt":"2019-10-27T22:43:20","slug":"invitan-a-cuarta-exposicion-de-proyectos-acustico","status":"publish","type":"post","link":"https:\/\/www.acusticauach.cl\/?p=3710","title":{"rendered":"Invitan a cuarta exposici\u00f3n de proyectos ac\u00fastico"},"content":{"rendered":"<h2>Propuestas de mejoramiento ac\u00fastico para escuelas municipales, diagn\u00f3sticos sobre el impacto del ruido, elaboraci\u00f3n de materiales ac\u00fasticos a partir de papel reciclado, proyecci\u00f3n del ruido en Valdivia para el a\u00f1o 2023, proyectos sobre sistema de audio binaural, son algunos de los trabajos que estar\u00e1n expuestos en el Campus Miraflores.<\/h2>\n<address>Escrito por: Comunicaciones Fc. Ciencias de la Ingenier\u00eda Email: prensafci@uach.cl<\/address>\n<p>La Carrera de Ingenier\u00eda Civil Ac\u00fastica invita a los estudiantes, profesores y comunidad universitaria a la Cuarta Exposici\u00f3n de Proyectos Ac\u00fasticos, que se realiza desde lunes 2 hasta el viernes 13 de diciembre en el hall del Pabell\u00f3n Docente de la Facultad de Ciencias de la Ingenier\u00eda.<\/p>\n<p>En esta oportunidad se exponen 15 trabajos seleccionados de aquellos realizados el segundo semestre del a\u00f1o 2012 y el primer semestre 2013. Corresponden a proyectos realizados por estudiantes en asignaturas de la carrera Ing. Civil Ac\u00fastica de cuarto y quinto a\u00f1o.<\/p>\n<p>Las tem\u00e1ticas son variadas y corresponden a materias de ejercicio de la profesi\u00f3n: Control de Ruido, Ac\u00fastica Ambiental, Ac\u00fastica Arquitect\u00f3nica, Refuerzo Sonoro, Post-producci\u00f3n de Audio y proyectos audiovisuales, estos \u00faltimos ser\u00e1n expuestos el mi\u00e9rcoles a las 16:00 hrs., en el Audit\u00f3rium del Pabell\u00f3n Docente del Campus Miraflores.<\/p>\n<p>Esta modalidad de estudio corresponde al aprendizaje basado en competencias y metodolog\u00edas activas de ense\u00f1anza. Los estudiantes desarrollan en cada trabajo de un semestre, un proyecto que les conecta con el mundo laboral y las aplicaciones en ingenier\u00eda ac\u00fastica. Cada estudiante debe cursar al menos cuatro proyectos de su inter\u00e9s durante su carrera.<\/p>\n<p>El Acad\u00e9mico del Instituto de Ac\u00fastica, Prof. Roberto Flores, cont\u00f3 que la idea de la exposici\u00f3n es que la comunidad pueda conocer sobre los proyectos que los alumnos desarrollan fuera de la universidad y que tienen un impacto en la comunidad.<\/p>\n<p>As\u00ed, el acad\u00e9mico destac\u00f3 que por ejemplo gracias a un convenio con la Municipalidad de los Lagos, se desarrollaron cuatro proyectos de ac\u00fastica arquitect\u00f3nica, \u201cse realizaron mediciones ac\u00fasticas en escuelas municipales con propuestas mejoramiento para las salas de clases\u201d indic\u00f3.<\/p>\n<p>Tambi\u00e9n en la muestra se podr\u00e1n conocer, estudios del ruido ambiental en empresas as\u00ed como la proyecci\u00f3n del ruido en Valdivia en los pr\u00f3ximos diez a\u00f1os, trabajos sobre audici\u00f3n binaural, (sistema que con la ayuda de cabezas artificiales con micr\u00f3fonos integrados, logran recrear el audio tal cual como lo hace nuestro sistema auditivo, es decir sin perder la espacialidad de nuestra percepci\u00f3n), un proyecto sobre la elaboraci\u00f3n de materiales ac\u00fasticos a partir de papel reciclado, entre otros.<\/p>\n<p>Los trabajos en exposici\u00f3n son:<\/p>\n<ul>\n<li>Proyecto de Ac\u00fastica Arquitect\u00f3nica sobre Mejoramiento de Sala de Clases para Escuela Nueva Espa\u00f1a en La Comuna de Los Lagos.<\/li>\n<li>Estudio, diagn\u00f3stico y proposici\u00f3n de mejoras en par\u00e1metros ac\u00fasticos de sala de clases de Escuela Collilelfu, Ciudad de Los Lagos.<\/li>\n<li>Estudio y propuesta del mejoramiento de la inteligibilidad de la palabra en salas de clases del Internado Antilhue, Comuna de los Lagos.<\/li>\n<li>Proyecto de mejoramiento ac\u00fastico de salas de clases de la Escuela rural El Salto.<\/li>\n<li>Elaboraci\u00f3n de Mapa de Ruido Proyectado al A\u00f1o 2023 de la Ciudad de Valdivia Mediante Software de Modelaci\u00f3n<\/li>\n<li>Propuesta de Ordenanza Municipal sobre Ruido Ambiental para la Comuna de Valdivia.<\/li>\n<li>Evaluaci\u00f3n de ruido ambiental y ocupacional en la empresa CONAV.<\/li>\n<li>Estudio del Impacto Ac\u00fastico de Vibraci\u00f3n y Ruido Ocupacional en Astillero CONAV.<\/li>\n<li>Dise\u00f1o de un sistema de reproducci\u00f3n binaural para cine.<\/li>\n<li>Representaci\u00f3n virtual de sonidos en el espacio usando funci\u00f3n de transferencia HRTF<\/li>\n<li>Propuestas de elaboraci\u00f3n de materiales ac\u00fasticos derivados del papel.<\/li>\n<li>Proyecto de investigaci\u00f3n \u201cFabricaci\u00f3n de un Prototipo de Grabaci\u00f3n Anal\u00f3gico\u201d<\/li>\n<li>Mejoramiento de una caja ac\u00fastica mediante la utilizaci\u00f3n de l\u00e1minas dobles desacopladas<\/li>\n<li>Ingenier\u00eda Ac\u00fastica y Dise\u00f1o de Estaci\u00f3n de Televisi\u00f3n. \u201cAcondicionamiento ac\u00fastico y sistemas de audio para estudio de televisi\u00f3n perteneciente a la Universidad Austral de Chile\u201d<\/li>\n<li>Dise\u00f1o de sistema de refuerzo sonoro para audit\u00f3rium Miraflores, utilizando arreglo de parlantes Bose 802.<\/li>\n<\/ul>\n<p><a href=\"http:\/\/noticias.uach.cl\/principal.php?pag=noticia-externo&amp;cod=66643&amp;admin=1\" target=\"_blank\" rel=\"noopener noreferrer\">Nota en UACh<\/a><\/p>\n<p><a href=\"http:\/\/ingenieria.uach.cl\/invitan-cuarta-exposicion-de-proyectos-acusticos\/\" target=\"_blank\" rel=\"noopener noreferrer\">Nota en FCI<\/a><\/p>\n<p>&nbsp;<\/p>\n<p>&nbsp;<\/p>\n","protected":false},"excerpt":{"rendered":"<p>Propuestas de mejoramiento ac\u00fastico para escuelas municipales, diagn\u00f3sticos sobre el impacto del ruido, elaboraci\u00f3n de materiales ac\u00fasticos a partir de papel reciclado, proyecci\u00f3n del ruido en Valdivia para el a\u00f1o 2023, proyectos sobre sistema de audio binaural, son algunos de los trabajos que estar\u00e1n expuestos en el Campus Miraflores. Escrito por: Comunicaciones Fc. Ciencias de [&hellip;]<\/p>\n","protected":false},"author":2,"featured_media":3711,"comment_status":"closed","ping_status":"closed","sticky":false,"template":"","format":"standard","meta":{"footnotes":""},"categories":[906],"tags":[37,15,36],"class_list":["post-3710","post","type-post","status-publish","format-standard","has-post-thumbnail","hentry","category-pregrado","tag-estudiantes","tag-exposicion","tag-proyectos"],"_links":{"self":[{"href":"https:\/\/www.acusticauach.cl\/index.php?rest_route=\/wp\/v2\/posts\/3710","targetHints":{"allow":["GET"]}}],"collection":[{"href":"https:\/\/www.acusticauach.cl\/index.php?rest_route=\/wp\/v2\/posts"}],"about":[{"href":"https:\/\/www.acusticauach.cl\/index.php?rest_route=\/wp\/v2\/types\/post"}],"author":[{"embeddable":true,"href":"https:\/\/www.acusticauach.cl\/index.php?rest_route=\/wp\/v2\/users\/2"}],"replies":[{"embeddable":true,"href":"https:\/\/www.acusticauach.cl\/index.php?rest_route=%2Fwp%2Fv2%2Fcomments&post=3710"}],"version-history":[{"count":0,"href":"https:\/\/www.acusticauach.cl\/index.php?rest_route=\/wp\/v2\/posts\/3710\/revisions"}],"wp:featuredmedia":[{"embeddable":true,"href":"https:\/\/www.acusticauach.cl\/index.php?rest_route=\/wp\/v2\/media\/3711"}],"wp:attachment":[{"href":"https:\/\/www.acusticauach.cl\/index.php?rest_route=%2Fwp%2Fv2%2Fmedia&parent=3710"}],"wp:term":[{"taxonomy":"category","embeddable":true,"href":"https:\/\/www.acusticauach.cl\/index.php?rest_route=%2Fwp%2Fv2%2Fcategories&post=3710"},{"taxonomy":"post_tag","embeddable":true,"href":"https:\/\/www.acusticauach.cl\/index.php?rest_route=%2Fwp%2Fv2%2Ftags&post=3710"}],"curies":[{"name":"wp","href":"https:\/\/api.w.org\/{rel}","templated":true}]}}