{"id":3559,"date":"2013-10-23T12:13:33","date_gmt":"2013-10-23T15:13:33","guid":{"rendered":"http:\/\/www.acusticauach.cl\/?p=3559"},"modified":"2019-10-27T19:45:12","modified_gmt":"2019-10-27T22:45:12","slug":"lanzan-en-espana-proximo-congreso-de-acustica-en-valdivia-2014","status":"publish","type":"post","link":"https:\/\/www.acusticauach.cl\/?p=3559","title":{"rendered":"Lanzan en Espa\u00f1a pr\u00f3ximo congreso de ac\u00fastica en Valdivia 2014"},"content":{"rendered":"<h2>IX Iberoamericano de Ac\u00fastica FIA2014 se realizar\u00e1 desde el 1 al 3 de diciembre de 2014 en Valdivia.<\/h2>\n<p>Gran inter\u00e9s despert\u00f3 la presentaci\u00f3n del pr\u00f3ximo <a href=\"http:\/\/www.socha.cl\/\" target=\"_blank\" rel=\"noopener noreferrer\">IX Congreso Iberoamericano de Ac\u00fastica FIA2014<\/a> en la ceremonia de clausura del <a href=\"http:\/\/www.sea-acustica.es\/index.php?id=664\" target=\"_blank\" rel=\"noopener noreferrer\">44\u00ba Congreso Espa\u00f1ol de Ac\u00fastica TECNIACUSTICA 2013 y Encuentro Ib\u00e9rico de Ac\u00fastica<\/a>. Esta exposici\u00f3n estuvo a cargo del profesor Enrique Su\u00e1rez, qui\u00e9n es miembro del equipo organizador del futuro evento.<\/p>\n<p>Cabe destacar que la organizaci\u00f3n del IX Congreso Iberoamericano de Ac\u00fastica fue adjudicada a Chile durante el consejo directivo de la Federaci\u00f3n Iberoamericana de Ac\u00fastica, celebrada el a\u00f1o 2012 en Canc\u00fan, M\u00e9xico. La responsabilidad de organizar este importante evento es de la Sociedad Chilena de Ac\u00fastica SOCHA, quien en conjunto con el Instituto de Ac\u00fastica y la Escuela de Ingenier\u00eda Civil Ac\u00fastica de la Universidad Austral de Chile, han decidido que se realice entre el 1\u00ba y el 3 de Diciembre de 2014, en la hermosa ciudad de Valdivia, Regi\u00f3n de Los R\u00edos, Chile.\u00a0M\u00e1s informaci\u00f3n en<a href=\"http:\/\/www.socha.cl\/\" target=\"_blank\" rel=\"noopener noreferrer\">\u00a0www.socha.cl<\/a><\/p>\n<h2>Presentan avances de mapas de ruido en Chile<\/h2>\n<p><a href=\"https:\/\/www.acusticauach.cl\/wp-content\/uploads\/2013\/10\/cartel-tecniacustica.jpg\"><img decoding=\"async\" class=\"wp-image-3571 alignright\" alt=\"cartel-tecniacustica\" src=\"https:\/\/www.acusticauach.cl\/wp-content\/uploads\/2013\/10\/cartel-tecniacustica.jpg\" width=\"184\" height=\"266\" srcset=\"https:\/\/www.acusticauach.cl\/wp-content\/uploads\/2013\/10\/cartel-tecniacustica.jpg 288w, https:\/\/www.acusticauach.cl\/wp-content\/uploads\/2013\/10\/cartel-tecniacustica-207x300.jpg 207w\" sizes=\"(max-width: 184px) 100vw, 184px\" \/><\/a><\/p>\n<p>En el <a href=\"http:\/\/www.sea-acustica.es\/index.php?id=664\" target=\"_blank\" rel=\"noopener noreferrer\">Encuentro Ib\u00e9rico de Ac\u00fastica y 44\u00ba Congreso Espa\u00f1ol de Ac\u00fastica TECNIACUSTICA 2013 (02 al 04 de octubre en la ciudad de Valladolid)<\/a> el acad\u00e9mico de AcusticaUACh Enrique Su\u00e1rez present\u00f3 un art\u00edculo sobre los avances en esta materia en nuestro pa\u00eds desde 1989. El trabajo recopila los principales resultados de estudios realizados con mediciones y modelaciones de ruido ambiental a la fecha. Adem\u00e1s, el acad\u00e9mico asisti\u00f3 al Simposio Europeo de Ac\u00fastica Ambiental y Mapas de Ruido realizado previo al congreso.<\/p>\n<p>Finalmente el prof. Su\u00e1rez dict\u00f3 un seminario como profesor invitado en el <a href=\"http:\/\/www.upm.es\/portal\/site\/institucional\/template.PAGE\/menuitem.fe392479f15c1fe7a23dd510907c46a8\/?javax.portlet.tpst=d4adc2b01545fee7a23dd510907c46a8&amp;javax.portlet.prp_d4adc2b01545fee7a23dd510907c46a8=cod%3D109.1%26cod2%3D5%26orden%3DCENTRO_IMPARTICION%26opcion%3Ddetalle&amp;javax.portlet.begCacheTok=com.vignette.cachetoken&amp;javax.portlet.endCacheTok=com.vignette.cachetoken\" target=\"_blank\" rel=\"noopener noreferrer\">M\u00e1ster Universitario en Ingenier\u00eda Ac\u00fastica en la Industria y el Transporte de la Universidad Polit\u00e9cnica de Madrid<\/a>.<\/p>\n","protected":false},"excerpt":{"rendered":"<p>IX Iberoamericano de Ac\u00fastica FIA2014 se realizar\u00e1 desde el 1 al 3 de diciembre de 2014 en Valdivia. Gran inter\u00e9s despert\u00f3 la presentaci\u00f3n del pr\u00f3ximo IX Congreso Iberoamericano de Ac\u00fastica FIA2014 en la ceremonia de clausura del 44\u00ba Congreso Espa\u00f1ol de Ac\u00fastica TECNIACUSTICA 2013 y Encuentro Ib\u00e9rico de Ac\u00fastica. Esta exposici\u00f3n estuvo a cargo del [&hellip;]<\/p>\n","protected":false},"author":2,"featured_media":3511,"comment_status":"closed","ping_status":"closed","sticky":false,"template":"","format":"standard","meta":{"footnotes":""},"categories":[908],"tags":[21,61,19,177,195,73,194,22],"class_list":["post-3559","post","type-post","status-publish","format-standard","has-post-thumbnail","hentry","category-investigacion","tag-congreso","tag-espana","tag-fia","tag-mapas-de-ruido","tag-simposio","tag-suarez","tag-tecniacustica","tag-valdivia"],"_links":{"self":[{"href":"https:\/\/www.acusticauach.cl\/index.php?rest_route=\/wp\/v2\/posts\/3559","targetHints":{"allow":["GET"]}}],"collection":[{"href":"https:\/\/www.acusticauach.cl\/index.php?rest_route=\/wp\/v2\/posts"}],"about":[{"href":"https:\/\/www.acusticauach.cl\/index.php?rest_route=\/wp\/v2\/types\/post"}],"author":[{"embeddable":true,"href":"https:\/\/www.acusticauach.cl\/index.php?rest_route=\/wp\/v2\/users\/2"}],"replies":[{"embeddable":true,"href":"https:\/\/www.acusticauach.cl\/index.php?rest_route=%2Fwp%2Fv2%2Fcomments&post=3559"}],"version-history":[{"count":0,"href":"https:\/\/www.acusticauach.cl\/index.php?rest_route=\/wp\/v2\/posts\/3559\/revisions"}],"wp:featuredmedia":[{"embeddable":true,"href":"https:\/\/www.acusticauach.cl\/index.php?rest_route=\/wp\/v2\/media\/3511"}],"wp:attachment":[{"href":"https:\/\/www.acusticauach.cl\/index.php?rest_route=%2Fwp%2Fv2%2Fmedia&parent=3559"}],"wp:term":[{"taxonomy":"category","embeddable":true,"href":"https:\/\/www.acusticauach.cl\/index.php?rest_route=%2Fwp%2Fv2%2Fcategories&post=3559"},{"taxonomy":"post_tag","embeddable":true,"href":"https:\/\/www.acusticauach.cl\/index.php?rest_route=%2Fwp%2Fv2%2Ftags&post=3559"}],"curies":[{"name":"wp","href":"https:\/\/api.w.org\/{rel}","templated":true}]}}