{"id":3423,"date":"2013-08-14T09:12:23","date_gmt":"2013-08-14T13:12:23","guid":{"rendered":"http:\/\/www.acusticauach.cl\/?p=3423"},"modified":"2019-10-27T19:47:59","modified_gmt":"2019-10-27T22:47:59","slug":"concurrida-clinica-de-bajo-con-jorge-campos","status":"publish","type":"post","link":"https:\/\/www.acusticauach.cl\/?p=3423","title":{"rendered":"Concurrida Cl\u00ednica de Bajo con Jorge Campos"},"content":{"rendered":"<h2>Exitosa jornada fue organizada por la carrera de Ing. Civil Ac\u00fastica en conjunto con el Conservatorio de M\u00fasica de la UACh.<\/h2>\n<p>Este viernes 09 de agosto, en dependencias del Conservatorio de M\u00fasica de la Universidad Austral, se llev\u00f3 a cabo una Cl\u00ednica de Bajo El\u00e9ctrico impartida por el reconocido m\u00fasico Jorge Campos. A la actividad asistieron m\u00e1s de treinta de entusiastas m\u00fasicos de todas las edades y niveles de conocimientos musicales. Entre los participantes se encontraban estudiantes de colegios, universitarios, y profesores de m\u00fasica.<\/p>\n<p>En casi dos horas de actividad, Jorge Campos entreg\u00f3 conceptos, t\u00e9cnicas y recomendaciones a los participantes. Dividi\u00f3 en dos niveles a los estudiantes y realiz\u00f3 ejercicios personalizados de interpretaci\u00f3n. Quienes asistieron con sus instrumentos tuvieron la oportunidad \u00fanica de realizar consultas y compartir con uno de los mejores bajistas del pa\u00eds.<\/p>\n<p><a href=\"https:\/\/www.acusticauach.cl\/wp-content\/uploads\/2013\/09\/2013_08_09_Clinica_Bajo-Jorge_Campos_04.jpg\"><img decoding=\"async\" class=\"aligncenter size-full wp-image-3426\" alt=\"Jorge Campos\" src=\"https:\/\/www.acusticauach.cl\/wp-content\/uploads\/2013\/09\/2013_08_09_Clinica_Bajo-Jorge_Campos_04.jpg\" width=\"1000\" height=\"563\" srcset=\"https:\/\/www.acusticauach.cl\/wp-content\/uploads\/2013\/09\/2013_08_09_Clinica_Bajo-Jorge_Campos_04.jpg 1000w, https:\/\/www.acusticauach.cl\/wp-content\/uploads\/2013\/09\/2013_08_09_Clinica_Bajo-Jorge_Campos_04-300x168.jpg 300w, https:\/\/www.acusticauach.cl\/wp-content\/uploads\/2013\/09\/2013_08_09_Clinica_Bajo-Jorge_Campos_04-700x394.jpg 700w, https:\/\/www.acusticauach.cl\/wp-content\/uploads\/2013\/09\/2013_08_09_Clinica_Bajo-Jorge_Campos_04-500x281.jpg 500w\" sizes=\"(max-width: 1000px) 100vw, 1000px\" \/><\/a><\/p>\n<p>El profesor Wladimir Carrasco, Director del Conservatorio de M\u00fasica valor\u00f3 positivamente el evento. Destac\u00f3 la convocatoria y la participaci\u00f3n de los asistentes. \u201cEs importante acercar la m\u00fasica a todos, y contar con m\u00fasicos reconocidos es una oportunidad que valoramos en este tipo de actividades\u201d.<\/p>\n<p>Jorge Campos naci\u00f3 en 1957, es un destacado m\u00fasico y compositor chileno, miembro de agrupaciones emblem\u00e1ticas como Congreso, Fulano, y Santiago del Nuevo Extremo, adem\u00e1s de llevar una extensa carrera como solista de jazz fusi\u00f3n. <strong><a href=\"https:\/\/www.acusticauach.cl\/?page_id=3162\">El m\u00fasico es uno de los jurados colaboradores del Concurso de Bandas Escolares 2013 de AcusticaUACh.<\/a><\/strong><\/p>\n<p>La actividad se enmarca en las actividades conjuntas que realizan<span style=\"color: #000000;\"> a\u00f1o a a\u00f1o la carrera de Ing. Civil Ac\u00fastica y el Conservatorio de M\u00fasica de la UACh, y no tuvo costo para los asistentes (gratuita)<\/span>.<\/p>\n<p><strong><a href=\"https:\/\/www.facebook.com\/media\/set\/?set=a.522822684466043.1073741828.194362960645352&amp;type=3\" target=\"_blank\" rel=\"noopener noreferrer\">Ver \u00e1lbum de fotograf\u00eda en nuestro Facebook<\/a><\/strong><\/p>\n<p><a href=\"https:\/\/www.acusticauach.cl\/wp-content\/uploads\/2013\/09\/2013_08_09_Clinica_Bajo-Jorge_Campos_05.jpg\"><img decoding=\"async\" class=\"aligncenter size-full wp-image-3424\" alt=\"Jorge Campos\" src=\"https:\/\/www.acusticauach.cl\/wp-content\/uploads\/2013\/09\/2013_08_09_Clinica_Bajo-Jorge_Campos_05.jpg\" width=\"1000\" height=\"563\" srcset=\"https:\/\/www.acusticauach.cl\/wp-content\/uploads\/2013\/09\/2013_08_09_Clinica_Bajo-Jorge_Campos_05.jpg 1000w, https:\/\/www.acusticauach.cl\/wp-content\/uploads\/2013\/09\/2013_08_09_Clinica_Bajo-Jorge_Campos_05-300x168.jpg 300w, https:\/\/www.acusticauach.cl\/wp-content\/uploads\/2013\/09\/2013_08_09_Clinica_Bajo-Jorge_Campos_05-700x394.jpg 700w, https:\/\/www.acusticauach.cl\/wp-content\/uploads\/2013\/09\/2013_08_09_Clinica_Bajo-Jorge_Campos_05-500x281.jpg 500w\" sizes=\"(max-width: 1000px) 100vw, 1000px\" \/><\/a><\/p>\n<p>&nbsp;<\/p>\n","protected":false},"excerpt":{"rendered":"<p>Exitosa jornada fue organizada por la carrera de Ing. Civil Ac\u00fastica en conjunto con el Conservatorio de M\u00fasica de la UACh. Este viernes 09 de agosto, en dependencias del Conservatorio de M\u00fasica de la Universidad Austral, se llev\u00f3 a cabo una Cl\u00ednica de Bajo El\u00e9ctrico impartida por el reconocido m\u00fasico Jorge Campos. A la actividad [&hellip;]<\/p>\n","protected":false},"author":2,"featured_media":3425,"comment_status":"closed","ping_status":"closed","sticky":false,"template":"","format":"standard","meta":{"footnotes":""},"categories":[909],"tags":[187,128,188,37,189],"class_list":["post-3423","post","type-post","status-publish","format-standard","has-post-thumbnail","hentry","category-vinculacion","tag-bajo","tag-clinica","tag-conservatorio","tag-estudiantes","tag-musica"],"_links":{"self":[{"href":"https:\/\/www.acusticauach.cl\/index.php?rest_route=\/wp\/v2\/posts\/3423","targetHints":{"allow":["GET"]}}],"collection":[{"href":"https:\/\/www.acusticauach.cl\/index.php?rest_route=\/wp\/v2\/posts"}],"about":[{"href":"https:\/\/www.acusticauach.cl\/index.php?rest_route=\/wp\/v2\/types\/post"}],"author":[{"embeddable":true,"href":"https:\/\/www.acusticauach.cl\/index.php?rest_route=\/wp\/v2\/users\/2"}],"replies":[{"embeddable":true,"href":"https:\/\/www.acusticauach.cl\/index.php?rest_route=%2Fwp%2Fv2%2Fcomments&post=3423"}],"version-history":[{"count":0,"href":"https:\/\/www.acusticauach.cl\/index.php?rest_route=\/wp\/v2\/posts\/3423\/revisions"}],"wp:featuredmedia":[{"embeddable":true,"href":"https:\/\/www.acusticauach.cl\/index.php?rest_route=\/wp\/v2\/media\/3425"}],"wp:attachment":[{"href":"https:\/\/www.acusticauach.cl\/index.php?rest_route=%2Fwp%2Fv2%2Fmedia&parent=3423"}],"wp:term":[{"taxonomy":"category","embeddable":true,"href":"https:\/\/www.acusticauach.cl\/index.php?rest_route=%2Fwp%2Fv2%2Fcategories&post=3423"},{"taxonomy":"post_tag","embeddable":true,"href":"https:\/\/www.acusticauach.cl\/index.php?rest_route=%2Fwp%2Fv2%2Ftags&post=3423"}],"curies":[{"name":"wp","href":"https:\/\/api.w.org\/{rel}","templated":true}]}}