{"id":3369,"date":"2013-09-04T19:29:35","date_gmt":"2013-09-04T23:29:35","guid":{"rendered":"http:\/\/www.acusticauach.cl\/?p=3369"},"modified":"2019-10-27T19:47:05","modified_gmt":"2019-10-27T22:47:05","slug":"uach-y-municipalidad-de-valdivia-firmaron-convenio","status":"publish","type":"post","link":"https:\/\/www.acusticauach.cl\/?p=3369","title":{"rendered":"UACh y Municipalidad de Valdivia firmaron convenio"},"content":{"rendered":"<h2>Ya se est\u00e1 trabajando en interesantes iniciativas como el entregar acceso a las bibliotecas UACh a 300 estudiantes de los colegios municipalizados de Valdivia, adem\u00e1s de realizar investigaciones sobre el tema s\u00edsmico y contaminaci\u00f3n ac\u00fastica.<\/h2>\n<p>Escrito por: Jose Luis G\u00f3mez &#8211; Periodista RRPP UACh\/ Jorge Robles &#8211; Periodista Municipalidad de Valdivia<br \/>\nFotos: Alejandro Sotomayor Pino &#8211; Fot\u00f3grafo Relaciones P\u00fablicas UACh Email: fotorectoria@uach.cl<\/p>\n<p><a href=\"http:\/\/noticias.uach.cl\/principal.php?pag=noticia-externo&amp;cod=62984\" target=\"_blank\" rel=\"noopener noreferrer\">Ir a noticias UACh<\/a><\/p>\n<p><strong>Este convenio, que cuenta con la colaboraci\u00f3n de todas las Facultades UACh, ser\u00e1 evaluado cada seis meses y la idea es postular proyectos conjuntos a fondos concursables.<\/strong><\/p>\n<p>Un convenio marco de cooperaci\u00f3n firmaron la Universidad Austral de Chile y la Ilustre Municipalidad de Valdivia, el cual naci\u00f3 de la necesidad de generar lazos que tiendan a contribuir a la formaci\u00f3n acad\u00e9mica y al desarrollo comunal, mediante la interacci\u00f3n de los estudiantes, profesores y funcionarios municipales.<\/p>\n<p>En la ceremonia realizada la ma\u00f1ana de hoy mi\u00e9rcoles 04 de septiembre en el Sal\u00f3n Rojo de Casa Central UACh el Rector Dr. V\u00edctor Cubillos destac\u00f3 que \u201cya estamos trabajando en \u00e1mbitos muy puntuales: hemos abierto la posibilidad para que 300 estudiantes de los colegios municipalizados de Valdivia tengan acceso a la biblioteca, se est\u00e1 haciendo un proyecto de investigaci\u00f3n para ver el tema de riesgo s\u00edsmico a cargo del Dr. Galo Valdebenito y <strong>tambi\u00e9n iniciaremos un estudio sobre contaminaci\u00f3n ac\u00fastica que lidera el Dr. Enrique Su\u00e1rez\u201d.<\/strong><\/p>\n<p>La autoridad universitaria se\u00f1al\u00f3 que el acercamiento entre ambas instituciones se inici\u00f3 en enero de este a\u00f1o y que incluy\u00f3 una visita formal del Alcalde al Consejo Acad\u00e9mico de la UACh \u2013con una excelente recepci\u00f3n de parte de los Decanos y Consejeros-. De igual modo, el Rector Cubillos plante\u00f3 el desaf\u00edo de potenciar a\u00fan m\u00e1s a Valdivia como Ciudad Universitaria y lograr alcanzar el primer lugar en rankings como el Bar\u00f3metro Imagen Ciudad, elaborado por la consultora Visi\u00f3n Humana, el cual posicion\u00f3 a la capital de la Regi\u00f3n de Los R\u00edos como el cuarto mejor lugar para vivir y el quinto mejor lugar para estudiar.<\/p>\n<p>Compromiso municipal<\/p>\n<p>A su turno, el Alcalde de la Ilustre Municipalidad de Valdivia Omar Sabat manifest\u00f3 que \u201ceste convenio permitir\u00e1 abordar temas como desarrollo econ\u00f3mico, turismo, ciudad universitaria y del conocimiento, e inversi\u00f3n. A trav\u00e9s de este trabajo conjunto debemos generar lazos para contribuir a la formaci\u00f3n acad\u00e9mica a trav\u00e9s de la capacitaci\u00f3n de los funcionarios municipales. Creemos que la UACh es una fuente inagotable de ideas, propuestas y desarrollo, y por lo tanto la regi\u00f3n modelo se hace con vinculaci\u00f3n entre estamentos p\u00fablicos y privados, y las universidades son claves\u201d.<\/p>\n<p>Seg\u00fan dijo, \u201cesta alianza permitir\u00e1 que desde la academia, tanto los docentes como los estudiantes \u2013muchos de ellos valdivianos- conozcan de cerca el quehacer y las necesidades del mundo municipal, donde mediante los conocimientos adquiridos desarrollen proyectos e iniciativas de beneficio comunitario a trav\u00e9s de sus disciplinas profesionales, junto a la experiencia de nuestros funcionarios; de igual forma \u00e9stos podr\u00e1n enriquecer sus conocimientos y fortalecer sus competencias mediante los programas que la universidad imparte en sus diversas facultades\u201d.<\/p>\n<p>Agreg\u00f3 que \u201cel avance en la materializaci\u00f3n de un convenio de cooperaci\u00f3n, viene a romper un alejamiento de dos instituciones que por naturaleza deber\u00edan tener un fuerte lazo de comunicaci\u00f3n y apoyo. Desde el municipio, y como Alcalde creo que esta uni\u00f3n nos permitir\u00e1 avanzar en tareas relacionadas en pos del progreso de la ciudad y de su gente, c\u00f3mo enfrentar Valdivia a mediano y largo plazo, y pensando en proyecci\u00f3n de la comuna\u201d.<\/p>\n<p>En la firma la m\u00e1xima autoridad universitaria de la UACh present\u00f3 a los nuevos Directores de la Unidad de Relaciones Regionales y Nacionales Prof. Juan Carlos Miranda y de la Unidad de Relaciones P\u00fablicas Diego Portales. Tambi\u00e9n estuvieron presentes el Director de Extensi\u00f3n Prof. Alejandro Bravo y el Prof. \u00d3scar Araya, quien ha sido el encargado de coordinar la concreci\u00f3n de este acuerdo.<\/p>\n<p>Por parte de la municipalidad tambi\u00e9n participaron el Director de la Secretar\u00eda Comunal de Planificaci\u00f3n (Secplan) Pedro R\u00edos \u2013a cargo de las relaciones con la UACh-, el Administrador Municipal Cristian Bahamonde y la Jefa de Gabinete Marcela Mitre.<\/p>\n","protected":false},"excerpt":{"rendered":"<p>Ya se est\u00e1 trabajando en interesantes iniciativas como el entregar acceso a las bibliotecas UACh a 300 estudiantes de los colegios municipalizados de Valdivia, adem\u00e1s de realizar investigaciones sobre el tema s\u00edsmico y contaminaci\u00f3n ac\u00fastica. Escrito por: Jose Luis G\u00f3mez &#8211; Periodista RRPP UACh\/ Jorge Robles &#8211; Periodista Municipalidad de Valdivia Fotos: Alejandro Sotomayor Pino [&hellip;]<\/p>\n","protected":false},"author":2,"featured_media":3370,"comment_status":"closed","ping_status":"closed","sticky":false,"template":"","format":"standard","meta":{"footnotes":""},"categories":[909],"tags":[113,181,182,73,22],"class_list":["post-3369","post","type-post","status-publish","format-standard","has-post-thumbnail","hentry","category-vinculacion","tag-acustica","tag-convenio","tag-municipio","tag-suarez","tag-valdivia"],"_links":{"self":[{"href":"https:\/\/www.acusticauach.cl\/index.php?rest_route=\/wp\/v2\/posts\/3369","targetHints":{"allow":["GET"]}}],"collection":[{"href":"https:\/\/www.acusticauach.cl\/index.php?rest_route=\/wp\/v2\/posts"}],"about":[{"href":"https:\/\/www.acusticauach.cl\/index.php?rest_route=\/wp\/v2\/types\/post"}],"author":[{"embeddable":true,"href":"https:\/\/www.acusticauach.cl\/index.php?rest_route=\/wp\/v2\/users\/2"}],"replies":[{"embeddable":true,"href":"https:\/\/www.acusticauach.cl\/index.php?rest_route=%2Fwp%2Fv2%2Fcomments&post=3369"}],"version-history":[{"count":0,"href":"https:\/\/www.acusticauach.cl\/index.php?rest_route=\/wp\/v2\/posts\/3369\/revisions"}],"wp:featuredmedia":[{"embeddable":true,"href":"https:\/\/www.acusticauach.cl\/index.php?rest_route=\/wp\/v2\/media\/3370"}],"wp:attachment":[{"href":"https:\/\/www.acusticauach.cl\/index.php?rest_route=%2Fwp%2Fv2%2Fmedia&parent=3369"}],"wp:term":[{"taxonomy":"category","embeddable":true,"href":"https:\/\/www.acusticauach.cl\/index.php?rest_route=%2Fwp%2Fv2%2Fcategories&post=3369"},{"taxonomy":"post_tag","embeddable":true,"href":"https:\/\/www.acusticauach.cl\/index.php?rest_route=%2Fwp%2Fv2%2Ftags&post=3369"}],"curies":[{"name":"wp","href":"https:\/\/api.w.org\/{rel}","templated":true}]}}