{"id":3318,"date":"2013-07-15T22:13:25","date_gmt":"2013-07-16T02:13:25","guid":{"rendered":"http:\/\/www.acusticauach.cl\/?p=3318"},"modified":"2019-10-27T19:48:16","modified_gmt":"2019-10-27T22:48:16","slug":"dr-arenas-expuso-sobre-materiales-acusticos-porosos-en-tailandia","status":"publish","type":"post","link":"https:\/\/www.acusticauach.cl\/?p=3318","title":{"rendered":"Dr. Arenas expuso sobre Materiales Ac\u00fasticos Porosos en Tailandia"},"content":{"rendered":"<h2>Acad\u00e9mico de AcusticaUACh particip\u00f3 en importante congreso internacional con presentaci\u00f3n cient\u00edfica.<\/h2>\n<p>El Profesor Titular y Director del Instituto de Ac\u00fastica, Dr. Jorge Arenas particip\u00f3 en el 20th International Congress on Sound and Vibration ICSV20 (<a href=\"http:\/\/www.icsv20.org\" target=\"_blank\" rel=\"noopener noreferrer\">www.icsv20.org<\/a>), realizado entre el 7 y el 11 de julio en la ciudad de Bangkok, Tailandia. El congreso, organizado por el Instituto Internacional de Ac\u00fastica y Vibraciones (International Institute of Acoustics and Vibration, IIAV, <a href=\"http:\/\/www.iiav.org\" target=\"_blank\" rel=\"noopener noreferrer\">www.iiav.org<\/a>), reuni\u00f3 a m\u00e1s de 500 cient\u00edficos de 58 pa\u00edses, quienes presentaron los \u00faltimos avances en el tema.<\/p>\n<p>El Dr. Arenas, quien adem\u00e1s es Vicepresidente del IIAV, expuso el trabajo titulado \u00abEvaluation of two alternative procedures for measuring airflow resistance of sound absorbing materials\u00bb, que corresponde a los resultados de un proyecto de investigaci\u00f3n financiado por Fondecyt. En su exposici\u00f3n, el Dr. Arenas mostr\u00f3 la comparaci\u00f3n entre dos metodolog\u00edas alternativas al est\u00e1ndar ISO para la medici\u00f3n de la resistividad al flujo de materiales porosos. La adecuada medida de la resistividad al flujo es de vital importancia en la predicci\u00f3n del coeficiente de absorci\u00f3n sonora de los materiales y esta medida es usada como par\u00e1metro de entrada en diferentes modelos te\u00f3ricos para explicar la propagaci\u00f3n sonora en medios porosos.<\/p>\n","protected":false},"excerpt":{"rendered":"<p>Acad\u00e9mico de AcusticaUACh particip\u00f3 en importante congreso internacional con presentaci\u00f3n cient\u00edfica. El Profesor Titular y Director del Instituto de Ac\u00fastica, Dr. Jorge Arenas particip\u00f3 en el 20th International Congress on Sound and Vibration ICSV20 (www.icsv20.org), realizado entre el 7 y el 11 de julio en la ciudad de Bangkok, Tailandia. El congreso, organizado por el [&hellip;]<\/p>\n","protected":false},"author":2,"featured_media":3319,"comment_status":"closed","ping_status":"closed","sticky":false,"template":"","format":"standard","meta":{"footnotes":""},"categories":[908],"tags":[175,48,21,112],"class_list":["post-3318","post","type-post","status-publish","format-standard","has-post-thumbnail","hentry","category-investigacion","tag-acustico","tag-arenas","tag-congreso","tag-internacional"],"_links":{"self":[{"href":"https:\/\/www.acusticauach.cl\/index.php?rest_route=\/wp\/v2\/posts\/3318","targetHints":{"allow":["GET"]}}],"collection":[{"href":"https:\/\/www.acusticauach.cl\/index.php?rest_route=\/wp\/v2\/posts"}],"about":[{"href":"https:\/\/www.acusticauach.cl\/index.php?rest_route=\/wp\/v2\/types\/post"}],"author":[{"embeddable":true,"href":"https:\/\/www.acusticauach.cl\/index.php?rest_route=\/wp\/v2\/users\/2"}],"replies":[{"embeddable":true,"href":"https:\/\/www.acusticauach.cl\/index.php?rest_route=%2Fwp%2Fv2%2Fcomments&post=3318"}],"version-history":[{"count":0,"href":"https:\/\/www.acusticauach.cl\/index.php?rest_route=\/wp\/v2\/posts\/3318\/revisions"}],"wp:featuredmedia":[{"embeddable":true,"href":"https:\/\/www.acusticauach.cl\/index.php?rest_route=\/wp\/v2\/media\/3319"}],"wp:attachment":[{"href":"https:\/\/www.acusticauach.cl\/index.php?rest_route=%2Fwp%2Fv2%2Fmedia&parent=3318"}],"wp:term":[{"taxonomy":"category","embeddable":true,"href":"https:\/\/www.acusticauach.cl\/index.php?rest_route=%2Fwp%2Fv2%2Fcategories&post=3318"},{"taxonomy":"post_tag","embeddable":true,"href":"https:\/\/www.acusticauach.cl\/index.php?rest_route=%2Fwp%2Fv2%2Ftags&post=3318"}],"curies":[{"name":"wp","href":"https:\/\/api.w.org\/{rel}","templated":true}]}}