{"id":3277,"date":"2013-06-27T23:33:16","date_gmt":"2013-06-28T03:33:16","guid":{"rendered":"http:\/\/www.acusticauach.cl\/?p=3277"},"modified":"2019-10-27T19:48:41","modified_gmt":"2019-10-27T22:48:41","slug":"presentan-en-mexico-avances-en-acustica-forense","status":"publish","type":"post","link":"https:\/\/www.acusticauach.cl\/?p=3277","title":{"rendered":"Presentan en M\u00e9xico avances de la UACh en ac\u00fastica forense"},"content":{"rendered":"<h2>Profesores del Mag\u00edster en Ac\u00fastica y Vibraciones participan en Conferencia Internacional en Lingu\u00edstica Forense en Ciudad de M\u00e9xico<\/h2>\n<p>Dos acad\u00e9micos del Mag\u00edster en Ac\u00fastica y Vibraciones de la Facultad de Ciencias de la Ingenier\u00eda de la Universidad Austral de Chile, la Dra. Claudia Rosas y el Dr. Ing. Jorge Sommerhoff, \u00a0participaron en la Conferencia Internacional en Ling\u00fc\u00edstica Forense, realizado hace unos d\u00edas en Ciudad de M\u00e9xico. En la actividad presentaron los avances UACh en materia de ac\u00fastica forense.<\/p>\n<p>En la ocasi\u00f3n se presentaron dos trabajos de investigaciones que los profesores realizan en el proyecto Fondecyt Regular 1110742 (vigente). Estos trabajos corresponden a <strong>Characterization of the recorded audios of cases that entered the Chilean Investigation Police PDI 2006-2010<\/strong>, \u00a0investigaci\u00f3n que se enmarca en el proyecto liderado por la Dra. Claudia Rosas como Investigadora Responsable y como coinvestigadores el Dr. Ing. Jorge Sommerhoff y el funcionario de la Polic\u00eda de Investigaciones, el ingeniero ac\u00fastico C\u00e9sar S\u00e1ez. Este trabajo present\u00f3 resultados parciales de la construcci\u00f3n y evaluaci\u00f3n de un sistema de comparaci\u00f3n de voz aplicado a un caso cerrado proporcionado por la PDI que no pudo ser analizado bajo el programa BATVOX por la naturaleza de la muestra del sospechoso, obtenida en la declaraci\u00f3n de la Audiencia. En el desarrollo de esta investigaci\u00f3n participaron los titulados del Mag\u00edster en Ac\u00fastica y Vibraciones, Sres. Jos\u00e9 Novoa y Felipe Far\u00edas.<\/p>\n<p>El segundo trabajo se titula <strong>Forensic implications of the correlation between STI and subjetive inteligibility test for Spanish<\/strong>. Este trabajo se enmarca en el proyecto Fondecyt Regular 1090249 (concluido), con el Dr. Jorge Sommerhoff como investigador responsable y la Dra. Claudia Rosas como Coinvestigadora. El trabajo rescata parte de las conclusiones finales en las que se observa, en base a algunos resultados de la aplicaci\u00f3n de tests de inteligibilidad, el car\u00e1cter no homog\u00e9neo del comportamiento de algunos fonemas conson\u00e1nticos y subraya su aplicabilidad en el \u00e1mbito forense en orden a jerarquizar la selecci\u00f3n de segmentos para construir Bases de Datos posibles de implementar en la comparaci\u00f3n forense de la voz.<\/p>\n<blockquote><p>Las exposiciones de los trabajos llamaron la atenci\u00f3n de los asistentes al encuentro. Realizaron preguntas y se establecieron contactos para colaboraciones futuras. Fue una experiencia interesante, porque tambi\u00e9n pudimos conocer trabajos en otras \u00e1reas, como el estudio de t\u00e9cnicas para determinar el plagio de obras literarias o musicales\u201d, coment\u00f3 el Dr. Sommerhoff.<\/p><\/blockquote>\n","protected":false},"excerpt":{"rendered":"<p>Profesores del Mag\u00edster en Ac\u00fastica y Vibraciones participan en Conferencia Internacional en Lingu\u00edstica Forense en Ciudad de M\u00e9xico Dos acad\u00e9micos del Mag\u00edster en Ac\u00fastica y Vibraciones de la Facultad de Ciencias de la Ingenier\u00eda de la Universidad Austral de Chile, la Dra. Claudia Rosas y el Dr. Ing. Jorge Sommerhoff, \u00a0participaron en la Conferencia Internacional [&hellip;]<\/p>\n","protected":false},"author":2,"featured_media":3278,"comment_status":"closed","ping_status":"closed","sticky":false,"template":"","format":"standard","meta":{"footnotes":""},"categories":[908],"tags":[21,54],"class_list":["post-3277","post","type-post","status-publish","format-standard","has-post-thumbnail","hentry","category-investigacion","tag-congreso","tag-sommerhoff"],"_links":{"self":[{"href":"https:\/\/www.acusticauach.cl\/index.php?rest_route=\/wp\/v2\/posts\/3277","targetHints":{"allow":["GET"]}}],"collection":[{"href":"https:\/\/www.acusticauach.cl\/index.php?rest_route=\/wp\/v2\/posts"}],"about":[{"href":"https:\/\/www.acusticauach.cl\/index.php?rest_route=\/wp\/v2\/types\/post"}],"author":[{"embeddable":true,"href":"https:\/\/www.acusticauach.cl\/index.php?rest_route=\/wp\/v2\/users\/2"}],"replies":[{"embeddable":true,"href":"https:\/\/www.acusticauach.cl\/index.php?rest_route=%2Fwp%2Fv2%2Fcomments&post=3277"}],"version-history":[{"count":0,"href":"https:\/\/www.acusticauach.cl\/index.php?rest_route=\/wp\/v2\/posts\/3277\/revisions"}],"wp:featuredmedia":[{"embeddable":true,"href":"https:\/\/www.acusticauach.cl\/index.php?rest_route=\/wp\/v2\/media\/3278"}],"wp:attachment":[{"href":"https:\/\/www.acusticauach.cl\/index.php?rest_route=%2Fwp%2Fv2%2Fmedia&parent=3277"}],"wp:term":[{"taxonomy":"category","embeddable":true,"href":"https:\/\/www.acusticauach.cl\/index.php?rest_route=%2Fwp%2Fv2%2Fcategories&post=3277"},{"taxonomy":"post_tag","embeddable":true,"href":"https:\/\/www.acusticauach.cl\/index.php?rest_route=%2Fwp%2Fv2%2Ftags&post=3277"}],"curies":[{"name":"wp","href":"https:\/\/api.w.org\/{rel}","templated":true}]}}