{"id":3214,"date":"2013-06-24T00:50:17","date_gmt":"2013-06-24T04:50:17","guid":{"rendered":"http:\/\/www.acusticauach.cl\/?p=3214"},"modified":"2019-10-27T19:48:49","modified_gmt":"2019-10-27T22:48:49","slug":"proyecto-de-festividad-de-la-cruz-de-mayo-gana-concurso-uach","status":"publish","type":"post","link":"https:\/\/www.acusticauach.cl\/?p=3214","title":{"rendered":"Proyecto \u00abFestividad de la Cruz de Mayo\u00bb gana concurso UACh"},"content":{"rendered":"<h2>La iniciativa ser\u00e1 realizada por acad\u00e9micos de los Institutos de Comunicaci\u00f3n Social y de Ac\u00fastica de nuestra Universidad, y\u00a0contempla la itinerancia de una exposici\u00f3n fotogr\u00e1fica y una charla multimedia sobre esta fiesta religiosa.<\/h2>\n<p><strong>\u201cLa Cruz de Mayo de los Chacayes, Una Festividad en Riesgo\u201d<\/strong> se titula el proyecto liderado por el Profesor Cristian Y\u00e1\u00f1ez del Instituto de Comunicaci\u00f3n Social, y el Profesor Rodrigo Torres del Instituto de Ac\u00fastica como Director Alterno. Esta fue una de las iniciativas ganadoras del Concurso Proyectos Extensi\u00f3n \u2013 DID Ventanilla Abierta de la Universidad Austral de Chile.<\/p>\n<p>La idea del proyecto es promover un trabajo interdisciplinario poniendo diversas especialidades y \u00e1reas al servicio de esta iniciativa. Contempla la Itinerancia de una exposici\u00f3n fotogr\u00e1fica y una charla multimedia sobre esta fiesta religiosa en 5 establecimientos educacionales de la Regi\u00f3n de Los R\u00edos.<\/p>\n<p>La \u201cFiesta de la Cruz de Mayo de los Chacayes\u201d es una antigua festividad religiosa que cada a\u00f1o se lleva a cabo en la provincia de Los Andes y en la que, durante m\u00e1s de un mes, pobladores de los alrededores de la zona cordillerana de la V Regi\u00f3n (comuna de San Esteban, provincia de Los Andes) acuden a una capilla para venerar la cruz a trav\u00e9s de mandas, bailes chinos y canto a lo divino.<\/p>\n<p>Actualmente la fiesta se encuentra en riesgo de desaparici\u00f3n debido a la posible ejecuci\u00f3n de proyectos relacionados a la miner\u00eda, que requieren de la inundaci\u00f3n total de la zona. El p\u00fablico objetivo de este proyecto son principalmente estudiantes de ense\u00f1anza b\u00e1sica y media de establecimientos educacionales. El proyecto busca fortalecer la educaci\u00f3n en tem\u00e1ticas vinculadas al patrimonio y la valorizaci\u00f3n de expresiones populares de fuerte raigambre social en sus lugares de pr\u00e1ctica y que entran en riesgo debido a pol\u00edticas vinculadas a la inversi\u00f3n en \u00e1reas naturales, en definitiva, se busca mostrar educativamente y en base a un caso concreto, la relaci\u00f3n entre la cultura y el ambiente.<\/p>\n<p><a href=\"http:\/\/noticias.uach.cl\/principal.php?pag=noticia-externo&amp;cod=60146\" target=\"_blank\" rel=\"noopener noreferrer\">Ver noticia en UACh<\/a><\/p>\n","protected":false},"excerpt":{"rendered":"<p>La iniciativa ser\u00e1 realizada por acad\u00e9micos de los Institutos de Comunicaci\u00f3n Social y de Ac\u00fastica de nuestra Universidad, y\u00a0contempla la itinerancia de una exposici\u00f3n fotogr\u00e1fica y una charla multimedia sobre esta fiesta religiosa. \u201cLa Cruz de Mayo de los Chacayes, Una Festividad en Riesgo\u201d se titula el proyecto liderado por el Profesor Cristian Y\u00e1\u00f1ez del [&hellip;]<\/p>\n","protected":false},"author":2,"featured_media":3215,"comment_status":"closed","ping_status":"closed","sticky":false,"template":"","format":"standard","meta":{"footnotes":""},"categories":[909],"tags":[94,167,166],"class_list":["post-3214","post","type-post","status-publish","format-standard","has-post-thumbnail","hentry","category-vinculacion","tag-concurso","tag-docente","tag-proyecto"],"_links":{"self":[{"href":"https:\/\/www.acusticauach.cl\/index.php?rest_route=\/wp\/v2\/posts\/3214","targetHints":{"allow":["GET"]}}],"collection":[{"href":"https:\/\/www.acusticauach.cl\/index.php?rest_route=\/wp\/v2\/posts"}],"about":[{"href":"https:\/\/www.acusticauach.cl\/index.php?rest_route=\/wp\/v2\/types\/post"}],"author":[{"embeddable":true,"href":"https:\/\/www.acusticauach.cl\/index.php?rest_route=\/wp\/v2\/users\/2"}],"replies":[{"embeddable":true,"href":"https:\/\/www.acusticauach.cl\/index.php?rest_route=%2Fwp%2Fv2%2Fcomments&post=3214"}],"version-history":[{"count":0,"href":"https:\/\/www.acusticauach.cl\/index.php?rest_route=\/wp\/v2\/posts\/3214\/revisions"}],"wp:featuredmedia":[{"embeddable":true,"href":"https:\/\/www.acusticauach.cl\/index.php?rest_route=\/wp\/v2\/media\/3215"}],"wp:attachment":[{"href":"https:\/\/www.acusticauach.cl\/index.php?rest_route=%2Fwp%2Fv2%2Fmedia&parent=3214"}],"wp:term":[{"taxonomy":"category","embeddable":true,"href":"https:\/\/www.acusticauach.cl\/index.php?rest_route=%2Fwp%2Fv2%2Fcategories&post=3214"},{"taxonomy":"post_tag","embeddable":true,"href":"https:\/\/www.acusticauach.cl\/index.php?rest_route=%2Fwp%2Fv2%2Ftags&post=3214"}],"curies":[{"name":"wp","href":"https:\/\/api.w.org\/{rel}","templated":true}]}}