{"id":3207,"date":"2013-05-16T23:59:17","date_gmt":"2013-05-17T03:59:17","guid":{"rendered":"http:\/\/www.acusticauach.cl\/?p=3207"},"modified":"2019-10-27T19:49:34","modified_gmt":"2019-10-27T22:49:34","slug":"1-medio-de-lanco-visita-acusticauach-como-parte-de-curso-de-fisica","status":"publish","type":"post","link":"https:\/\/www.acusticauach.cl\/?p=3207","title":{"rendered":"1\u00b0 Medio de Lanco Visita AcusticaUACh como parte de curso de F\u00edsica"},"content":{"rendered":"<h2>Exitosa visita de estudiantes del Colegio B. Felmer, quienes conocieron los laboratorios y estudios de esta unidad de la Facultad de Cs. de la Ingenier\u00eda<\/h2>\n<p>El jueves 16 de mayo la carrera de Ingenier\u00eda Civil Ac\u00fastica UACh recibi\u00f3 la visita de 29 estudiantes de 1\u00b0 Medio del Colegio B. Felmer, Lanco. La delegaci\u00f3n concret\u00f3 la visita al Estudio de Grabaci\u00f3n, las C\u00e1maras Aneciocas y C\u00e1maras reverberantes del Instituto de Ac\u00fastica.<\/p>\n<p>El docente a cargo del curso visitante, el profesor Raimundo Elicer Coopman, Profesional Ense\u00f1a Chile y Docente de Matem\u00e1tica y F\u00edsica, solicit\u00f3 la actividad como parte del estudio de los fen\u00f3menos de ondas, sonido y luz que ve en sus clases. El profesor puso \u00e9nfasis en el estudio general de las ondas, para tener una buena base y estudiar con mayor agilidad el sonido y posteriormente la luz.<\/p>\n<blockquote><p>\u201cEn todas las instalaciones los profesores se mostraron muy dispuestos, apasionados y claros para contar qu\u00e9 hacen en los laboratorios. Conocimos grabaciones y experimentos concretos, y vivieron experiencias sonoras distintas, asoci\u00e1ndolas a lo que han ido estudiando en clases\u201d,indic\u00f3 el profesor Elicer.<\/p><\/blockquote>\n<p>En el estudio de grabaci\u00f3n fueron recibidos por el Prof. Rodrigo Torres del Instituto de Ac\u00fastica, y pudieron apreciaron la importancia de estudiar el sonido como una onda (materiales, magnitudes y fen\u00f3menos asociados) para una grabaci\u00f3n de calidad. En el Campus Miraflores, los recibi\u00f3 el Prof. Alfio Yori, visitando las c\u00e1maras reverberantes y c\u00e1maras anecoicas, y conocieron su utilidad y pudieron vivir distintas experiencias sonoras.<\/p>\n<blockquote><p>\u201cLa visita result\u00f3 excelente. Cuadramos muy bien los horarios, los estudiantes aprendieron y se entretuvieron bastante. Lo esencial se logr\u00f3: vivir y experimentar lo que en la sala de clases apenas se alcanza a proyectar como \u201csombras\u201d\u201d, concluy\u00f3 el porfesor Elicer.<\/p>\n<p>&nbsp;<\/p>\n<p><img decoding=\"async\" class=\"aligncenter size-full wp-image-3212\" alt=\"VISITA_C-LANCO_03\" src=\"https:\/\/www.acusticauach.cl\/wp-content\/uploads\/2013\/05\/VISITA_C-LANCO_03.jpg\" width=\"800\" height=\"450\" srcset=\"https:\/\/www.acusticauach.cl\/wp-content\/uploads\/2013\/05\/VISITA_C-LANCO_03.jpg 800w, https:\/\/www.acusticauach.cl\/wp-content\/uploads\/2013\/05\/VISITA_C-LANCO_03-300x168.jpg 300w, https:\/\/www.acusticauach.cl\/wp-content\/uploads\/2013\/05\/VISITA_C-LANCO_03-700x393.jpg 700w, https:\/\/www.acusticauach.cl\/wp-content\/uploads\/2013\/05\/VISITA_C-LANCO_03-500x281.jpg 500w\" sizes=\"(max-width: 800px) 100vw, 800px\" \/><\/p><\/blockquote>\n<p>&nbsp;<\/p>\n<p>&nbsp;<\/p>\n","protected":false},"excerpt":{"rendered":"<p>Exitosa visita de estudiantes del Colegio B. Felmer, quienes conocieron los laboratorios y estudios de esta unidad de la Facultad de Cs. de la Ingenier\u00eda El jueves 16 de mayo la carrera de Ingenier\u00eda Civil Ac\u00fastica UACh recibi\u00f3 la visita de 29 estudiantes de 1\u00b0 Medio del Colegio B. Felmer, Lanco. La delegaci\u00f3n concret\u00f3 la [&hellip;]<\/p>\n","protected":false},"author":2,"featured_media":3208,"comment_status":"closed","ping_status":"closed","sticky":false,"template":"","format":"standard","meta":{"footnotes":""},"categories":[909],"tags":[164,162,165,163],"class_list":["post-3207","post","type-post","status-publish","format-standard","has-post-thumbnail","hentry","category-vinculacion","tag-anecoica","tag-liceo","tag-reverberante","tag-visita"],"_links":{"self":[{"href":"https:\/\/www.acusticauach.cl\/index.php?rest_route=\/wp\/v2\/posts\/3207","targetHints":{"allow":["GET"]}}],"collection":[{"href":"https:\/\/www.acusticauach.cl\/index.php?rest_route=\/wp\/v2\/posts"}],"about":[{"href":"https:\/\/www.acusticauach.cl\/index.php?rest_route=\/wp\/v2\/types\/post"}],"author":[{"embeddable":true,"href":"https:\/\/www.acusticauach.cl\/index.php?rest_route=\/wp\/v2\/users\/2"}],"replies":[{"embeddable":true,"href":"https:\/\/www.acusticauach.cl\/index.php?rest_route=%2Fwp%2Fv2%2Fcomments&post=3207"}],"version-history":[{"count":0,"href":"https:\/\/www.acusticauach.cl\/index.php?rest_route=\/wp\/v2\/posts\/3207\/revisions"}],"wp:featuredmedia":[{"embeddable":true,"href":"https:\/\/www.acusticauach.cl\/index.php?rest_route=\/wp\/v2\/media\/3208"}],"wp:attachment":[{"href":"https:\/\/www.acusticauach.cl\/index.php?rest_route=%2Fwp%2Fv2%2Fmedia&parent=3207"}],"wp:term":[{"taxonomy":"category","embeddable":true,"href":"https:\/\/www.acusticauach.cl\/index.php?rest_route=%2Fwp%2Fv2%2Fcategories&post=3207"},{"taxonomy":"post_tag","embeddable":true,"href":"https:\/\/www.acusticauach.cl\/index.php?rest_route=%2Fwp%2Fv2%2Ftags&post=3207"}],"curies":[{"name":"wp","href":"https:\/\/api.w.org\/{rel}","templated":true}]}}