{"id":3138,"date":"2013-05-15T13:06:12","date_gmt":"2013-05-15T17:06:12","guid":{"rendered":"http:\/\/www.acusticauach.cl\/?p=3138"},"modified":"2019-10-27T19:49:45","modified_gmt":"2019-10-27T22:49:45","slug":"acustica-uach-en-colegio-de-ingenieros-de-temuco","status":"publish","type":"post","link":"https:\/\/www.acusticauach.cl\/?p=3138","title":{"rendered":"Acustica UACh en Colegio de Ingenieros de Temuco"},"content":{"rendered":"<h2>Prof. Poo expuso sobre la Ingenier\u00eda Ac\u00fastica en Obras P\u00fablicas, Edificios y Proyectos Industriales<\/h2>\n<p>Como parte de la Semana de la Ingenier\u00eda Zonal Temuco del Colegio de Ingenieros de Chile, se realizaron diversas actividades del s\u00e1bado 11 al Viernes 17 de mayo. Entre ellas destac\u00f3 un conjunto de charlas t\u00e9cnicas llevadas a cabo el mi\u00e9rcoles 15 de mayo en el\u00a0Auditorio CChc. A este evento se invit\u00f3 a AcusticaUACh a realizar una presentaci\u00f3n que tuvo el t\u00edtulo\u00a0\u00a0<strong>La Ingenier\u00eda Ac\u00fastica en el Desarrollo de Obras P\u00fablicas, Edificios y Proyectos Industriales.<\/strong><\/p>\n<p>El profesor Claudio Poo explic\u00f3 que el enfoque fue exponer en forma breve c\u00f3mo la Ingenier\u00eda Ac\u00fastica se ha ido insertando en distintos proyectos que se han desarrollado en Chile y de la importancia de la interacci\u00f3n de las diversas disciplinas de un proyecto con el proyecto de especialidad ac\u00fastico.<\/p>\n<p>Participaron en la actividad otros exponentes con temas diversos en el \u00e1rea de ingenier\u00eda, por ejemplo:\u00a0Emprendimiento Mindscore,\u00a0Eficiencia Energ\u00e9tica, Cables Postensados\u00a0e\u00a0\u00a0Iluminaci\u00f3n LED.<\/p>\n<p><em id=\"__mceDel\"><em id=\"__mceDel\"><em id=\"__mceDel\"><em id=\"__mceDel\"><em id=\"__mceDel\"><em id=\"__mceDel\"><em id=\"__mceDel\"><em id=\"__mceDel\"><em id=\"__mceDel\"><em id=\"__mceDel\"><em id=\"__mceDel\">\u00a0<\/em><\/em><\/em><\/em><\/em><\/em><\/em><\/em><\/em><\/em><\/em><\/p>\n","protected":false},"excerpt":{"rendered":"<p>Prof. Poo expuso sobre la Ingenier\u00eda Ac\u00fastica en Obras P\u00fablicas, Edificios y Proyectos Industriales Como parte de la Semana de la Ingenier\u00eda Zonal Temuco del Colegio de Ingenieros de Chile, se realizaron diversas actividades del s\u00e1bado 11 al Viernes 17 de mayo. Entre ellas destac\u00f3 un conjunto de charlas t\u00e9cnicas llevadas a cabo el mi\u00e9rcoles [&hellip;]<\/p>\n","protected":false},"author":2,"featured_media":3139,"comment_status":"closed","ping_status":"closed","sticky":false,"template":"","format":"standard","meta":{"footnotes":""},"categories":[909],"tags":[84,161,140],"class_list":["post-3138","post","type-post","status-publish","format-standard","has-post-thumbnail","hentry","category-vinculacion","tag-charla","tag-colegio","tag-ingenieros"],"_links":{"self":[{"href":"https:\/\/www.acusticauach.cl\/index.php?rest_route=\/wp\/v2\/posts\/3138","targetHints":{"allow":["GET"]}}],"collection":[{"href":"https:\/\/www.acusticauach.cl\/index.php?rest_route=\/wp\/v2\/posts"}],"about":[{"href":"https:\/\/www.acusticauach.cl\/index.php?rest_route=\/wp\/v2\/types\/post"}],"author":[{"embeddable":true,"href":"https:\/\/www.acusticauach.cl\/index.php?rest_route=\/wp\/v2\/users\/2"}],"replies":[{"embeddable":true,"href":"https:\/\/www.acusticauach.cl\/index.php?rest_route=%2Fwp%2Fv2%2Fcomments&post=3138"}],"version-history":[{"count":0,"href":"https:\/\/www.acusticauach.cl\/index.php?rest_route=\/wp\/v2\/posts\/3138\/revisions"}],"wp:featuredmedia":[{"embeddable":true,"href":"https:\/\/www.acusticauach.cl\/index.php?rest_route=\/wp\/v2\/media\/3139"}],"wp:attachment":[{"href":"https:\/\/www.acusticauach.cl\/index.php?rest_route=%2Fwp%2Fv2%2Fmedia&parent=3138"}],"wp:term":[{"taxonomy":"category","embeddable":true,"href":"https:\/\/www.acusticauach.cl\/index.php?rest_route=%2Fwp%2Fv2%2Fcategories&post=3138"},{"taxonomy":"post_tag","embeddable":true,"href":"https:\/\/www.acusticauach.cl\/index.php?rest_route=%2Fwp%2Fv2%2Ftags&post=3138"}],"curies":[{"name":"wp","href":"https:\/\/api.w.org\/{rel}","templated":true}]}}