{"id":3121,"date":"2013-06-13T11:15:30","date_gmt":"2013-06-13T15:15:30","guid":{"rendered":"http:\/\/www.acusticauach.cl\/?p=3121"},"modified":"2013-06-13T11:15:30","modified_gmt":"2013-06-13T15:15:30","slug":"diario-austral-valdiviano-se-suma-a-la-comision-chilena-de-energia-nuclear","status":"publish","type":"post","link":"https:\/\/www.acusticauach.cl\/?p=3121","title":{"rendered":"Diario Austral: Valdiviano se suma a la Comisi\u00f3n Chilena de Energ\u00eda Nuclear"},"content":{"rendered":"<h2>Estudiante de Ingenier\u00eda Ac\u00fastica desarrollar\u00e1 una tesis experimental y su caso es considerado \u00abin\u00e9dito\u00bb<\/h2>\n<p>Se destaca la tesis de Osvaldo Cuadrado, estudiante egresado de Ingenier\u00eda Civil Ac\u00fastica, quien aprovech\u00f3 un llamado para postular a una tesis en la CCHEN, canalizado por la Escuela de Ing. Civil Ac\u00fastica.<\/p>\n<p><a href=\"http:\/\/www.australvaldivia.cl\/impresa\/2013\/06\/13\/full\/6\/\" target=\"_blank\">Ver reportaje en el Diario Austral.<\/a><\/p>\n<p><a href=\"https:\/\/www.acusticauach.cl\/wp-content\/uploads\/2013\/06\/P\u00e1gina-6-El-Austral-de-Los-R\u00edos-La-edici\u00f3n-digital-completa-en-Internet.pdf\">Ver archivo pdf<\/a><\/p>\n","protected":false},"excerpt":{"rendered":"<p>Estudiante de Ingenier\u00eda Ac\u00fastica desarrollar\u00e1 una tesis experimental y su caso es considerado \u00abin\u00e9dito\u00bb Se destaca la tesis de Osvaldo Cuadrado, estudiante egresado de Ingenier\u00eda Civil Ac\u00fastica, quien aprovech\u00f3 un llamado para postular a una tesis en la CCHEN, canalizado por la Escuela de Ing. Civil Ac\u00fastica. Ver reportaje en el Diario Austral. Ver archivo [&hellip;]<\/p>\n","protected":false},"author":2,"featured_media":3122,"comment_status":"closed","ping_status":"closed","sticky":false,"template":"","format":"standard","meta":{"footnotes":""},"categories":[102],"tags":[160,37,81],"class_list":["post-3121","post","type-post","status-publish","format-standard","has-post-thumbnail","hentry","category-acusticauach_medios","tag-cchen","tag-estudiantes","tag-tesis"],"_links":{"self":[{"href":"https:\/\/www.acusticauach.cl\/index.php?rest_route=\/wp\/v2\/posts\/3121","targetHints":{"allow":["GET"]}}],"collection":[{"href":"https:\/\/www.acusticauach.cl\/index.php?rest_route=\/wp\/v2\/posts"}],"about":[{"href":"https:\/\/www.acusticauach.cl\/index.php?rest_route=\/wp\/v2\/types\/post"}],"author":[{"embeddable":true,"href":"https:\/\/www.acusticauach.cl\/index.php?rest_route=\/wp\/v2\/users\/2"}],"replies":[{"embeddable":true,"href":"https:\/\/www.acusticauach.cl\/index.php?rest_route=%2Fwp%2Fv2%2Fcomments&post=3121"}],"version-history":[{"count":0,"href":"https:\/\/www.acusticauach.cl\/index.php?rest_route=\/wp\/v2\/posts\/3121\/revisions"}],"wp:featuredmedia":[{"embeddable":true,"href":"https:\/\/www.acusticauach.cl\/index.php?rest_route=\/wp\/v2\/media\/3122"}],"wp:attachment":[{"href":"https:\/\/www.acusticauach.cl\/index.php?rest_route=%2Fwp%2Fv2%2Fmedia&parent=3121"}],"wp:term":[{"taxonomy":"category","embeddable":true,"href":"https:\/\/www.acusticauach.cl\/index.php?rest_route=%2Fwp%2Fv2%2Fcategories&post=3121"},{"taxonomy":"post_tag","embeddable":true,"href":"https:\/\/www.acusticauach.cl\/index.php?rest_route=%2Fwp%2Fv2%2Ftags&post=3121"}],"curies":[{"name":"wp","href":"https:\/\/api.w.org\/{rel}","templated":true}]}}