{"id":3057,"date":"2013-05-22T23:39:04","date_gmt":"2013-05-23T03:39:04","guid":{"rendered":"http:\/\/www.acusticauach.cl\/?p=3057"},"modified":"2019-10-27T19:49:24","modified_gmt":"2019-10-27T22:49:24","slug":"acusticauach-y-pdi-colaboran-en-investigacion-sobre-acustica-forense","status":"publish","type":"post","link":"https:\/\/www.acusticauach.cl\/?p=3057","title":{"rendered":"AcusticaUACh y PDI colaboran en investigaci\u00f3n sobre ac\u00fastica forense"},"content":{"rendered":"<h2>La investigaci\u00f3n concluy\u00f3 que la pronunciaci\u00f3n de las consonantes nasales entrega informaci\u00f3n \u00fatil en los procesos de an\u00e1lisis forense donde se necesita hacer comparaci\u00f3n de voces.<\/h2>\n<p><em>* Se trata de la Tesis de Mag\u00edster en Ac\u00fastica y Vibraciones UACh de Felipe Far\u00edas, enmarcada en el Proyecto Fondecyt \u201cVoces en contextos periciales para el reconocimiento autom\u00e1tico\u201d.<\/em><\/p>\n<p>Periodista: Neus Colom\u00e9s.<\/p>\n<p>Establecer si la pronunciaci\u00f3n de las consonantes es una herramienta v\u00e1lida en el reconocimiento o comparaci\u00f3n forense de locutores fue el objetivo principal de la tesis de Postgrado del acad\u00e9mico de la Universidad de Chile, Felipe Far\u00edas. \u201cEn Chile, la Reforma Procesal Penal utiliza las voces grabadas como posibles pruebas en la determinaci\u00f3n de inocencia o culpabilidad de los sujetos llevados a juicio oral y, con ello, el desarrollo de los an\u00e1lisis periciales. Sin embargo como es algo bastante nuevo en Chile es necesario seguir investigando sobre que herramientas son las mejores para abordar la problem\u00e1tica de la prueba de reconocimiento de voz\u201d afirm\u00f3.<\/p>\n<p>En la investigaci\u00f3n realizada para obtener el grado de Mag\u00edster en Ac\u00fastica y Vibraciones UACh se analizaron y compararon los formantes de las consonantes nasales de los audios de casos cerrados de la PDI (2006-2009). Los resultados obtenidos en las comparaciones mostraron que si son una herramienta recomendable para la comparaci\u00f3n forense de locutores. \u201cLas consonantes nasales tienen caracter\u00edsticas fuertemente dependientes de cada locutor, lo cual favorece la comparaci\u00f3n forense de hablantes\u201d afirm\u00f3 el acad\u00e9mico.<\/p>\n<p><strong>Investigaci\u00f3n In\u00e9dita en Chile<\/strong><\/p>\n<p>El Perito en Sonido de la PDI e Ingeniero Ac\u00fastico UACh, C\u00e9sar S\u00e1ez, afirm\u00f3 que en nuestro pa\u00eds es una investigaci\u00f3n in\u00e9dita, \u201chay experiencias parecidas en Europa y en Australia, donde la Universidad y los cient\u00edficos trabajan con la polic\u00eda, pero ac\u00e1 es primera vez\u201d.<\/p>\n<p>La idea destac\u00f3 es poder vincular a los investigadores de la UACh que son parte de este proyecto a la PDI ya sea en casos particulares o como investigadores externos, \u201cno queremos perder el v\u00ednculo con ellos, ser\u00eda un error dejarlos partir ya desde hace mucho tiempo hemos tenido preguntas sobre qu\u00e9 par\u00e1metros fon\u00e9ticos ling\u00fc\u00edsticos se pod\u00edan utilizar para temas de comparaci\u00f3n de voz\u201d, destac\u00f3.<\/p>\n<p>\u201cEste tipo de investigaciones nos han servido para clarificar ciertas cosas y las conclusiones a las que se han arribado han sido bastante buenas y practicables para nuestro trabajo, as\u00ed que desde ese sentido es muy relevante esto\u201d recalc\u00f3.<\/p>\n<p>As\u00ed tambi\u00e9n la Directora del Proyecto Fodecyt \u201cVoces en contextos periciales para el reconocimiento autom\u00e1tico\u201d, Dra. en Ling\u00fc\u00edstica Espa\u00f1ola,\u00a0Claudia Rosas, afirm\u00f3 que esta tesis es muy interesante ya que \u201cdespeja muchas dudas en un tema que es bastante complejo, que no se ha estudiado mucho y que tiene mucha relevancia e impacto en t\u00e9rminos del an\u00e1lisis forense de la voz en Chile. Creo que sienta un presente importante donde se ha llevado a cabo un trabajo con much\u00edsima profundidad y con un despliegue metodol\u00f3gico bastante acorde a los nuevos tiempos.<\/p>\n<p>As\u00ed tambi\u00e9n destac\u00f3 la importancia de la interdisciplinar para abordar este tipo de investigaci\u00f3n. Este tema implica una interdisciplinaridad que convoca b\u00e1sicamente el estudio ling\u00fc\u00edstico y tambi\u00e9n el estudio ac\u00fastico y probablemente tambi\u00e9n el estudio estad\u00edstico de los datos y es algo que queremos implementar en un pr\u00f3ximo proyecto que estamos vislumbrando desarrollar para el 2014\u201d.<\/p>\n<p><strong>Ac\u00fastica forense en Chile<\/strong><\/p>\n<p>La Polic\u00eda de Investigaciones de Chile, cre\u00f3 en el a\u00f1o 2003 la secci\u00f3n de Sonido en el Laboratorio de Criminal\u00edstica, que entre otras funciones, tiene la identificaci\u00f3n y an\u00e1lisis de voz. El a\u00f1o 2006, la ahora llamada secci\u00f3n de Sonido y Audiovisual de este laboratorio, incorpor\u00f3 en sus peritajes el reconocimiento de hablantes con la herramienta biom\u00e9trica.<\/p>\n<p>En este contexto, surge desde fines de 2005 una base de datos de grabaciones utilizadas como pruebas, con diferentes condiciones, pero que involuntariamente se transforma en una muestra representativa de la calidad y las caracter\u00edsticas ling\u00fc\u00edsticas de las voces y grabaciones que se encuentran o se podr\u00edan encontrar en la realidad chilena.<\/p>\n<p>Asumiendo el desaf\u00edo que implica la determinaci\u00f3n de una poblaci\u00f3n de referencia de voz para las comparaciones forenses, surge el proyecto Fondecyt \u201cVoces en contextos periciales para el reconocimiento autom\u00e1tico\u201d, del cual esta tesis es parte.<\/p>\n","protected":false},"excerpt":{"rendered":"<p>La investigaci\u00f3n concluy\u00f3 que la pronunciaci\u00f3n de las consonantes nasales entrega informaci\u00f3n \u00fatil en los procesos de an\u00e1lisis forense donde se necesita hacer comparaci\u00f3n de voces. * Se trata de la Tesis de Mag\u00edster en Ac\u00fastica y Vibraciones UACh de Felipe Far\u00edas, enmarcada en el Proyecto Fondecyt \u201cVoces en contextos periciales para el reconocimiento autom\u00e1tico\u201d. [&hellip;]<\/p>\n","protected":false},"author":2,"featured_media":3058,"comment_status":"closed","ping_status":"closed","sticky":false,"template":"","format":"standard","meta":{"footnotes":""},"categories":[908],"tags":[155,154,153,104],"class_list":["post-3057","post","type-post","status-publish","format-standard","has-post-thumbnail","hentry","category-investigacion","tag-fodecyt","tag-forense","tag-magister","tag-pdi"],"_links":{"self":[{"href":"https:\/\/www.acusticauach.cl\/index.php?rest_route=\/wp\/v2\/posts\/3057","targetHints":{"allow":["GET"]}}],"collection":[{"href":"https:\/\/www.acusticauach.cl\/index.php?rest_route=\/wp\/v2\/posts"}],"about":[{"href":"https:\/\/www.acusticauach.cl\/index.php?rest_route=\/wp\/v2\/types\/post"}],"author":[{"embeddable":true,"href":"https:\/\/www.acusticauach.cl\/index.php?rest_route=\/wp\/v2\/users\/2"}],"replies":[{"embeddable":true,"href":"https:\/\/www.acusticauach.cl\/index.php?rest_route=%2Fwp%2Fv2%2Fcomments&post=3057"}],"version-history":[{"count":0,"href":"https:\/\/www.acusticauach.cl\/index.php?rest_route=\/wp\/v2\/posts\/3057\/revisions"}],"wp:featuredmedia":[{"embeddable":true,"href":"https:\/\/www.acusticauach.cl\/index.php?rest_route=\/wp\/v2\/media\/3058"}],"wp:attachment":[{"href":"https:\/\/www.acusticauach.cl\/index.php?rest_route=%2Fwp%2Fv2%2Fmedia&parent=3057"}],"wp:term":[{"taxonomy":"category","embeddable":true,"href":"https:\/\/www.acusticauach.cl\/index.php?rest_route=%2Fwp%2Fv2%2Fcategories&post=3057"},{"taxonomy":"post_tag","embeddable":true,"href":"https:\/\/www.acusticauach.cl\/index.php?rest_route=%2Fwp%2Fv2%2Ftags&post=3057"}],"curies":[{"name":"wp","href":"https:\/\/api.w.org\/{rel}","templated":true}]}}