{"id":2530,"date":"2009-09-15T09:27:39","date_gmt":"2009-09-15T13:27:39","guid":{"rendered":"http:\/\/www.acusticauach.cl\/?p=2530"},"modified":"2019-10-27T20:00:54","modified_gmt":"2019-10-27T23:00:54","slug":"gira-estudio-bachilleres-2009","status":"publish","type":"post","link":"https:\/\/www.acusticauach.cl\/?p=2530","title":{"rendered":"Gira Estudio Bachilleres 2009"},"content":{"rendered":"<p>Se organiz\u00f3 la Gira de Estudios de car\u00e1cter temprano, con estudiantes que completaron el ciclo del Bachillerato. Con siete estudiantes se visitaron durante septiembre de 2009 la empresa\u00a0<a title=\"CONTROL AC\u00daSTICO LTDA. \" href=\"http:\/\/www.controlacustico.cl\/\" target=\"_blank\" rel=\"noopener noreferrer\">Control Ac\u00fastico Gerard Ing. Ac\u00fastica<\/a>\u00a0(Ing. Ac\u00fastico Christian Gerard),\u00a0<a title=\"Estudios Triana\" href=\"http:\/\/www.estudiostriana.cl\/\" target=\"_blank\" rel=\"noopener noreferrer\">Estudios Triana<\/a>\u00a0(In. Ac\u00fastico Claudius Rieth),\u00a0<a title=\"Canal 13\" href=\"http:\/\/www.canal13.cl\/\" target=\"_blank\" rel=\"noopener noreferrer\">Canal 13\u00a0<\/a>(Jefe \u00c1rea de Audio Roberto Herzberg),\u00a0<a title=\"Silentium\" href=\"http:\/\/www.silentium.cl\/\" target=\"_blank\" rel=\"noopener noreferrer\">Silentium<\/a>\u00a0(Ing. Ac\u00fastico Christopher Rooke), y\u00a0<a title=\"Asociaci\u00f3n Chilena de Seguridad\" href=\"http:\/\/www.achs.cl\/\" target=\"_blank\" rel=\"noopener noreferrer\">Asociaci\u00f3n Chilena de Seguridad<\/a>\u00a0(Sra. Ana Mar\u00eda Salazar Jefa de la Unidad de Riesgos F\u00edsicos, e Ing. Ac\u00fastico Alonso Carrillo y Juan Ch\u00e1vez)<\/p>\n<p>[dopwgg id=\u00bb14&#8243;]<\/p>\n","protected":false},"excerpt":{"rendered":"<p>Se organiz\u00f3 la Gira de Estudios de car\u00e1cter temprano, con estudiantes que completaron el ciclo del Bachillerato. Con siete estudiantes se visitaron durante septiembre de 2009 la empresa\u00a0Control Ac\u00fastico Gerard Ing. Ac\u00fastica\u00a0(Ing. Ac\u00fastico Christian Gerard),\u00a0Estudios Triana\u00a0(In. Ac\u00fastico Claudius Rieth),\u00a0Canal 13\u00a0(Jefe \u00c1rea de Audio Roberto Herzberg),\u00a0Silentium\u00a0(Ing. Ac\u00fastico Christopher Rooke), y\u00a0Asociaci\u00f3n Chilena de Seguridad\u00a0(Sra. Ana Mar\u00eda Salazar [&hellip;]<\/p>\n","protected":false},"author":2,"featured_media":2531,"comment_status":"closed","ping_status":"closed","sticky":false,"template":"","format":"standard","meta":{"footnotes":""},"categories":[906,111],"tags":[37,115,298],"class_list":["post-2530","post","type-post","status-publish","format-standard","has-post-thumbnail","hentry","category-pregrado","category-galerias","tag-estudiantes","tag-gira","tag-gira-de-estudio"],"_links":{"self":[{"href":"https:\/\/www.acusticauach.cl\/index.php?rest_route=\/wp\/v2\/posts\/2530","targetHints":{"allow":["GET"]}}],"collection":[{"href":"https:\/\/www.acusticauach.cl\/index.php?rest_route=\/wp\/v2\/posts"}],"about":[{"href":"https:\/\/www.acusticauach.cl\/index.php?rest_route=\/wp\/v2\/types\/post"}],"author":[{"embeddable":true,"href":"https:\/\/www.acusticauach.cl\/index.php?rest_route=\/wp\/v2\/users\/2"}],"replies":[{"embeddable":true,"href":"https:\/\/www.acusticauach.cl\/index.php?rest_route=%2Fwp%2Fv2%2Fcomments&post=2530"}],"version-history":[{"count":0,"href":"https:\/\/www.acusticauach.cl\/index.php?rest_route=\/wp\/v2\/posts\/2530\/revisions"}],"wp:featuredmedia":[{"embeddable":true,"href":"https:\/\/www.acusticauach.cl\/index.php?rest_route=\/wp\/v2\/media\/2531"}],"wp:attachment":[{"href":"https:\/\/www.acusticauach.cl\/index.php?rest_route=%2Fwp%2Fv2%2Fmedia&parent=2530"}],"wp:term":[{"taxonomy":"category","embeddable":true,"href":"https:\/\/www.acusticauach.cl\/index.php?rest_route=%2Fwp%2Fv2%2Fcategories&post=2530"},{"taxonomy":"post_tag","embeddable":true,"href":"https:\/\/www.acusticauach.cl\/index.php?rest_route=%2Fwp%2Fv2%2Ftags&post=2530"}],"curies":[{"name":"wp","href":"https:\/\/api.w.org\/{rel}","templated":true}]}}