{"id":2442,"date":"2012-11-07T13:25:13","date_gmt":"2012-11-07T16:25:13","guid":{"rendered":"http:\/\/www.acusticauach.cl\/?p=2442"},"modified":"2019-10-27T19:54:30","modified_gmt":"2019-10-27T22:54:30","slug":"seminario-de-absorbentes-porosos-de-materiales-reciclados","status":"publish","type":"post","link":"https:\/\/www.acusticauach.cl\/?p=2442","title":{"rendered":"Dr. Arenas dicta seminario en USA sobre absorbentes porosos de materiales reciclados"},"content":{"rendered":"<h2>Profesor de AcusticaUACh ofrece seminario sobre materiales ac\u00fasticos y se estrechan lazos con dos\u00a0importantes\u00a0universidades.<\/h2>\n<p>El Dr. Jorge Arenas, Director del Instituto de Ac\u00fastica UACh, fue invitado por el Departamento de Ingenier\u00eda Mec\u00e1nica del Samuel Ginn College of Engineering de la Universidad de Auburn en Alabama, Estados Unidos (<a href=\"www.auburn.edu\" target=\"_blank\" rel=\"noopener noreferrer\">www.auburn.edu<\/a>), para presentar el seminario \u00abPorous sound absorbers made of recycled materials\u00bb. A este seminario, realizado el 26 de octubre, asistieron profesores y estudiantes de posgrado de esa universidad norteamericana.<\/p>\n<p><img decoding=\"async\" class=\"wp-image-2453 alignright\" title=\"Foto Seminario 01\" src=\"https:\/\/www.acusticauach.cl\/wp-content\/uploads\/2012\/11\/Foto-Seminario-01-1024x697.jpg\" alt=\"\" width=\"384\" height=\"261\" srcset=\"https:\/\/www.acusticauach.cl\/wp-content\/uploads\/2012\/11\/Foto-Seminario-01-1024x697.jpg 1024w, https:\/\/www.acusticauach.cl\/wp-content\/uploads\/2012\/11\/Foto-Seminario-01-300x204.jpg 300w, https:\/\/www.acusticauach.cl\/wp-content\/uploads\/2012\/11\/Foto-Seminario-01-700x476.jpg 700w, https:\/\/www.acusticauach.cl\/wp-content\/uploads\/2012\/11\/Foto-Seminario-01-500x340.jpg 500w\" sizes=\"(max-width: 384px) 100vw, 384px\" \/><\/p>\n<p>El Dr. Arenas lidera en Chile un proyecto financiado por <a href=\"https:\/\/www.acusticauach.cl\/?page_id=394\">Fondecyt<\/a> sobre el desarrollo de materiales absorbentes sonoros y su aplicaci\u00f3n al control del ruido y vibraciones.<\/p>\n<p>Adem\u00e1s, durante este viaje, el Dr. Arenas acompa\u00f1\u00f3 al Decano de nuestra Facultad Dr. Rogelio Moreno a visitar el <a href=\"http:\/\/www.eng.vt.edu\/\" target=\"_blank\" rel=\"noopener noreferrer\">College of Engineering del Virginia Tech<\/a> en la ciudad de Blacksburg y varios departamentos acad\u00e9micos de la Universidad de Auburn, para conocer las principales \u00e1reas de investigaci\u00f3n en estas universidades. Recientemente, la UACh firm\u00f3 convenios de cooperaci\u00f3n con ambas instituciones, lo que permitir\u00e1 incrementar el intercambio cient\u00edfico, acad\u00e9mico y estudiantil.<\/p>\n<p>&nbsp;<\/p>\n<p style=\"text-align: center;\"><a href=\"https:\/\/www.acusticauach.cl\/wp-content\/uploads\/2012\/11\/Foto-Seminario-03.jpg\"><img decoding=\"async\" class=\"wp-image-2455 alignleft\" title=\"Foto Seminario 03\" src=\"https:\/\/www.acusticauach.cl\/wp-content\/uploads\/2012\/11\/Foto-Seminario-03-1024x768.jpg\" alt=\"\" width=\"384\" height=\"288\" srcset=\"https:\/\/www.acusticauach.cl\/wp-content\/uploads\/2012\/11\/Foto-Seminario-03-1024x768.jpg 1024w, https:\/\/www.acusticauach.cl\/wp-content\/uploads\/2012\/11\/Foto-Seminario-03-300x225.jpg 300w, https:\/\/www.acusticauach.cl\/wp-content\/uploads\/2012\/11\/Foto-Seminario-03-700x525.jpg 700w, https:\/\/www.acusticauach.cl\/wp-content\/uploads\/2012\/11\/Foto-Seminario-03-500x375.jpg 500w\" sizes=\"(max-width: 384px) 100vw, 384px\" \/><\/a><\/p>\n<p>&nbsp;<\/p>\n","protected":false},"excerpt":{"rendered":"<p>Profesor de AcusticaUACh ofrece seminario sobre materiales ac\u00fasticos y se estrechan lazos con dos\u00a0importantes\u00a0universidades. El Dr. Jorge Arenas, Director del Instituto de Ac\u00fastica UACh, fue invitado por el Departamento de Ingenier\u00eda Mec\u00e1nica del Samuel Ginn College of Engineering de la Universidad de Auburn en Alabama, Estados Unidos (www.auburn.edu), para presentar el seminario \u00abPorous sound absorbers [&hellip;]<\/p>\n","protected":false},"author":2,"featured_media":2454,"comment_status":"closed","ping_status":"closed","sticky":false,"template":"","format":"standard","meta":{"footnotes":""},"categories":[908],"tags":[48,105,20,51],"class_list":["post-2442","post","type-post","status-publish","format-standard","has-post-thumbnail","hentry","category-investigacion","tag-arenas","tag-fondecyt","tag-seminario","tag-usa"],"_links":{"self":[{"href":"https:\/\/www.acusticauach.cl\/index.php?rest_route=\/wp\/v2\/posts\/2442","targetHints":{"allow":["GET"]}}],"collection":[{"href":"https:\/\/www.acusticauach.cl\/index.php?rest_route=\/wp\/v2\/posts"}],"about":[{"href":"https:\/\/www.acusticauach.cl\/index.php?rest_route=\/wp\/v2\/types\/post"}],"author":[{"embeddable":true,"href":"https:\/\/www.acusticauach.cl\/index.php?rest_route=\/wp\/v2\/users\/2"}],"replies":[{"embeddable":true,"href":"https:\/\/www.acusticauach.cl\/index.php?rest_route=%2Fwp%2Fv2%2Fcomments&post=2442"}],"version-history":[{"count":0,"href":"https:\/\/www.acusticauach.cl\/index.php?rest_route=\/wp\/v2\/posts\/2442\/revisions"}],"wp:featuredmedia":[{"embeddable":true,"href":"https:\/\/www.acusticauach.cl\/index.php?rest_route=\/wp\/v2\/media\/2454"}],"wp:attachment":[{"href":"https:\/\/www.acusticauach.cl\/index.php?rest_route=%2Fwp%2Fv2%2Fmedia&parent=2442"}],"wp:term":[{"taxonomy":"category","embeddable":true,"href":"https:\/\/www.acusticauach.cl\/index.php?rest_route=%2Fwp%2Fv2%2Fcategories&post=2442"},{"taxonomy":"post_tag","embeddable":true,"href":"https:\/\/www.acusticauach.cl\/index.php?rest_route=%2Fwp%2Fv2%2Ftags&post=2442"}],"curies":[{"name":"wp","href":"https:\/\/api.w.org\/{rel}","templated":true}]}}