{"id":2302,"date":"2012-08-29T01:33:59","date_gmt":"2012-08-29T05:33:59","guid":{"rendered":"http:\/\/www.acusticauach.cl\/?p=2302"},"modified":"2012-10-31T02:16:45","modified_gmt":"2012-10-31T05:16:45","slug":"tvn-feria-educacional-ing-civil-acustica-carrera-novedosa","status":"publish","type":"post","link":"https:\/\/www.acusticauach.cl\/?p=2302","title":{"rendered":"TVN: Feria Educacional, Ing. Civil Ac\u00fastica carrera novedosa"},"content":{"rendered":"<p><strong>TVN BioBio:\u00a0AcusticaUACh Participa en Feria Educaci\u00f3n SIAD Concepci\u00f3n 2012<\/strong><\/p>\n<p>Reportaje a Feria Educacional SIAD Concepci\u00f3n, lunes 11 de junio de 2012.<br \/>\n<iframe src=\"http:\/\/www.youtube.com\/embed\/wD5SsOmF3kc\" frameborder=\"0\" width=\"700\" height=\"525\"><\/iframe><\/p>\n","protected":false},"excerpt":{"rendered":"<p>TVN BioBio:\u00a0AcusticaUACh Participa en Feria Educaci\u00f3n SIAD Concepci\u00f3n 2012 Reportaje a Feria Educacional SIAD Concepci\u00f3n, lunes 11 de junio de 2012.<\/p>\n","protected":false},"author":2,"featured_media":2303,"comment_status":"closed","ping_status":"closed","sticky":false,"template":"","format":"standard","meta":{"footnotes":""},"categories":[102],"tags":[29,109,37,16,108],"class_list":["post-2302","post","type-post","status-publish","format-standard","has-post-thumbnail","hentry","category-acusticauach_medios","tag-carrera","tag-concepcion","tag-estudiantes","tag-feria","tag-siad"],"_links":{"self":[{"href":"https:\/\/www.acusticauach.cl\/index.php?rest_route=\/wp\/v2\/posts\/2302","targetHints":{"allow":["GET"]}}],"collection":[{"href":"https:\/\/www.acusticauach.cl\/index.php?rest_route=\/wp\/v2\/posts"}],"about":[{"href":"https:\/\/www.acusticauach.cl\/index.php?rest_route=\/wp\/v2\/types\/post"}],"author":[{"embeddable":true,"href":"https:\/\/www.acusticauach.cl\/index.php?rest_route=\/wp\/v2\/users\/2"}],"replies":[{"embeddable":true,"href":"https:\/\/www.acusticauach.cl\/index.php?rest_route=%2Fwp%2Fv2%2Fcomments&post=2302"}],"version-history":[{"count":0,"href":"https:\/\/www.acusticauach.cl\/index.php?rest_route=\/wp\/v2\/posts\/2302\/revisions"}],"wp:featuredmedia":[{"embeddable":true,"href":"https:\/\/www.acusticauach.cl\/index.php?rest_route=\/wp\/v2\/media\/2303"}],"wp:attachment":[{"href":"https:\/\/www.acusticauach.cl\/index.php?rest_route=%2Fwp%2Fv2%2Fmedia&parent=2302"}],"wp:term":[{"taxonomy":"category","embeddable":true,"href":"https:\/\/www.acusticauach.cl\/index.php?rest_route=%2Fwp%2Fv2%2Fcategories&post=2302"},{"taxonomy":"post_tag","embeddable":true,"href":"https:\/\/www.acusticauach.cl\/index.php?rest_route=%2Fwp%2Fv2%2Ftags&post=2302"}],"curies":[{"name":"wp","href":"https:\/\/api.w.org\/{rel}","templated":true}]}}