{"id":2238,"date":"2012-10-26T10:53:21","date_gmt":"2012-10-26T13:53:21","guid":{"rendered":"http:\/\/www.acusticauach.cl\/?p=2238"},"modified":"2019-10-27T19:54:43","modified_gmt":"2019-10-27T22:54:43","slug":"avances-de-estudios-en-inteligibilidad-de-la-palabra-y-analisis-de-audios-en-casos-policiales","status":"publish","type":"post","link":"https:\/\/www.acusticauach.cl\/?p=2238","title":{"rendered":"Estudios en inteligibilidad de la palabra y an\u00e1lisis de audios en casos policiales"},"content":{"rendered":"<h2>En Congreso Internacional de Ac\u00fastica realizado en Portugal se presentan avances de proyectos de investigaci\u00f3n<\/h2>\n<p>Se trata de los resultados de dos proyectos Fondecyt (Ref.: 1090249 y 1110742), liderados por el Dr. Jorge Sommerhoff, del Instituto de Ac\u00fastica y la Dra. Claudia Rosas, del Instituto de Ling\u00fc\u00edstica y Literatura.<\/p>\n<p>El trabajo del Dr. Sommerhoff (Relaci\u00f3n entre los Porcentajes de Inteligibilidad de Pruebas de Articulaci\u00f3n y Valores de STI) subraya la perspectiva subjetiva en la elaboraci\u00f3n de los test de inteligibilidad. Parte de este interesante y novedoso enfoque ha sido publicado, recientemente, en Applied Acoustics.<\/p>\n<p><img decoding=\"async\" class=\"wp-image-2436 alignright\" style=\"line-height: 18px;\" title=\"Fekipe Farias\" src=\"https:\/\/www.acusticauach.cl\/wp-content\/uploads\/2012\/10\/Fekipe-Farias-768x1024.jpg\" alt=\"\" width=\"230\" height=\"307\" srcset=\"https:\/\/www.acusticauach.cl\/wp-content\/uploads\/2012\/10\/Fekipe-Farias-768x1024.jpg 768w, https:\/\/www.acusticauach.cl\/wp-content\/uploads\/2012\/10\/Fekipe-Farias-225x300.jpg 225w, https:\/\/www.acusticauach.cl\/wp-content\/uploads\/2012\/10\/Fekipe-Farias-700x932.jpg 700w, https:\/\/www.acusticauach.cl\/wp-content\/uploads\/2012\/10\/Fekipe-Farias-500x666.jpg 500w, https:\/\/www.acusticauach.cl\/wp-content\/uploads\/2012\/10\/Fekipe-Farias.jpg 800w\" sizes=\"(max-width: 230px) 100vw, 230px\" \/><\/p>\n<p>Por su parte, la Dra. Rosas (Extracci\u00f3n de LRS de Audios de Casos Cerrados de la Polic\u00eda de Investigaciones de Chile PDI) abord\u00f3 aspectos metodol\u00f3gicos de la constituci\u00f3n de una base de datos en Chile para el reconocimiento autom\u00e1tico de la voz en contextos periciales.<\/p>\n<p>Ambos acad\u00e9micos valoran el trabajo de conjunto que han realizado con la Polic\u00eda de Investigaciones de Chile (PDI), a trav\u00e9s del funcionario, Ing. Ac\u00fastico C\u00e9sar S\u00e1ez, la reciente alianza con la University of New South Wales (UNSW) y la incorporaci\u00f3n a sus filas de trabajo de los estudiantes del Mag\u00edster en Ac\u00fastica y Vibraciones, Jos\u00e9 Novoa y Felipe<br \/>\nFar\u00edas.<\/p>\n<p><a href=\"http:\/\/www.spacustica.pt\/acustica2012\/espanhol\/index_es.html\" target=\"_blank\" rel=\"noopener noreferrer\">Ver datos del congreso: VIII Congreso Iberoamericano de Ac\u00fastica, el VII Congreso Ib\u00e9rico de Ac\u00fastica, el XLIII Congreso Espa\u00f1ol de Ac\u00fastica \u2013 TECNIAC\u00daSTICA\u00ae 2012 \u2013 Y el Simposio Europeo de Ac\u00fastica<\/a><\/p>\n<p>&nbsp;<\/p>\n","protected":false},"excerpt":{"rendered":"<p>En Congreso Internacional de Ac\u00fastica realizado en Portugal se presentan avances de proyectos de investigaci\u00f3n Se trata de los resultados de dos proyectos Fondecyt (Ref.: 1090249 y 1110742), liderados por el Dr. Jorge Sommerhoff, del Instituto de Ac\u00fastica y la Dra. Claudia Rosas, del Instituto de Ling\u00fc\u00edstica y Literatura. El trabajo del Dr. Sommerhoff (Relaci\u00f3n [&hellip;]<\/p>\n","protected":false},"author":2,"featured_media":2239,"comment_status":"closed","ping_status":"closed","sticky":false,"template":"","format":"standard","meta":{"footnotes":""},"categories":[908],"tags":[21,19,105,103,104,54],"class_list":["post-2238","post","type-post","status-publish","format-standard","has-post-thumbnail","hentry","category-investigacion","tag-congreso","tag-fia","tag-fondecyt","tag-inteligibilidad","tag-pdi","tag-sommerhoff"],"_links":{"self":[{"href":"https:\/\/www.acusticauach.cl\/index.php?rest_route=\/wp\/v2\/posts\/2238","targetHints":{"allow":["GET"]}}],"collection":[{"href":"https:\/\/www.acusticauach.cl\/index.php?rest_route=\/wp\/v2\/posts"}],"about":[{"href":"https:\/\/www.acusticauach.cl\/index.php?rest_route=\/wp\/v2\/types\/post"}],"author":[{"embeddable":true,"href":"https:\/\/www.acusticauach.cl\/index.php?rest_route=\/wp\/v2\/users\/2"}],"replies":[{"embeddable":true,"href":"https:\/\/www.acusticauach.cl\/index.php?rest_route=%2Fwp%2Fv2%2Fcomments&post=2238"}],"version-history":[{"count":0,"href":"https:\/\/www.acusticauach.cl\/index.php?rest_route=\/wp\/v2\/posts\/2238\/revisions"}],"wp:featuredmedia":[{"embeddable":true,"href":"https:\/\/www.acusticauach.cl\/index.php?rest_route=\/wp\/v2\/media\/2239"}],"wp:attachment":[{"href":"https:\/\/www.acusticauach.cl\/index.php?rest_route=%2Fwp%2Fv2%2Fmedia&parent=2238"}],"wp:term":[{"taxonomy":"category","embeddable":true,"href":"https:\/\/www.acusticauach.cl\/index.php?rest_route=%2Fwp%2Fv2%2Fcategories&post=2238"},{"taxonomy":"post_tag","embeddable":true,"href":"https:\/\/www.acusticauach.cl\/index.php?rest_route=%2Fwp%2Fv2%2Ftags&post=2238"}],"curies":[{"name":"wp","href":"https:\/\/api.w.org\/{rel}","templated":true}]}}