{"id":2017,"date":"2012-10-18T18:19:25","date_gmt":"2012-10-18T21:19:25","guid":{"rendered":"http:\/\/www.acusticauach.cl\/?p=2017"},"modified":"2019-10-27T19:55:09","modified_gmt":"2019-10-27T22:55:09","slug":"un-acustico-trabajando-en-china","status":"publish","type":"post","link":"https:\/\/www.acusticauach.cl\/?p=2017","title":{"rendered":"Un Ac\u00fastico Trabajando en China"},"content":{"rendered":"<h2>El estudiante de Ing. Civil Ac\u00fastica Mart\u00edn Reyes viaj\u00f3 acompa\u00f1ando al BAFUACh en su gira por la Rep\u00fablica Popular China.<\/h2>\n<p>Deslumbrantes han resultado las presentaciones que el Ballet Folkl\u00f3rico de la Universidad Austral de Chile, BAFUACh, ha realizado en su gira por la Rep\u00fablica Popular China. El ballet, que se encuentra en gira desde mediados de septiembre, ha trasladado la cultura y m\u00fasica tradicional de nuestro pa\u00eds al continente asi\u00e1tico.<\/p>\n<p>En esta gira participan 20 estudiantes de la Universidad Austral, incluidos 12 bailarines y 8 m\u00fasicos. Entre ellos destaca el estudiante de Ing. Civil Ac\u00fastica Mart\u00edn Reyes quien cuenta que en su labor de sonidista del BAFUACh.<\/p>\n<p>[quote]He tenido la oportunidad de viajar por Chile y por varios otros pa\u00edses haciendo lo que m\u00e1s me gusta. China es mi experiencia m\u00e1s reciente y una de las m\u00e1s interesantes hasta ahora. Fue una gira altamente enriquecedora desde el punto de vista cultural y tambi\u00e9n como experiencia laboral\u201d, comenta\u00a0Mart\u00edn Reyes.[\/quote]<\/p>\n<p style=\"text-align: right;\"><a href=\"https:\/\/www.acusticauach.cl\/wp-content\/uploads\/2012\/10\/Martin-Reyes-en-China.jpg\"><img decoding=\"async\" class=\"size-full wp-image-2018 alignnone\" title=\"Martin Reyes en China\" src=\"https:\/\/www.acusticauach.cl\/wp-content\/uploads\/2012\/10\/Martin-Reyes-en-China.jpg\" alt=\"\" width=\"1600\" height=\"1200\" srcset=\"https:\/\/www.acusticauach.cl\/wp-content\/uploads\/2012\/10\/Martin-Reyes-en-China.jpg 1600w, https:\/\/www.acusticauach.cl\/wp-content\/uploads\/2012\/10\/Martin-Reyes-en-China-300x225.jpg 300w, https:\/\/www.acusticauach.cl\/wp-content\/uploads\/2012\/10\/Martin-Reyes-en-China-1024x768.jpg 1024w, https:\/\/www.acusticauach.cl\/wp-content\/uploads\/2012\/10\/Martin-Reyes-en-China-700x525.jpg 700w, https:\/\/www.acusticauach.cl\/wp-content\/uploads\/2012\/10\/Martin-Reyes-en-China-500x375.jpg 500w\" sizes=\"(max-width: 1600px) 100vw, 1600px\" \/><\/a><\/p>\n","protected":false},"excerpt":{"rendered":"<p>El estudiante de Ing. Civil Ac\u00fastica Mart\u00edn Reyes viaj\u00f3 acompa\u00f1ando al BAFUACh en su gira por la Rep\u00fablica Popular China. Deslumbrantes han resultado las presentaciones que el Ballet Folkl\u00f3rico de la Universidad Austral de Chile, BAFUACh, ha realizado en su gira por la Rep\u00fablica Popular China. El ballet, que se encuentra en gira desde mediados [&hellip;]<\/p>\n","protected":false},"author":2,"featured_media":2019,"comment_status":"closed","ping_status":"closed","sticky":false,"template":"","format":"standard","meta":{"footnotes":""},"categories":[906],"tags":[101,100,37,45],"class_list":["post-2017","post","type-post","status-publish","format-standard","has-post-thumbnail","hentry","category-pregrado","tag-bafuach","tag-china","tag-estudiantes","tag-extranjero"],"_links":{"self":[{"href":"https:\/\/www.acusticauach.cl\/index.php?rest_route=\/wp\/v2\/posts\/2017","targetHints":{"allow":["GET"]}}],"collection":[{"href":"https:\/\/www.acusticauach.cl\/index.php?rest_route=\/wp\/v2\/posts"}],"about":[{"href":"https:\/\/www.acusticauach.cl\/index.php?rest_route=\/wp\/v2\/types\/post"}],"author":[{"embeddable":true,"href":"https:\/\/www.acusticauach.cl\/index.php?rest_route=\/wp\/v2\/users\/2"}],"replies":[{"embeddable":true,"href":"https:\/\/www.acusticauach.cl\/index.php?rest_route=%2Fwp%2Fv2%2Fcomments&post=2017"}],"version-history":[{"count":0,"href":"https:\/\/www.acusticauach.cl\/index.php?rest_route=\/wp\/v2\/posts\/2017\/revisions"}],"wp:featuredmedia":[{"embeddable":true,"href":"https:\/\/www.acusticauach.cl\/index.php?rest_route=\/wp\/v2\/media\/2019"}],"wp:attachment":[{"href":"https:\/\/www.acusticauach.cl\/index.php?rest_route=%2Fwp%2Fv2%2Fmedia&parent=2017"}],"wp:term":[{"taxonomy":"category","embeddable":true,"href":"https:\/\/www.acusticauach.cl\/index.php?rest_route=%2Fwp%2Fv2%2Fcategories&post=2017"},{"taxonomy":"post_tag","embeddable":true,"href":"https:\/\/www.acusticauach.cl\/index.php?rest_route=%2Fwp%2Fv2%2Ftags&post=2017"}],"curies":[{"name":"wp","href":"https:\/\/api.w.org\/{rel}","templated":true}]}}