{"id":17477,"date":"2026-04-30T17:37:32","date_gmt":"2026-04-30T21:37:32","guid":{"rendered":"https:\/\/www.acusticauach.cl\/?p=17477"},"modified":"2026-04-30T17:37:32","modified_gmt":"2026-04-30T21:37:32","slug":"cooperativa-ciencia-electromovilidad-el-vehiculo-para-reducir-el-ruido-urbano-2-2-3-2-2-2-4","status":"publish","type":"post","link":"https:\/\/www.acusticauach.cl\/?p=17477","title":{"rendered":"Diario Austral de Valdivia: Ruido Ambiental en Chile"},"content":{"rendered":"<header class=\"main-single__header\">\n<h3 class=\"wp-block-heading\"><strong>Diario Austral de Valdivia| Jueves 30 de abril de 2026<\/strong><\/h3>\n<div>\n<div class=\"et_pb_section et_pb_section_1_tb_body et_pb_with_background et_section_regular\">\n<div class=\"et_pb_row et_pb_row_2_tb_body\">\n<div class=\"et_pb_column et_pb_column_4_4 et_pb_column_3_tb_body  et_pb_css_mix_blend_mode_passthrough et-last-child\">\n<div class=\"et_pb_module et_pb_text et_pb_text_0_tb_body  et_pb_text_align_left et_pb_bg_layout_light\">\n<div class=\"et_pb_text_inner\"><\/div>\n<\/div>\n<div class=\"et_pb_module et_pb_de_mach_post_meta et_pb_de_mach_post_meta_0_tb_body inline_meta_items\">\n<div class=\"et_pb_module_inner\">\n<div class=\"et_pb_module et_pb_de_mach_post_meta_item et_pb_de_mach_post_meta_item_0_tb_body dmach-no-link dmach-image-icon-placement-left\">\n<div class=\"et_pb_module_inner\">\n<div class=\"dmach-postmeta-item-containter\"><\/div>\n<\/div>\n<\/div>\n<\/div>\n<\/div>\n<div class=\"et_pb_module et_pb_divider et_pb_divider_0_tb_body et_pb_divider_position_ et_pb_space\">\n<div class=\"et_pb_divider_internal\"><em>Columna de opini\u00f3n del Dr. Enrique Su\u00e1rez Silva, Decano de la Facultad de Ciencias de la Ingeni<\/em>e<em>r\u00eda e investigador experto en ruido ambiental.<\/em><\/div>\n<\/div>\n<\/div>\n<\/div>\n<\/div>\n<div class=\"et_pb_section et_pb_section_2_tb_body et_section_regular\">\n<div class=\"et_pb_row et_pb_row_3_tb_body\">\n<div class=\"et_pb_column et_pb_column_4_4 et_pb_column_4_tb_body  et_pb_css_mix_blend_mode_passthrough et-last-child\">\n<div class=\"et_pb_module et_pb_post_content et_pb_post_content_0_tb_body\">\n<p>En el marco del D\u00eda Internacional de la Conciencia sobre el Ruido, que se conmemor\u00f3 este 29 de abril es necesario revisar los avances normativos en esta materia. Seg\u00fan datos del Ministerio del Medio Ambiente, industrias, talleres y discotecas integran las m\u00e1s de 150.000 actividades reguladas por la norma de ruido de fuentes fijas en Chile.<\/p>\n<p>El hecho de que m\u00e1s del 50% de las denuncias ante la Superintendencia del Medio Ambiente (SMA) correspondan a ruido subraya la importancia de actualizar nuestra legislaci\u00f3n para proteger la salud p\u00fablica<\/p>\n<p>El nuevo DS 14\/2024, publicado el 27 de febrero de 2026, deroga al DS 38\/2011 tras quince a\u00f1os de vigencia. La norma actualizada entrar\u00e1 en vigor el 27 de agosto de 2028 incorporando nuevos reglamentos complementarios, protocolos de medici\u00f3n y predicci\u00f3n, normas sobre equipamientos, una ordenanza municipal tipo y buenas pr\u00e1cticas para actividades de construcci\u00f3n y esparcimiento nocturno.<\/p>\n<p>En lo t\u00e9cnico, la norma corrige deficiencias del DS 38\/2011. Mejora los tiempos de medici\u00f3n, incorpora correcci\u00f3n por ruido impulsivo y define un descriptor y m\u00e9todo espec\u00edfico para parques e\u00f3licos. La mejor homologaci\u00f3n de zonas urbanas y el nuevo tratamiento para \u00e1reas rurales fortalecen una mejor fiscalizaci\u00f3n.<\/p>\n<p>El avance m\u00e1s significativo es su enfoque preventivo. La norma incorpora la participaci\u00f3n de municipios en la fiscalizaci\u00f3n, y crea un plan de condiciones de operaci\u00f3n ambiental para obras de construcci\u00f3n y locales nocturnos. As\u00ed, el control de ruido ambiental deja de ser un asunto centralizado en la SMA, e incorpora la gesti\u00f3n local y las acciones preventivas. Sin embargo, persiste una debilidad cr\u00edtica y es que en lugar de ser medidas obligatorias tendr\u00e1n car\u00e1cter de voluntarias, quedando como recomendaciones y sujetas a la discrecionalidad de emisores y fiscalizadores.<\/p>\n<p>Con esta actualizaci\u00f3n, Chile cuenta con directrices m\u00e1s claras, sin embargo, sigue pendiente la futura norma de calidad de ruido ambiental, esencial\u00a0para planes de prevenci\u00f3n y descontaminaci\u00f3n ac\u00fasticos espec\u00edficos. Estos permitir\u00e1n actuar sobre el conjunto de todas las fuentes de ruido ambiental, y as\u00ed proteger de manera m\u00e1s efectiva la salud de las personas.<\/p>\n<\/div>\n<\/div>\n<\/div>\n<\/div>\n<p><strong>Dr. Enrique Su\u00e1rez Silva<\/strong><\/p>\n<p>Decano de la Facultad de Ciencias de la Ingenier\u00eda, Universidad Austral de Chile<\/p>\n<p><img decoding=\"async\" class=\"aligncenter size-full wp-image-17479\" src=\"https:\/\/www.acusticauach.cl\/wp-content\/uploads\/2026\/04\/20260430_Columna_de_Opinion_DAustral.jpg\" alt=\"\" width=\"945\" height=\"933\" \/><\/p>\n<\/div>\n<\/header>\n","protected":false},"excerpt":{"rendered":"<p>Diario Austral de Valdivia| Jueves 30 de abril de 2026 Columna de opini\u00f3n del Dr. Enrique Su\u00e1rez Silva, Decano de la Facultad de Ciencias de la Ingenier\u00eda e investigador experto en ruido ambiental. En el marco del D\u00eda Internacional de la Conciencia sobre el Ruido, que se conmemor\u00f3 este 29 de abril es necesario revisar [&hellip;]<\/p>\n","protected":false},"author":2,"featured_media":17478,"comment_status":"closed","ping_status":"closed","sticky":false,"template":"","format":"standard","meta":{"footnotes":""},"categories":[102,984],"tags":[486,757,560,756,982,35,309,915,73],"class_list":["post-17477","post","type-post","status-publish","format-standard","has-post-thumbnail","hentry","category-acusticauach_medios","category-labacam","tag-columna","tag-dia-internacional-de-conciencia-sobre-el-ruido","tag-diario-austral","tag-inad","tag-labacam","tag-medio-ambiente","tag-paisaje-sonoro","tag-portada","tag-suarez"],"_links":{"self":[{"href":"https:\/\/www.acusticauach.cl\/index.php?rest_route=\/wp\/v2\/posts\/17477","targetHints":{"allow":["GET"]}}],"collection":[{"href":"https:\/\/www.acusticauach.cl\/index.php?rest_route=\/wp\/v2\/posts"}],"about":[{"href":"https:\/\/www.acusticauach.cl\/index.php?rest_route=\/wp\/v2\/types\/post"}],"author":[{"embeddable":true,"href":"https:\/\/www.acusticauach.cl\/index.php?rest_route=\/wp\/v2\/users\/2"}],"replies":[{"embeddable":true,"href":"https:\/\/www.acusticauach.cl\/index.php?rest_route=%2Fwp%2Fv2%2Fcomments&post=17477"}],"version-history":[{"count":1,"href":"https:\/\/www.acusticauach.cl\/index.php?rest_route=\/wp\/v2\/posts\/17477\/revisions"}],"predecessor-version":[{"id":17480,"href":"https:\/\/www.acusticauach.cl\/index.php?rest_route=\/wp\/v2\/posts\/17477\/revisions\/17480"}],"wp:featuredmedia":[{"embeddable":true,"href":"https:\/\/www.acusticauach.cl\/index.php?rest_route=\/wp\/v2\/media\/17478"}],"wp:attachment":[{"href":"https:\/\/www.acusticauach.cl\/index.php?rest_route=%2Fwp%2Fv2%2Fmedia&parent=17477"}],"wp:term":[{"taxonomy":"category","embeddable":true,"href":"https:\/\/www.acusticauach.cl\/index.php?rest_route=%2Fwp%2Fv2%2Fcategories&post=17477"},{"taxonomy":"post_tag","embeddable":true,"href":"https:\/\/www.acusticauach.cl\/index.php?rest_route=%2Fwp%2Fv2%2Ftags&post=17477"}],"curies":[{"name":"wp","href":"https:\/\/api.w.org\/{rel}","templated":true}]}}