{"id":17470,"date":"2026-04-29T19:28:23","date_gmt":"2026-04-29T23:28:23","guid":{"rendered":"https:\/\/www.acusticauach.cl\/?p=17470"},"modified":"2026-04-29T21:47:25","modified_gmt":"2026-04-30T01:47:25","slug":"dr-felipe-otondo-presento-obra-musical-y-ponencia-en-el-new-york-city-electroacoustic-music-festival-3-3-2-3-2-2-2","status":"publish","type":"post","link":"https:\/\/www.acusticauach.cl\/?p=17470","title":{"rendered":"Estudiantes de Ac\u00fastica UACh realizaron mediciones de ruido de tr\u00e1nsito vehicular"},"content":{"rendered":"\r\n\r\n\r\n<h3>Como es tradici\u00f3n en el D\u00eda Internacional de la Conciencia sobre el Ruido, estudiantes de Ingenieria Civil Ac\u00fastica de la Universidad Austral de Chile, salieron a las calles de Valdivia a realizar mediciones de ruido vehicular.<\/h3>\r\n<p><em>Escrito por Maritza Uribe<\/em><\/p>\r\n<p>\r\n\r\n<\/p>\r\n<div class=\"et_pb_section et_pb_section_1_tb_body et_pb_with_background et_section_regular\">\r\n<div class=\"et_pb_row et_pb_row_2_tb_body\">\r\n<div class=\"et_pb_column et_pb_column_4_4 et_pb_column_2_tb_body  et_pb_css_mix_blend_mode_passthrough et-last-child\">\r\n<div class=\"et_pb_module et_pb_text et_pb_text_0_tb_body  et_pb_text_align_left et_pb_bg_layout_light\">\r\n<div class=\"et_pb_text_inner\">\r\n<div class=\"entry-content\">\r\n<p>Esta actividad formativa tiene por finalidad realizar un hito comunicacional que busca concientizar a la poblaci\u00f3n acerca del impacto del ruido como uno de los contaminantes invisibles que m\u00e1s afecta la calidad de vida de las personas.<\/p>\r\n<p>El Decano de la Facultad de Ciencias de la Ingenier\u00eda Dr. Enrique Su\u00e1rez, quien es uno de los investigadores expertos en materia de ruido ambiental se\u00f1al\u00f3 que \u201cesta actividad anual, enmarcada en nuestra campa\u00f1a \u2018Mejor sin Ruido\u2019, permite a nuestros estudiantes de Ingenier\u00eda Civil Ac\u00fastica, desde los que inician hasta los que finalizan su formaci\u00f3n, aplicar metodolog\u00edas de medici\u00f3n en terreno\u201d.<\/p>\r\n<p><img decoding=\"async\" class=\"aligncenter size-full wp-image-17471\" src=\"https:\/\/www.acusticauach.cl\/wp-content\/uploads\/2026\/04\/20260429_INAD_01.jpeg\" alt=\"\" width=\"1000\" height=\"563\" \/><\/p>\r\n<p>M\u00e1s all\u00e1 de los datos, esta iniciativa subraya la importancia de investigar y gestionar el ruido ambiental, un factor que incide directamente en la salud p\u00fablica y el desarrollo urbano sostenible explica el Dr. Su\u00e1rez.<\/p>\r\n<p>Patricio Carrasco, estudiante de 5\u00b0 a\u00f1o de la carrera destac\u00f3 que \u201cen esta actividad estamos buscando retratar la importancia de mitigar el ruido ambiental para el bienestar de las personas. Ya est\u00e1 demostrado cient\u00edfica y emp\u00edricamente que el ruido provoca ciertos estresores en las personas y tener esta preocupaci\u00f3n latente nos permite avanzar en nuevas medidas para poder mitigar este problema\u201d<\/p>\r\n<p><iframe title=\"D\u00eda Internacional de Conciencia Sobre el Ruido 2026\" width=\"1200\" height=\"675\" src=\"https:\/\/www.youtube.com\/embed\/g430BPgPvgE?feature=oembed\" frameborder=\"0\" allow=\"accelerometer; autoplay; clipboard-write; encrypted-media; gyroscope; picture-in-picture; web-share\" referrerpolicy=\"strict-origin-when-cross-origin\" allowfullscreen><\/iframe><\/p>\r\n<h3><strong>Actividad formativa<\/strong><\/h3>\r\n<p>La jornada fue dirigida por el Prof. Felipe Figueroa quien explic\u00f3 que durante la actividad estudiantes de primer a\u00f1o con estudiantes de Proyecto en Ac\u00fastica Ambiental (5\u00b0 a\u00f1o), tuvieron la tarea de registrar y estimar niveles de ruido generados por tr\u00e1nsito vehicular.<\/p>\r\n<blockquote>\r\n<p>Utilizando <a href=\"https:\/\/www.acusticauach.cl\/?page_id=2246\">aplicaciones de celular<\/a> pueden aproximar los niveles de ruido gracias a mediciones con micr\u00f3fono, as\u00ed como estimar el ruido registrando el flujo de autos livianos, pesados y motocicletas en las calles del centro de Valdivia con la <a href=\"https:\/\/www.acusticauach.cl\/?page_id=2246\">app Calculadora de Ruido<\/a>\u201d.<\/p>\r\n<\/blockquote>\r\n<p>Cada a\u00f1o esta informaci\u00f3n es registrada y subida por los estudiantes a la plataforma de la aplicaci\u00f3n Calculadora de Ruido. \u201cEsto nos permite conocer la evoluci\u00f3n de los niveles generados por el tr\u00e1nsito vehicular en Valdivia\u201d se\u00f1ala Figueroa.<\/p>\r\n<h3>El impacto del ruido en la salud<\/h3>\r\n<p>De acuerdo a las cifras que difunde peri\u00f3dicamente la Organizaci\u00f3n Mundial de la Salud OMS, el ruido se posiciona como la segunda causa ambiental de problemas de salud en Europa. Sus efectos trascienden la p\u00e9rdida auditiva, abarcando una amplia gama de impactos no auditivos que deterioran la calidad de vida, entre ellos, alteraciones del sue\u00f1o, estr\u00e9s cr\u00f3nico, aumento de riesgo de enfermedades cardiovasculares entre otros.<\/p>\r\n<p>Mientras que, en Chile seg\u00fan datos de la Superintendencia del Medio Ambiente (SMA), el 52% de las denuncias ambientales recibidas a nivel nacional corresponden a contaminaci\u00f3n ac\u00fastica. La tendencia va en aumento; solo en el primer trimestre de 2025, se ingresaron m\u00e1s de 1.100 denuncias, superando ampliamente los registros hist\u00f3ricos.<\/p>\r\n<\/div>\r\n<p><iframe title=\"Campa\u00f1a MEJOR SIN RUIDO 2026\" width=\"563\" height=\"1000\" src=\"https:\/\/www.youtube.com\/embed\/kDu4-L0dCOw?feature=oembed\" frameborder=\"0\" allow=\"accelerometer; autoplay; clipboard-write; encrypted-media; gyroscope; picture-in-picture; web-share\" referrerpolicy=\"strict-origin-when-cross-origin\" allowfullscreen><\/iframe><\/p>\r\n<\/div>\r\n<\/div>\r\n<\/div>\r\n<\/div>\r\n<\/div>\r\n<p><\/p>","protected":false},"excerpt":{"rendered":"<p>Como es tradici\u00f3n en el D\u00eda Internacional de la Conciencia sobre el Ruido, estudiantes de Ingenieria Civil Ac\u00fastica de la Universidad Austral de Chile, salieron a las calles de Valdivia a realizar mediciones de ruido vehicular. Escrito por Maritza Uribe Esta actividad formativa tiene por finalidad realizar un hito comunicacional que busca concientizar a la [&hellip;]<\/p>\n","protected":false},"author":2,"featured_media":17471,"comment_status":"closed","ping_status":"closed","sticky":false,"template":"","format":"standard","meta":{"footnotes":""},"categories":[906,984,909],"tags":[757,608,37,1038,756,982,30,915,73],"class_list":["post-17470","post","type-post","status-publish","format-standard","has-post-thumbnail","hentry","category-pregrado","category-labacam","category-vinculacion","tag-dia-internacional-de-conciencia-sobre-el-ruido","tag-estudiante","tag-estudiantes","tag-figueroa","tag-inad","tag-labacam","tag-paisaje","tag-portada","tag-suarez"],"_links":{"self":[{"href":"https:\/\/www.acusticauach.cl\/index.php?rest_route=\/wp\/v2\/posts\/17470","targetHints":{"allow":["GET"]}}],"collection":[{"href":"https:\/\/www.acusticauach.cl\/index.php?rest_route=\/wp\/v2\/posts"}],"about":[{"href":"https:\/\/www.acusticauach.cl\/index.php?rest_route=\/wp\/v2\/types\/post"}],"author":[{"embeddable":true,"href":"https:\/\/www.acusticauach.cl\/index.php?rest_route=\/wp\/v2\/users\/2"}],"replies":[{"embeddable":true,"href":"https:\/\/www.acusticauach.cl\/index.php?rest_route=%2Fwp%2Fv2%2Fcomments&post=17470"}],"version-history":[{"count":5,"href":"https:\/\/www.acusticauach.cl\/index.php?rest_route=\/wp\/v2\/posts\/17470\/revisions"}],"predecessor-version":[{"id":17476,"href":"https:\/\/www.acusticauach.cl\/index.php?rest_route=\/wp\/v2\/posts\/17470\/revisions\/17476"}],"wp:featuredmedia":[{"embeddable":true,"href":"https:\/\/www.acusticauach.cl\/index.php?rest_route=\/wp\/v2\/media\/17471"}],"wp:attachment":[{"href":"https:\/\/www.acusticauach.cl\/index.php?rest_route=%2Fwp%2Fv2%2Fmedia&parent=17470"}],"wp:term":[{"taxonomy":"category","embeddable":true,"href":"https:\/\/www.acusticauach.cl\/index.php?rest_route=%2Fwp%2Fv2%2Fcategories&post=17470"},{"taxonomy":"post_tag","embeddable":true,"href":"https:\/\/www.acusticauach.cl\/index.php?rest_route=%2Fwp%2Fv2%2Ftags&post=17470"}],"curies":[{"name":"wp","href":"https:\/\/api.w.org\/{rel}","templated":true}]}}