{"id":17401,"date":"2026-01-23T10:43:49","date_gmt":"2026-01-23T13:43:49","guid":{"rendered":"https:\/\/www.acusticauach.cl\/?p=17401"},"modified":"2026-01-30T10:50:21","modified_gmt":"2026-01-30T13:50:21","slug":"investigacion-de-ingenieria-busca-desarrollar-tecnologia-que-permita-la-caracterizacion-vibroacustica-de-tejidos-3-4-2-2-3-2-2-2-2","status":"publish","type":"post","link":"https:\/\/www.acusticauach.cl\/?p=17401","title":{"rendered":"Curso de preparaci\u00f3n para nuevos estudiantes Ingenier\u00eda Civil Ac\u00fastica: \u00abMatem\u00e1tica: un puente a la ingenier\u00eda\u00bb"},"content":{"rendered":"\r\n<h3 class=\"wp-block-heading\"><strong>Con el objetivo de apoyar el ingreso a la vida universitaria y fortalecer las bases acad\u00e9micas en el \u00e1rea de matem\u00e1ticas la Facultad de Ciencias de la Ingenier\u00eda de la Universidad Austral de Chile, implement\u00f3 el curso de nivelaci\u00f3n \u201cMatem\u00e1tica: un puente a la ingenier\u00eda\u201d, dirigido a estudiantes nuevos de las carreras de esta macrounidad..\u00a0<\/strong><\/h3>\r\n\r\n\r\n\r\n<p><em>Escrito por Maritza Uribe<\/em><\/p>\r\n<div class=\"et_pb_section et_pb_section_1_tb_body et_pb_with_background et_section_regular\">\r\n<div class=\"et_pb_row et_pb_row_2_tb_body\">\r\n<div class=\"et_pb_column et_pb_column_4_4 et_pb_column_3_tb_body  et_pb_css_mix_blend_mode_passthrough et-last-child\">\r\n<div class=\"et_pb_module et_pb_text et_pb_text_0_tb_body  et_pb_text_align_left et_pb_bg_layout_light\">\r\n<div class=\"et_pb_text_inner\">\u00a0<\/div>\r\n<\/div>\r\n<div class=\"et_pb_module et_pb_de_mach_post_meta et_pb_de_mach_post_meta_0_tb_body inline_meta_items\">\r\n<div class=\"et_pb_module_inner\">\r\n<div class=\"et_pb_module et_pb_de_mach_post_meta_item et_pb_de_mach_post_meta_item_1_tb_body dmach-no-link dmach-image-icon-placement-left\">\r\n<div class=\"et_pb_module_inner\">\r\n<div class=\"dmach-postmeta-item-containter\">\r\n<div class=\"dmach-postmeta-item-content\">\r\n<p>El curso preparado por docentes del \u00e1rea de matem\u00e1tica del\u00a0<strong>Centro de Docencia en Ciencias B\u00e1sicas para Ingenier\u00eda<\/strong>\u00a0estar\u00e1 habilitado a contar de la pr\u00f3xima semana y hasta el 5 de marzo, en modalidad asincr\u00f3nica a trav\u00e9s de la plataforma\u00a0<a href=\"https:\/\/siveducmd.uach.cl\/login\/index.php?loginredirect=1\">SIVEDUCMd<\/a>, permitiendo a las y los estudiantes avanzar a su propio ritmo durante el periodo de verano.<\/p>\r\n<p>La actividad de nivelaci\u00f3n busca preparar a quienes inician su trayectoria universitaria para enfrentar con mayor confianza las asignaturas del primer semestre, especialmente en el \u00e1rea de matem\u00e1ticas, combinando acompa\u00f1amiento acad\u00e9mico con informaci\u00f3n clave sobre el funcionamiento institucional.<\/p>\r\n<p>El programa contempla una inducci\u00f3n a la vida universitaria, material de apoyo elaborado por docentes de matem\u00e1ticas, y contenidos organizados en tres ejes fundamentales: N\u00fameros, Factorizaci\u00f3n y Ecuaciones, los que se trabajan mediante lecciones con videos tutoriales y cuestionarios de ejercicios. Adem\u00e1s, el curso dispone de un foro de consultas, donde las dudas acad\u00e9micas ser\u00e1n atendidas por docentes en horarios definidos, junto con una prueba formativa que podr\u00e1 rendirse las veces que el estudiante estime necesario para practicar y autoevaluar su progreso.<\/p>\r\n<p>Como parte del proceso, las y los estudiantes rendir\u00e1n una prueba de diagn\u00f3stico que se realizar\u00e1 de manera presencial el\u00a0<strong>viernes 6 de marzo desde las 9:00 hrs.,<\/strong>\u00a0en la Facultad de Ciencias de la Ingenier\u00eda, coincidiendo con el inicio de las actividades de inducci\u00f3n y bienvenida a la vida universitaria. \u00a0Esta evaluaci\u00f3n permitir\u00e1 identificar fortalezas y aspectos a reforzar en los conocimientos matem\u00e1ticos de ingreso.<\/p>\r\n<p>La nota obtenida ser\u00e1 reconocida como aporte en d\u00e9cimas a la Evaluaci\u00f3n 1 del curso de \u00c1lgebra, y servir\u00e1 de base para definir planes de acompa\u00f1amiento y remediaci\u00f3n acad\u00e9mica, promoviendo la permanencia y el \u00e9xito en los primeros semestres de formaci\u00f3n.<\/p>\r\n<p><strong>Actividades de Bienvenida<\/strong><\/p>\r\n<p>La Facultad de Ciencias de la Ingenier\u00eda adem\u00e1s recibir\u00e1 con diversas actividades de inducci\u00f3n a la vida universitaria a sus nuevos estudiantes a contar del d\u00eda\u00a0<strong>jueves 5 de marzo desde las 8:00 hrs.<\/strong><\/p>\r\n<p>Ese d\u00eda habr\u00e1 una bienvenida oficial para todas las carreras de ingenier\u00eda en el Campus Miraflores y sus respectivas escuelas, as\u00ed como tambi\u00e9n jornadas y talleres de inducci\u00f3n sobre la Unidad de Apoyo al Aprendizaje y Biblioteca de Ingenier\u00eda.<\/p>\r\n<p>El\u00a0<strong>viernes 6 de marzo<\/strong>\u00a0se llevar\u00e1 a cabo la prueba de diagn\u00f3stico de \u00e1lgebra a las 9:00 hrs. y desde las 10 hrs. en adelante se llevar\u00e1 a cabo la Feria de Servicios y Organizaciones de apoyo al estudiante.<\/p>\r\n<p>Las clases comienzan el 9 de marzo.<\/p>\r\n<p>Para mayores informaciones se invita a visitar peri\u00f3dicamente la cuenta de\u00a0<a href=\"https:\/\/www.instagram.com\/fciuach\/\">Instagram @fciuach<\/a><\/p>\r\n<p>Ver saludo de bienvenida del Decano de la Facultad de Ciencias de la Ingenier\u00eda Dr. Enrique Su\u00e1rez.<\/p>\r\n<p><iframe title=\"Curso introductorio: &quot;Matem\u00e1ticas: Un puente para la ingenier\u00eda&quot;\" width=\"1200\" height=\"675\" src=\"https:\/\/www.youtube.com\/embed\/SaBgUJzqkeM?feature=oembed\" frameborder=\"0\" allow=\"accelerometer; autoplay; clipboard-write; encrypted-media; gyroscope; picture-in-picture; web-share\" referrerpolicy=\"strict-origin-when-cross-origin\" allowfullscreen><\/iframe><\/p>\r\n<\/div>\r\n<\/div>\r\n<\/div>\r\n<\/div>\r\n<\/div>\r\n<\/div>\r\n<\/div>\r\n<\/div>\r\n<\/div>\r\n\r\n\r\n\r\n\r\n\r\n\r\n","protected":false},"excerpt":{"rendered":"<p>Con el objetivo de apoyar el ingreso a la vida universitaria y fortalecer las bases acad\u00e9micas en el \u00e1rea de matem\u00e1ticas la Facultad de Ciencias de la Ingenier\u00eda de la Universidad Austral de Chile, implement\u00f3 el curso de nivelaci\u00f3n \u201cMatem\u00e1tica: un puente a la ingenier\u00eda\u201d, dirigido a estudiantes nuevos de las carreras de esta macrounidad..\u00a0 [&hellip;]<\/p>\n","protected":false},"author":2,"featured_media":17402,"comment_status":"closed","ping_status":"closed","sticky":false,"template":"","format":"standard","meta":{"footnotes":""},"categories":[906],"tags":[1141,230,37,533,859,294,915],"class_list":["post-17401","post","type-post","status-publish","format-standard","has-post-thumbnail","hentry","category-pregrado","tag-1141","tag-bienvenida","tag-estudiantes","tag-ingenieria-civil-acustica","tag-matematicas","tag-nuevos","tag-portada"],"_links":{"self":[{"href":"https:\/\/www.acusticauach.cl\/index.php?rest_route=\/wp\/v2\/posts\/17401","targetHints":{"allow":["GET"]}}],"collection":[{"href":"https:\/\/www.acusticauach.cl\/index.php?rest_route=\/wp\/v2\/posts"}],"about":[{"href":"https:\/\/www.acusticauach.cl\/index.php?rest_route=\/wp\/v2\/types\/post"}],"author":[{"embeddable":true,"href":"https:\/\/www.acusticauach.cl\/index.php?rest_route=\/wp\/v2\/users\/2"}],"replies":[{"embeddable":true,"href":"https:\/\/www.acusticauach.cl\/index.php?rest_route=%2Fwp%2Fv2%2Fcomments&post=17401"}],"version-history":[{"count":1,"href":"https:\/\/www.acusticauach.cl\/index.php?rest_route=\/wp\/v2\/posts\/17401\/revisions"}],"predecessor-version":[{"id":17403,"href":"https:\/\/www.acusticauach.cl\/index.php?rest_route=\/wp\/v2\/posts\/17401\/revisions\/17403"}],"wp:featuredmedia":[{"embeddable":true,"href":"https:\/\/www.acusticauach.cl\/index.php?rest_route=\/wp\/v2\/media\/17402"}],"wp:attachment":[{"href":"https:\/\/www.acusticauach.cl\/index.php?rest_route=%2Fwp%2Fv2%2Fmedia&parent=17401"}],"wp:term":[{"taxonomy":"category","embeddable":true,"href":"https:\/\/www.acusticauach.cl\/index.php?rest_route=%2Fwp%2Fv2%2Fcategories&post=17401"},{"taxonomy":"post_tag","embeddable":true,"href":"https:\/\/www.acusticauach.cl\/index.php?rest_route=%2Fwp%2Fv2%2Ftags&post=17401"}],"curies":[{"name":"wp","href":"https:\/\/api.w.org\/{rel}","templated":true}]}}