{"id":17192,"date":"2025-09-23T20:41:04","date_gmt":"2025-09-23T23:41:04","guid":{"rendered":"https:\/\/www.acusticauach.cl\/?p=17192"},"modified":"2025-09-24T00:11:54","modified_gmt":"2025-09-24T03:11:54","slug":"cooperativa-ciencia-electromovilidad-el-vehiculo-para-reducir-el-ruido-urbano-2-2-3-2-2-2-2","status":"publish","type":"post","link":"https:\/\/www.acusticauach.cl\/?p=17192","title":{"rendered":"Cooperativa: Estudio chileno revela da\u00f1os auditivos irreversibles en bateristas"},"content":{"rendered":"<header class=\"main-single__header\">\n<h3 class=\"wp-block-heading\">CooperativaCiencia (23\/09\/2025)<\/h3>\n<h3 class=\"wp-block-heading\">Utilizando algoritmos avanzados y modelos sint\u00e9ticos, el estudio se centr\u00f3 en los ruidos impulsivos caracter\u00edsticas de las bater\u00edas, revelando que tras 7 u 8 minutos de ensayo, un baterista puede alcanzar el 100% de la dosis diaria de ruido recomendada.<\/h3>\n<div><img decoding=\"async\" class=\"aligncenter size-full wp-image-17194\" src=\"https:\/\/www.acusticauach.cl\/wp-content\/uploads\/2025\/09\/Cooperativa.jpg\" alt=\"\" width=\"808\" height=\"906\" srcset=\"https:\/\/www.acusticauach.cl\/wp-content\/uploads\/2025\/09\/Cooperativa.jpg 808w, https:\/\/www.acusticauach.cl\/wp-content\/uploads\/2025\/09\/Cooperativa-268x300.jpg 268w, https:\/\/www.acusticauach.cl\/wp-content\/uploads\/2025\/09\/Cooperativa-768x861.jpg 768w, https:\/\/www.acusticauach.cl\/wp-content\/uploads\/2025\/09\/Cooperativa-111x125.jpg 111w, https:\/\/www.acusticauach.cl\/wp-content\/uploads\/2025\/09\/Cooperativa-67x75.jpg 67w\" sizes=\"(max-width: 808px) 100vw, 808px\" \/><\/div>\n<div>\n<p class=\"ng-star-inserted\"><span class=\"ng-star-inserted\">La\u00a0<strong>exposici\u00f3n prolongada al ruido<\/strong>\u00a0es un enemigo de la audici\u00f3n, un problema de salud ocupacional de creciente preocupaci\u00f3n global. Mientras que en la industria se han implementado normativas rigurosas, el impacto del ruido en la salud auditiva de los m\u00fasicos ha sido menos explorado.<\/span><\/p>\n<p class=\"ng-star-inserted\"><span class=\"ng-star-inserted\">Ic\u00f3nicas figuras como Eric Clapton, Phil Collins y Brian Johnson de AC\/DC son ejemplos claros de que la exposici\u00f3n constante a altos vol\u00famenes trae como consecuencia<strong>\u00a0la p\u00e9rdida auditiva<\/strong>.<\/span><\/p>\n<p>Un<span class=\"ng-star-inserted\">\u00a0reciente proyecto de investigaci\u00f3n, liderado por el acad\u00e9mico del Instituto de Ac\u00fastica de la\u00a0<a href=\"https:\/\/ingenieria.uach.cl\/\">Facultad de Ciencias de la Ingenier\u00eda de la Universidad Austral de Chile (UACh)<\/a>, Dr. Jorge Arenas, arroja luz sobre esta problem\u00e1tica, enfoc\u00e1ndose espec\u00edficamente en los bateristas y los<strong>\u00a0riesgos potenciales de su arte<\/strong>.<\/span><\/p>\n<h4 class=\"ng-star-inserted\"><span class=\"ng-star-inserted\">O\u00eddo izquierdo es el m\u00e1s afectado<\/span><\/h4>\n<p class=\"ng-star-inserted\"><span class=\"ng-star-inserted\">La investigaci\u00f3n, que incluy\u00f3 la creaci\u00f3n de un modelo sint\u00e9tico para simular la exposici\u00f3n y mediciones directas en una poblaci\u00f3n de m\u00fasicos, revel\u00f3 que los bateristas est\u00e1n expuestos a niveles de ruido peligrosos,\u00a0<strong>superando con frecuencia los 103 dB(A)<\/strong>. \u00abA largo plazo, esto puede derivar en p\u00e9rdida permanente de la audici\u00f3n\u00bb, explica el Dr. Arenas.<\/span><\/p>\n<p class=\"ng-star-inserted\"><span class=\"ng-star-inserted\">El estudio tambi\u00e9n desglosa particularidades del da\u00f1o: se sugiere que el<strong>\u00a0o\u00eddo izquierdo<\/strong>\u00a0de los bateristas es el m\u00e1s afectado y ciertas frecuencias son m\u00e1s propensas a generar un deterioro significativo.<\/span><\/p>\n<p class=\"ng-star-inserted\"><span class=\"ng-star-inserted\">\u00abEsto quiere decir que, aproximadamente, un baterista puede alcanzar el 100% de la dosis diaria de ruido recomendada en tan solo\u00a0<strong>7 a 8 minutos de ensayo<\/strong>\u00a0sin protecci\u00f3n auditiva\u00bb, detalla el investigador.<\/span><\/p>\n<h4 class=\"ng-star-inserted\"><span class=\"ng-star-inserted\">Protecci\u00f3n auditiva y descansos esenciales<\/span><\/h4>\n<p class=\"ng-star-inserted\"><span class=\"ng-star-inserted\">El Dr. Arenas, quien trabaj\u00f3 en el proyecto con el profesor\u00a0<strong>Jorge C\u00e1rdenas<\/strong>\u00a0(UACh),<strong>\u00a0Mar\u00eda Hinalaf<\/strong>\u00a0(CONICET y<a href=\"https:\/\/www.frc.utn.edu.ar\/\">\u00a0Universidad Tecnol\u00f3gica Nacional de C\u00f3rdoba<\/a>, Argentina), y los tesistas\u00a0<strong>Chiara Valderrama<\/strong>\u00a0y\u00a0<strong>Esteban Revelo<\/strong>, adem\u00e1s de la\u00a0<strong>fonoaudi\u00f3loga Ana Paula Cancino<\/strong>, subraya la importancia de la protecci\u00f3n auditiva.<\/span><\/p>\n<p class=\"ng-star-inserted\"><span class=\"ng-star-inserted\">\u00abEl estudio recomienda que los bateristas deben utilizar protecci\u00f3n auditiva y que deben\u00a0<strong>tomar tiempos de descanso<\/strong>\u00a0en lugares silenciosos durante los ensayos. O bien utilizar\u00a0<em>pads<\/em>\u00a0de ensayo o cualquier otra medida que permita que no tengan este nivel de exposici\u00f3n al ruido\u00bb, recalca el Dr. Arenas.<\/span><\/p>\n<p class=\"ng-star-inserted\"><span class=\"ng-star-inserted\">Entre 2023 y 2024, el equipo realiz\u00f3 mediciones con 21 bateristas de la regi\u00f3n de Los R\u00edos, donde\u00a0<strong>un 60% admiti\u00f3 no usar protectores auditivos.<\/strong>\u00a0El m\u00fasico y drum coach que particip\u00f3 en el estudio, Daniel Meneses, afirma que \u00abtodo lo que tenga que ver con investigaci\u00f3n, respaldo cient\u00edfico y autocuidado en torno a lo que nosotros hacemos con el instrumento es un aporte tremendo\u00bb.<\/span><\/p>\n<blockquote class=\"wp-embedded-content\" data-secret=\"zvfvb58ict\"><p><a href=\"https:\/\/www.cooperativaciencia.cl\/salud\/2025\/09\/23\/estudio-chileno-revela-danos-auditivos-irreversibles-en-bateristas\/\">Estudio chileno revela da\u00f1os auditivos irreversibles en bateristas<\/a><\/p><\/blockquote>\n<p><iframe class=\"wp-embedded-content\" sandbox=\"allow-scripts\" security=\"restricted\" style=\"position: absolute; visibility: hidden;\" title=\"\u00abEstudio chileno revela da\u00f1os auditivos irreversibles en bateristas\u00bb \u2014 Cooperativa Ciencia\" src=\"https:\/\/www.cooperativaciencia.cl\/salud\/2025\/09\/23\/estudio-chileno-revela-danos-auditivos-irreversibles-en-bateristas\/embed\/#?secret=DFLT6aV9En#?secret=zvfvb58ict\" data-secret=\"zvfvb58ict\" width=\"600\" height=\"338\" frameborder=\"0\" marginwidth=\"0\" marginheight=\"0\" scrolling=\"no\"><\/iframe><\/p>\n<\/div>\n<\/header>\n","protected":false},"excerpt":{"rendered":"<p>CooperativaCiencia (23\/09\/2025) Utilizando algoritmos avanzados y modelos sint\u00e9ticos, el estudio se centr\u00f3 en los ruidos impulsivos caracter\u00edsticas de las bater\u00edas, revelando que tras 7 u 8 minutos de ensayo, un baterista puede alcanzar el 100% de la dosis diaria de ruido recomendada. La\u00a0exposici\u00f3n prolongada al ruido\u00a0es un enemigo de la audici\u00f3n, un problema de salud [&hellip;]<\/p>\n","protected":false},"author":2,"featured_media":17200,"comment_status":"closed","ping_status":"closed","sticky":false,"template":"","format":"standard","meta":{"footnotes":""},"categories":[102],"tags":[48,1131,192,156,78,189,1124,510],"class_list":["post-17192","post","type-post","status-publish","format-standard","has-post-thumbnail","hentry","category-acusticauach_medios","tag-arenas","tag-baterista","tag-cardenas","tag-concierto","tag-investigacion-2","tag-musica","tag-perdida-auditiva","tag-sordo"],"_links":{"self":[{"href":"https:\/\/www.acusticauach.cl\/index.php?rest_route=\/wp\/v2\/posts\/17192","targetHints":{"allow":["GET"]}}],"collection":[{"href":"https:\/\/www.acusticauach.cl\/index.php?rest_route=\/wp\/v2\/posts"}],"about":[{"href":"https:\/\/www.acusticauach.cl\/index.php?rest_route=\/wp\/v2\/types\/post"}],"author":[{"embeddable":true,"href":"https:\/\/www.acusticauach.cl\/index.php?rest_route=\/wp\/v2\/users\/2"}],"replies":[{"embeddable":true,"href":"https:\/\/www.acusticauach.cl\/index.php?rest_route=%2Fwp%2Fv2%2Fcomments&post=17192"}],"version-history":[{"count":3,"href":"https:\/\/www.acusticauach.cl\/index.php?rest_route=\/wp\/v2\/posts\/17192\/revisions"}],"predecessor-version":[{"id":17201,"href":"https:\/\/www.acusticauach.cl\/index.php?rest_route=\/wp\/v2\/posts\/17192\/revisions\/17201"}],"wp:featuredmedia":[{"embeddable":true,"href":"https:\/\/www.acusticauach.cl\/index.php?rest_route=\/wp\/v2\/media\/17200"}],"wp:attachment":[{"href":"https:\/\/www.acusticauach.cl\/index.php?rest_route=%2Fwp%2Fv2%2Fmedia&parent=17192"}],"wp:term":[{"taxonomy":"category","embeddable":true,"href":"https:\/\/www.acusticauach.cl\/index.php?rest_route=%2Fwp%2Fv2%2Fcategories&post=17192"},{"taxonomy":"post_tag","embeddable":true,"href":"https:\/\/www.acusticauach.cl\/index.php?rest_route=%2Fwp%2Fv2%2Ftags&post=17192"}],"curies":[{"name":"wp","href":"https:\/\/api.w.org\/{rel}","templated":true}]}}