{"id":17186,"date":"2025-09-23T20:05:12","date_gmt":"2025-09-23T23:05:12","guid":{"rendered":"https:\/\/www.acusticauach.cl\/?p=17186"},"modified":"2025-11-17T14:37:08","modified_gmt":"2025-11-17T17:37:08","slug":"dr-felipe-otondo-presento-obra-musical-y-ponencia-en-el-new-york-city-electroacoustic-music-festival-2-3","status":"publish","type":"post","link":"https:\/\/www.acusticauach.cl\/?p=17186","title":{"rendered":"Proyecto de AcusticaUACh advierte: \u201cBateristas deben utilizar protecci\u00f3n auditiva y tomar descansos durante ensayos\u00bb"},"content":{"rendered":"\n<h3 class=\"wp-block-heading\"><strong>Los resultados de la investigaci\u00f3n sugieren que los y las bateristas ven m\u00e1s afectada la audici\u00f3n del o\u00eddo izquierdo y hay algunas frecuencias que pueden generar m\u00e1s da\u00f1o que otras.<\/strong><\/h3>\n\n\n\n<p><em>Escrito por PrensaDIRCOM UACh<\/em><\/p>\n\n\n\n<p>La p\u00e9rdida auditiva producida por la exposici\u00f3n al ruido es un problema de gran importancia en el \u00e1mbito de la salud ocupacional. La Organizaci\u00f3n Mundial de la Salud (OMS) ha advertido de los graves efectos en millones de trabajadores expuestos al ruido en el mundo. El ruido a largo plazo causa da\u00f1os auditivos que son irreversibles. El problema ha sido ampliamente estudiado y reglamentado en materia de ruido industrial. Sin embargo, en el caso de los m\u00fasicos sus efectos no han sido estudiados tan profundamente.<\/p>\n\n\n\n<p>\u201cMuchos famosos m\u00fasicos contempor\u00e1neos han sufrido p\u00e9rdidas auditivas que, se presume, fueron provocadas por los a\u00f1os de exposici\u00f3n\u201d, explica el Dr. Jorge Arenas, acad\u00e9mico del Instituto de Ac\u00fastica de la Facultad de Ciencias de la Ingenier\u00eda de la Universidad Austral de Chile, quien lider\u00f3 el Proyecto Fondecyt Regular 2023-2025 \u00abA study on the potential hazards caused by noise exposure in drummer musicians: an engineering acoustics approach\u00bb (\u201cUn estudio sobre los riesgos potenciales causados por la exposici\u00f3n al ruido en m\u00fasicos bateristas: un enfoque de ingenier\u00eda ac\u00fastica\u00bb). Por ejemplo, Eric Clapton, Phil Collins, Pete Townshend de The Who, Brian Johnson de AC\/DC y Noel Gallagher de Oasis, entre otros, han sufrido p\u00e9rdida auditiva luego de varios a\u00f1os de carrera.<\/p>\n\n\n\n<figure class=\"wp-block-image size-large\"><a href=\"https:\/\/www.acusticauach.cl\/wp-content\/uploads\/2025\/09\/20250923_Estudio_bateristas_04.jpeg\"><img decoding=\"async\" width=\"1024\" height=\"576\" src=\"https:\/\/www.acusticauach.cl\/wp-content\/uploads\/2025\/09\/20250923_Estudio_bateristas_04-1024x576.jpeg\" alt=\"\" class=\"wp-image-17188\" srcset=\"https:\/\/www.acusticauach.cl\/wp-content\/uploads\/2025\/09\/20250923_Estudio_bateristas_04-1024x576.jpeg 1024w, https:\/\/www.acusticauach.cl\/wp-content\/uploads\/2025\/09\/20250923_Estudio_bateristas_04-300x169.jpeg 300w, https:\/\/www.acusticauach.cl\/wp-content\/uploads\/2025\/09\/20250923_Estudio_bateristas_04-768x432.jpeg 768w, https:\/\/www.acusticauach.cl\/wp-content\/uploads\/2025\/09\/20250923_Estudio_bateristas_04-125x70.jpeg 125w, https:\/\/www.acusticauach.cl\/wp-content\/uploads\/2025\/09\/20250923_Estudio_bateristas_04-75x42.jpeg 75w, https:\/\/www.acusticauach.cl\/wp-content\/uploads\/2025\/09\/20250923_Estudio_bateristas_04-1536x864.jpeg 1536w, https:\/\/www.acusticauach.cl\/wp-content\/uploads\/2025\/09\/20250923_Estudio_bateristas_04.jpeg 1600w\" sizes=\"(max-width: 1024px) 100vw, 1024px\" \/><\/a><\/figure>\n\n\n\n<p>En ese contexto, los principales resultados del proyecto UACh son un desarrollo del modelo sint\u00e9tico para simular la exposici\u00f3n de bateristas y los resultados de las medidas en una poblaci\u00f3n de m\u00fasicos. Gracias a ello se logr\u00f3 revelar que los bateristas est\u00e1n expuestos a niveles muy peligrosos, superando los 103 dB(A), lo que a largo plazo puede derivar en p\u00e9rdida permanente de la audici\u00f3n. \u201cEsto quiere decir que, aproximadamente, un baterista puede alcanzar el 100% de la dosis diaria de ruido recomendada en tan solo 7 a 8 minutos de ensayo sin protecci\u00f3n auditiva. Los resultados sugieren que los bateristas ven m\u00e1s afectada la audici\u00f3n del o\u00eddo izquierdo y hay algunas frecuencias que pueden sufrir m\u00e1s da\u00f1o que otras\u201d, asegura el investigador.<\/p>\n\n\n\n<p>\u201cEl estudio recomienda que los bateristas deben utilizar protecci\u00f3n auditiva (la investigaci\u00f3n tambi\u00e9n revel\u00f3 que la mayor\u00eda no la utiliza), y que deben tomar tiempos de descanso en lugares silenciosos durante los ensayos. O bien utilizar pad de ensayo o cualquier otra medida que permita que no tengan este nivel de exposici\u00f3n al ruido\u201d, recalca el Dr. Arenas, quien trabaj\u00f3 en este proyecto junto a un equipo integrado por el Profesor Jorge C\u00e1rdenas del Instituto de Ac\u00fastica UACh y la Dra. Mar\u00eda Hinalaf del CONICET y la Universidad Tecnol\u00f3gica Nacional de C\u00f3rdoba, Argentina. En el proyecto participaron tambi\u00e9n dos tesistas del Mag\u00edster en Ac\u00fastica y Vibraciones de la UACh, Chiara Valderrama y Esteban Revelo, adem\u00e1s de la especialista en fonoaudiolog\u00eda Ana Paula Cancino.<\/p>\n\n\n\n<figure class=\"wp-block-image size-large\"><a href=\"https:\/\/www.acusticauach.cl\/wp-content\/uploads\/2025\/09\/20250923_Estudio_bateristas_02.jpeg\"><img decoding=\"async\" width=\"1024\" height=\"576\" src=\"https:\/\/www.acusticauach.cl\/wp-content\/uploads\/2025\/09\/20250923_Estudio_bateristas_02-1024x576.jpeg\" alt=\"\" class=\"wp-image-17189\" srcset=\"https:\/\/www.acusticauach.cl\/wp-content\/uploads\/2025\/09\/20250923_Estudio_bateristas_02-1024x576.jpeg 1024w, https:\/\/www.acusticauach.cl\/wp-content\/uploads\/2025\/09\/20250923_Estudio_bateristas_02-300x169.jpeg 300w, https:\/\/www.acusticauach.cl\/wp-content\/uploads\/2025\/09\/20250923_Estudio_bateristas_02-768x432.jpeg 768w, https:\/\/www.acusticauach.cl\/wp-content\/uploads\/2025\/09\/20250923_Estudio_bateristas_02-125x70.jpeg 125w, https:\/\/www.acusticauach.cl\/wp-content\/uploads\/2025\/09\/20250923_Estudio_bateristas_02-75x42.jpeg 75w, https:\/\/www.acusticauach.cl\/wp-content\/uploads\/2025\/09\/20250923_Estudio_bateristas_02-1536x864.jpeg 1536w, https:\/\/www.acusticauach.cl\/wp-content\/uploads\/2025\/09\/20250923_Estudio_bateristas_02.jpeg 1600w\" sizes=\"(max-width: 1024px) 100vw, 1024px\" \/><\/a><\/figure>\n\n\n\n<p><strong>Mediciones con bateristas<\/strong><\/p>\n\n\n\n<p>Entre los a\u00f1os 2023 y 2024 se realizaron mediciones con 21 bateristas de la regi\u00f3n de Los R\u00edos, entre las cuales hubo tres mujeres. En la oportunidad el 60% de quienes participaron reconocieron que no usaban protectores auditivos.<\/p>\n\n\n\n<p>Uno de los bateristas fue Daniel Meneses, m\u00fasico y drum coach. Para \u00e9l \u201ctodo lo que tenga que ver con investigaci\u00f3n, respaldo cient\u00edfico y autocuidado en torno a lo que nosotros hacemos con el instrumento es un aporte tremendo, as\u00ed que s\u00faper agradecido no s\u00f3lo de la invitaci\u00f3n sino de saber que hay un trabajo con respaldo desde una universidad\u201d.<\/p>\n\n\n\n<p>El m\u00fasico plante\u00f3 que es importante la difusi\u00f3n de estos resultados. \u201cYo creo que el c\u00edrculo de bateristas nacionales estar\u00eda agradecid\u00edsimo de este tipo de aportes\u2026 La p\u00e9rdida de audici\u00f3n es realmente un problema y en los 40 y 50 a\u00f1os ya podemos perfectamente experimentar dolor, problemas y algunos s\u00edntomas no agradables. Creo que la comunidad en general estar\u00eda muy agradecida de poder conocer esto idealmente con mucha anticipaci\u00f3n\u201d.<\/p>\n\n\n\n<p>Junto con participar en esta investigaci\u00f3n, Daniel Meneses colabor\u00f3 en una actividad abierta a la comunidad que buscaba comunicar y difundir este mensaje de ciencia y autocuidado en torno a la bater\u00eda y al ruido impulsivo.<\/p>\n\n\n\n<p>Quien tambi\u00e9n particip\u00f3 en este estudio fue Chiara Valderrama, quien hizo su tesis en torno a esta investigaci\u00f3n tanto en la carrera de Ingenier\u00eda Civil Ac\u00fastica como en el Mag\u00edster en Ac\u00fastica y Vibraciones, al que ingres\u00f3 a trav\u00e9s de un plan vinculante entre ambos programas.<\/p>\n\n\n\n<p>\u201cMi rol fue primero hacer un estado del arte de todo lo que era esta investigaci\u00f3n\u201d, explic\u00f3 la tesista. Luego se realizaron unas grabaciones para hacer una s\u00edntesis, para tener una parte m\u00e1s te\u00f3rica de cu\u00e1l podr\u00eda ser el da\u00f1o auditivo por el que pasan los bateristas, y a continuaci\u00f3n se hizo un estudio directamente con los m\u00fasicos. \u201cYo estaba ah\u00ed, coordinando y ayudando a investigar\u201d, indic\u00f3.<\/p>\n\n\n\n<figure class=\"wp-block-image size-large\"><a href=\"https:\/\/www.acusticauach.cl\/wp-content\/uploads\/2025\/09\/20250923_Estudio_bateristas_03.jpeg\"><img decoding=\"async\" width=\"1024\" height=\"576\" src=\"https:\/\/www.acusticauach.cl\/wp-content\/uploads\/2025\/09\/20250923_Estudio_bateristas_03-1024x576.jpeg\" alt=\"\" class=\"wp-image-17190\" srcset=\"https:\/\/www.acusticauach.cl\/wp-content\/uploads\/2025\/09\/20250923_Estudio_bateristas_03-1024x576.jpeg 1024w, https:\/\/www.acusticauach.cl\/wp-content\/uploads\/2025\/09\/20250923_Estudio_bateristas_03-300x169.jpeg 300w, https:\/\/www.acusticauach.cl\/wp-content\/uploads\/2025\/09\/20250923_Estudio_bateristas_03-768x432.jpeg 768w, https:\/\/www.acusticauach.cl\/wp-content\/uploads\/2025\/09\/20250923_Estudio_bateristas_03-125x70.jpeg 125w, https:\/\/www.acusticauach.cl\/wp-content\/uploads\/2025\/09\/20250923_Estudio_bateristas_03-75x42.jpeg 75w, https:\/\/www.acusticauach.cl\/wp-content\/uploads\/2025\/09\/20250923_Estudio_bateristas_03-1536x864.jpeg 1536w, https:\/\/www.acusticauach.cl\/wp-content\/uploads\/2025\/09\/20250923_Estudio_bateristas_03.jpeg 1600w\" sizes=\"(max-width: 1024px) 100vw, 1024px\" \/><\/a><\/figure>\n\n\n\n<p>&nbsp;A su juicio, esta experiencia ha sido muy enriquecedora \u201cporque algo que te dicen en la carrera antes de entrar es que es la perfecta combinaci\u00f3n de m\u00fasica y matem\u00e1tica e ingenier\u00eda. Esta tesis es b\u00e1sicamente trabajar con m\u00fasicos en un problema que pasa\u201d.<\/p>\n\n\n\n<p>A\u00f1adi\u00f3 que este estudio \u201cme parece bastante \u00fatil. A uno como m\u00fasico, porque yo he tocado instrumentos en mi vida, muchas veces te dicen que tienes que ponerte tapones de o\u00eddos y uno entiende. Pero igual puede no terminar de entender las consecuencias de por qu\u00e9 es importante hacer eso\u201d.<\/p>\n\n\n\n<figure class=\"wp-block-embed is-type-video is-provider-youtube wp-block-embed-youtube wp-embed-aspect-16-9 wp-has-aspect-ratio\"><div class=\"wp-block-embed__wrapper\">\n<iframe title=\"Proyecto: Bateristas deben utilizar protecci\u00f3n auditiva y tomar descansos durante ensayos\" width=\"1200\" height=\"675\" src=\"https:\/\/www.youtube.com\/embed\/3kk6nzhUl9E?feature=oembed\" frameborder=\"0\" allow=\"accelerometer; autoplay; clipboard-write; encrypted-media; gyroscope; picture-in-picture; web-share\" referrerpolicy=\"strict-origin-when-cross-origin\" allowfullscreen><\/iframe>\n<\/div><\/figure>\n\n\n\n<p><strong>Ruidos impulsivos<\/strong><\/p>\n\n\n\n<p>Este estudio se enfoc\u00f3 en estudiar los efectos en el caso de m\u00fasicos percusionistas, en particular de los bateristas. El Dr. Jorge Arenas coment\u00f3 que actualmente muchos m\u00fasicos, sobre todo j\u00f3venes, tienen acceso a bater\u00edas semiprofesionales y pasan muchas horas practicando. El ruido de las bater\u00edas presenta muchos componentes de ruido impulsivo de muy corta duraci\u00f3n, pero que poseen mucha energ\u00eda ac\u00fastica.<\/p>\n\n\n\n<p>El objetivo general de este estudio de dos a\u00f1os fue determinar los potenciales efectos de la exposici\u00f3n al ruido en la audici\u00f3n de los bateristas. Durante el proyecto, se desarroll\u00f3 un arreglo experimental en la sala de m\u00fasicos del Estudio de Grabaci\u00f3n y Producci\u00f3n Musical de la Universidad Austral de Chile en el Campus Isla Teja, Valdivia. Se implementaron varios algoritmos para computador, programados en lenguaje Matlab, que permitieron analizar todo tipo de ruidos impulsivos grabados a frecuencias de muestreo superiores a 200000 muestras\/segundo (los sistemas tradicionales de audio graban a 44100 usualmente). Esta frecuencia es necesaria para poder estudiar los detalles de la forma de onda.&nbsp;<\/p>\n\n\n\n<p>Por otro lado, tambi\u00e9n en Matlab se implement\u00f3 un modelo sint\u00e9tico para simular la ejecuci\u00f3n de un m\u00fasico baterista. Para esto, se grabaron ruidos en una bater\u00eda real, con micr\u00f3fonos de alta precisi\u00f3n en la entrada de cada o\u00eddo de un baterista y para cada componente de la bater\u00eda, a los niveles normales de percusi\u00f3n.<\/p>\n\n\n\n<p>Finalmente, se realizaron encuestas y pruebas en bateristas reales que ten\u00edan audici\u00f3n normal, en los cuales se midieron los niveles de exposici\u00f3n en cada o\u00eddo mientras tocaban de la misma forma en la que ensayan regularmente. Las medidas se hicieron en un ambiente controlado y con las mismas condiciones para cada baterista. &nbsp;Se les realizaron medidas audiol\u00f3gicas antes e inmediatamente despu\u00e9s de tocar, y se evaluaron los cambios generados en el o\u00eddo interno.<\/p>\n\n\n\n<figure class=\"wp-block-embed is-type-video is-provider-youtube wp-block-embed-youtube wp-embed-aspect-16-9 wp-has-aspect-ratio\"><div class=\"wp-block-embed__wrapper\">\n<iframe title=\"[Canal MEGA] Jorge Arenas acad\u00e9mico del Instituto de Ac\u00fastica de la Universidad Austral (28-10-2025)\" width=\"1200\" height=\"675\" src=\"https:\/\/www.youtube.com\/embed\/Em0qEqrMQLg?feature=oembed\" frameborder=\"0\" allow=\"accelerometer; autoplay; clipboard-write; encrypted-media; gyroscope; picture-in-picture; web-share\" referrerpolicy=\"strict-origin-when-cross-origin\" allowfullscreen><\/iframe>\n<\/div><\/figure>\n","protected":false},"excerpt":{"rendered":"<p>Los resultados de la investigaci\u00f3n sugieren que los y las bateristas ven m\u00e1s afectada la audici\u00f3n del o\u00eddo izquierdo y hay algunas frecuencias que pueden generar m\u00e1s da\u00f1o que otras. Escrito por PrensaDIRCOM UACh La p\u00e9rdida auditiva producida por la exposici\u00f3n al ruido es un problema de gran importancia en el \u00e1mbito de la salud [&hellip;]<\/p>\n","protected":false},"author":2,"featured_media":17187,"comment_status":"closed","ping_status":"closed","sticky":false,"template":"","format":"standard","meta":{"footnotes":""},"categories":[908,907],"tags":[1131,192,1132,608,105,78,458,30,915,1133],"class_list":["post-17186","post","type-post","status-publish","format-standard","has-post-thumbnail","hentry","category-investigacion","category-postgrado","tag-baterista","tag-cardenas","tag-conicet","tag-estudiante","tag-fondecyt","tag-investigacion-2","tag-musicos","tag-paisaje","tag-portada","tag-universidad-tecnologica-nacional-de-cordoba"],"_links":{"self":[{"href":"https:\/\/www.acusticauach.cl\/index.php?rest_route=\/wp\/v2\/posts\/17186","targetHints":{"allow":["GET"]}}],"collection":[{"href":"https:\/\/www.acusticauach.cl\/index.php?rest_route=\/wp\/v2\/posts"}],"about":[{"href":"https:\/\/www.acusticauach.cl\/index.php?rest_route=\/wp\/v2\/types\/post"}],"author":[{"embeddable":true,"href":"https:\/\/www.acusticauach.cl\/index.php?rest_route=\/wp\/v2\/users\/2"}],"replies":[{"embeddable":true,"href":"https:\/\/www.acusticauach.cl\/index.php?rest_route=%2Fwp%2Fv2%2Fcomments&post=17186"}],"version-history":[{"count":3,"href":"https:\/\/www.acusticauach.cl\/index.php?rest_route=\/wp\/v2\/posts\/17186\/revisions"}],"predecessor-version":[{"id":17257,"href":"https:\/\/www.acusticauach.cl\/index.php?rest_route=\/wp\/v2\/posts\/17186\/revisions\/17257"}],"wp:featuredmedia":[{"embeddable":true,"href":"https:\/\/www.acusticauach.cl\/index.php?rest_route=\/wp\/v2\/media\/17187"}],"wp:attachment":[{"href":"https:\/\/www.acusticauach.cl\/index.php?rest_route=%2Fwp%2Fv2%2Fmedia&parent=17186"}],"wp:term":[{"taxonomy":"category","embeddable":true,"href":"https:\/\/www.acusticauach.cl\/index.php?rest_route=%2Fwp%2Fv2%2Fcategories&post=17186"},{"taxonomy":"post_tag","embeddable":true,"href":"https:\/\/www.acusticauach.cl\/index.php?rest_route=%2Fwp%2Fv2%2Ftags&post=17186"}],"curies":[{"name":"wp","href":"https:\/\/api.w.org\/{rel}","templated":true}]}}