{"id":17128,"date":"2025-08-11T23:01:25","date_gmt":"2025-08-12T03:01:25","guid":{"rendered":"https:\/\/www.acusticauach.cl\/?p=17128"},"modified":"2025-08-11T23:01:25","modified_gmt":"2025-08-12T03:01:25","slug":"dr-jorge-arenas-asume-presidencia-mundial-del-instituto-internacional-de-acustica-2-2","status":"publish","type":"post","link":"https:\/\/www.acusticauach.cl\/?p=17128","title":{"rendered":"Dr. Jorge Arenas presenta investigaci\u00f3n sobre los efectos del ruido en m\u00fasicos durante congreso internacional en Corea"},"content":{"rendered":"<h3>Acad\u00e9mico del Instituto de Ac\u00fastica de la Facultad de Ciencias de la Ingenier\u00eda, Dr. Jorge Arenas, particip\u00f3 en el 31st International Congress on Sound and Vibration (ICSV31), evento de relevancia mundial en el campo de la ac\u00fastica y las vibraciones, que se desarroll\u00f3 recientemente en la ciudad de Incheon, Corea del Sur.<\/h3>\n<div class=\"et_pb_section et_pb_section_1_tb_body et_pb_with_background et_section_regular\">\n<div class=\"et_pb_row et_pb_row_2_tb_body\">\n<div class=\"et_pb_column et_pb_column_4_4 et_pb_column_3_tb_body et_pb_css_mix_blend_mode_passthrough et-last-child\">\n<div class=\"et_pb_module et_pb_text et_pb_text_0_tb_body et_pb_text_align_left et_pb_bg_layout_light\">\n<div class=\"et_pb_text_inner\"><em>Escrito por Maritza Uribe<\/em><\/div>\n<div>\n<p>Acad\u00e9mico del Instituto de Ac\u00fastica de la Facultad de Ciencias de la Ingenier\u00eda, Dr. Jorge Arenas, particip\u00f3 en el 31st International Congress on Sound and Vibration (ICSV31), evento de relevancia mundial en el campo de la ac\u00fastica y las vibraciones, que se desarroll\u00f3 recientemente en la ciudad de Incheon, Corea del Sur.<\/p>\n<p>El congreso, organizado por el International Institute of Acoustics and Vibration (IIAV), reuni\u00f3 a m\u00e1s de 750 delegados provenientes de 45 pa\u00edses, quienes participaron en 15 sesiones t\u00e9cnicas paralelas que abordaron los \u00faltimos avances cient\u00edficos y tecnol\u00f3gicos del \u00e1rea, junto con una muestra internacional de equipamiento, instrumentaci\u00f3n y servicios especializados.<\/p>\n<p>Durante el evento, el Dr. Arenas present\u00f3 el trabajo titulado \u201cImpact of Rehearsal Noise on Auditory Function in Rock and Pop Drummers\u201d, en la sesi\u00f3n t\u00e9cnica sobre ruido y salud humana. Esta investigaci\u00f3n forma parte del proyecto Fondecyt Regular 1231130, que lidera como investigador principal, y cuyo objetivo es analizar los efectos de la exposici\u00f3n al ruido en m\u00fasicos bateristas mediante la evaluaci\u00f3n de sus emisiones otoac\u00fasticas antes y despu\u00e9s de sesiones de ensayo controladas.<\/p>\n<p><img decoding=\"async\" class=\"aligncenter size-full wp-image-17130\" src=\"https:\/\/www.acusticauach.cl\/wp-content\/uploads\/2025\/08\/Arenas-en_Corea_02.jpeg\" alt=\"\" width=\"800\" height=\"450\" srcset=\"https:\/\/www.acusticauach.cl\/wp-content\/uploads\/2025\/08\/Arenas-en_Corea_02.jpeg 800w, https:\/\/www.acusticauach.cl\/wp-content\/uploads\/2025\/08\/Arenas-en_Corea_02-300x169.jpeg 300w, https:\/\/www.acusticauach.cl\/wp-content\/uploads\/2025\/08\/Arenas-en_Corea_02-768x432.jpeg 768w, https:\/\/www.acusticauach.cl\/wp-content\/uploads\/2025\/08\/Arenas-en_Corea_02-125x70.jpeg 125w, https:\/\/www.acusticauach.cl\/wp-content\/uploads\/2025\/08\/Arenas-en_Corea_02-75x42.jpeg 75w\" sizes=\"(max-width: 800px) 100vw, 800px\" \/><\/p>\n<p>\u201cParticipar en este congreso, adem\u00e1s de difundir los resultados de nuestra investigaci\u00f3n, permiti\u00f3 visibilizar una l\u00ednea de estudio novedosa que ha sido desarrollada en el Instituto de Ac\u00fastica de la UACh, la que fue valorada por los asistentes. Esto debido a que los efectos del ruido ocupacional en m\u00fasicos profesionales no ha recibido tanta atenci\u00f3n como en el caso de los trabajadores de otras industrias, aun cuando los m\u00fasicos se exponen a niveles de ruido muy intensos durante sus ensayos y conciertos\u201d se\u00f1al\u00f3 el acad\u00e9mico.<\/p>\n<p>Como parte de su agenda en Corea, el Dr. Arenas tambi\u00e9n visit\u00f3 el Centro de Innovaci\u00f3n de LG en Se\u00fal, donde conoci\u00f3 los desarrollos m\u00e1s recientes de esta reconocida empresa en \u00e1reas como electr\u00f3nica, rob\u00f3tica, materiales, automoci\u00f3n, energ\u00eda y medicina, fortaleciendo as\u00ed los v\u00ednculos entre investigaci\u00f3n universitaria y el mundo tecnol\u00f3gico e industrial.<\/p>\n<\/div>\n<\/div>\n<\/div>\n<\/div>\n<\/div>\n","protected":false},"excerpt":{"rendered":"<p>Acad\u00e9mico del Instituto de Ac\u00fastica de la Facultad de Ciencias de la Ingenier\u00eda, Dr. Jorge Arenas, particip\u00f3 en el 31st International Congress on Sound and Vibration (ICSV31), evento de relevancia mundial en el campo de la ac\u00fastica y las vibraciones, que se desarroll\u00f3 recientemente en la ciudad de Incheon, Corea del Sur. Escrito por Maritza [&hellip;]<\/p>\n","protected":false},"author":2,"featured_media":17129,"comment_status":"closed","ping_status":"closed","sticky":false,"template":"","format":"standard","meta":{"footnotes":""},"categories":[908],"tags":[402,113,48,1131,21,45,105,49,78,458,83,915,32],"class_list":["post-17128","post","type-post","status-publish","format-standard","has-post-thumbnail","hentry","category-investigacion","tag-acoustics","tag-acustica","tag-arenas","tag-baterista","tag-congreso","tag-extranjero","tag-fondecyt","tag-iiav","tag-investigacion-2","tag-musicos","tag-ocupacional","tag-portada","tag-ruido"],"_links":{"self":[{"href":"https:\/\/www.acusticauach.cl\/index.php?rest_route=\/wp\/v2\/posts\/17128","targetHints":{"allow":["GET"]}}],"collection":[{"href":"https:\/\/www.acusticauach.cl\/index.php?rest_route=\/wp\/v2\/posts"}],"about":[{"href":"https:\/\/www.acusticauach.cl\/index.php?rest_route=\/wp\/v2\/types\/post"}],"author":[{"embeddable":true,"href":"https:\/\/www.acusticauach.cl\/index.php?rest_route=\/wp\/v2\/users\/2"}],"replies":[{"embeddable":true,"href":"https:\/\/www.acusticauach.cl\/index.php?rest_route=%2Fwp%2Fv2%2Fcomments&post=17128"}],"version-history":[{"count":1,"href":"https:\/\/www.acusticauach.cl\/index.php?rest_route=\/wp\/v2\/posts\/17128\/revisions"}],"predecessor-version":[{"id":17131,"href":"https:\/\/www.acusticauach.cl\/index.php?rest_route=\/wp\/v2\/posts\/17128\/revisions\/17131"}],"wp:featuredmedia":[{"embeddable":true,"href":"https:\/\/www.acusticauach.cl\/index.php?rest_route=\/wp\/v2\/media\/17129"}],"wp:attachment":[{"href":"https:\/\/www.acusticauach.cl\/index.php?rest_route=%2Fwp%2Fv2%2Fmedia&parent=17128"}],"wp:term":[{"taxonomy":"category","embeddable":true,"href":"https:\/\/www.acusticauach.cl\/index.php?rest_route=%2Fwp%2Fv2%2Fcategories&post=17128"},{"taxonomy":"post_tag","embeddable":true,"href":"https:\/\/www.acusticauach.cl\/index.php?rest_route=%2Fwp%2Fv2%2Ftags&post=17128"}],"curies":[{"name":"wp","href":"https:\/\/api.w.org\/{rel}","templated":true}]}}