{"id":16988,"date":"2025-04-20T16:54:36","date_gmt":"2025-04-20T20:54:36","guid":{"rendered":"https:\/\/www.acusticauach.cl\/?p=16988"},"modified":"2025-04-23T15:26:35","modified_gmt":"2025-04-23T19:26:35","slug":"investigacion-de-ingenieria-busca-desarrollar-tecnologia-que-permita-la-caracterizacion-vibroacustica-de-tejidos-3-4-2-2-2-3-2","status":"publish","type":"post","link":"https:\/\/www.acusticauach.cl\/?p=16988","title":{"rendered":"Conoce la carrera que convierte la pasi\u00f3n por el sonido en una profesi\u00f3n con futuro"},"content":{"rendered":"\r\n<h3 class=\"wp-block-heading\"><strong>\u00bfTe imaginas estudiar una carrera donde la ciencia, la tecnolog\u00eda y la creatividad se unan para comprender y trabajar con el sonido?<\/strong><\/h3>\r\n\r\n\r\n\r\n<p><em>Escrito por Maritza Uribe<\/em><\/p>\r\n\r\n\r\n\r\n<p>Eso es lo que ofrece la carrera de\u00a0<a href=\"https:\/\/www.acusticauach.cl\/\">Ingenier\u00eda Civil Ac\u00fastica<\/a>, que se imparte desde 1967 en la Universidad Austral de Chile y que es \u00fanica en nuestro pa\u00eds.<\/p>\r\n\r\n\r\n\r\n<p>La carrera ofrece un enfoque multidisciplinario, es decir, no se trata s\u00f3lo de trabajar con parlantes y micr\u00f3fonos, sino que los estudiantes son formados para dise\u00f1ar soluciones relacionadas con el fen\u00f3meno sonoro en el medioambiente, en los espacios arquitect\u00f3nicos, en la salud de las personas, en el audio profesional o en el \u00e1mbito de las vibraciones mec\u00e1nicas entre otras \u00e1reas.<\/p>\r\n\r\n\r\n\r\n<p>Es decir, un profesional de la ingenier\u00eda civil ac\u00fastica estar\u00e1 preparado para dise\u00f1ar el sistema ac\u00fastico de un hospital; estudiar el impacto del ruido en una autopista; trabajar en la postproducci\u00f3n de una pel\u00edcula o desarrollar mapas de ruido de las ciudades, lo que hace que su campo laboral sea amplio y diverso.<\/p>\r\n\r\n\r\n\r\n<p>Para conocer m\u00e1s sobre esta disciplina conversamos en el programa radial Miraflores Conecta que se transmite por Radio Universidad Austral de Chile con el director de escuela Prof. Jorge C\u00e1rdenas y los estudiantes Yanira Villa y Sim\u00f3n Matamala.<\/p>\r\n\r\n\r\n\r\n<figure class=\"wp-block-embed is-type-video is-provider-youtube wp-block-embed-youtube wp-embed-aspect-16-9 wp-has-aspect-ratio\">\r\n<div class=\"wp-block-embed__wrapper\">https:\/\/youtu.be\/fV2b5UWRoOs?feature=shared<\/div>\r\n<\/figure>\r\n\r\n\r\n\r\n<p>Yanira y Sim\u00f3n son estudiantes de \u00faltimo a\u00f1o de la carrera y actualmente mediante el plan de vinculaci\u00f3n entre pre y postgrado han iniciado su primer a\u00f1o en el Mag\u00edster de Ac\u00fastica y Vibraciones de la UACh.<\/p>\r\n\r\n\r\n\r\n<p>Yanira destaca el amplio campo de estudios que tiene hoy la ac\u00fastica y c\u00f3mo desde que ingres\u00f3 a la carrera se ha ido encantando con las \u00e1reas en que se puede desarrollar.<\/p>\r\n\r\n\r\n<div class=\"wp-block-image\">\r\n<figure class=\"aligncenter\"><img decoding=\"async\" class=\"wp-image-25983798\" src=\"https:\/\/ingenieria.uach.cl\/wp-content\/uploads\/2025\/04\/ACUSTICA-ESTUDIO-300x200.jpg\" alt=\"\" \/><\/figure>\r\n<\/div>\r\n\r\n\r\n<p>\u00a0\u201cEl semestre anterior tuvimos un ramo de ruido ocupacional con el profesor Jorge Arenas y estuvimos viendo varios fen\u00f3menos y aprendimos a hacer audiometr\u00edas, medimos emisiones otoac\u00fasticas y me gust\u00f3 mucho esa \u00e1rea de ver como est\u00e1 afectando al o\u00eddo a nivel biol\u00f3gico, ver qu\u00e9 da\u00f1o est\u00e1 haciendo. Sobre todo, en estos a\u00f1os que se sabe que con el avance de la tecnolog\u00eda es mucho m\u00e1s el ruido al que se est\u00e1 exponiendo el ser humano sobre todo con los aud\u00edfonos y los videojuegos, as\u00ed es que esa \u00e1rea me est\u00e1 interesando mucho sobre todo para poder hacer un aporte a la sociedad.\u201d<\/p>\r\n\r\n\r\n<div class=\"wp-block-image\">\r\n<figure class=\"aligncenter\"><img decoding=\"async\" class=\"wp-image-25983796\" src=\"https:\/\/ingenieria.uach.cl\/wp-content\/uploads\/2025\/04\/ACUSTICA-MEDICION-300x200.jpg\" alt=\"\" \/><\/figure>\r\n<\/div>\r\n\r\n\r\n<p>Cuando uno comienza a estudiar sonido, siempre quiere sabe un poquito m\u00e1s se\u00f1ala por su parte el prof. Jorge C\u00e1rdenas.\u201d Yo llegue a esta carrera por la m\u00fasica, yo creo que la mayor\u00eda, empieza con la m\u00fasica y despu\u00e9s con la m\u00fasica quiere saber el fen\u00f3meno sonoro y as\u00ed empieza a estudiar un poquito de ac\u00fastica y despu\u00e9s uno no para y, as\u00ed empieza a estudiar las vibraciones\u201d.<\/p>\r\n\r\n\r\n<div class=\"wp-block-image\">\r\n<figure class=\"aligncenter\"><img decoding=\"async\" class=\"wp-image-25983799\" src=\"https:\/\/ingenieria.uach.cl\/wp-content\/uploads\/2025\/04\/ACUSTICA-ANECOICA-300x200.jpg\" alt=\"\" \/><\/figure>\r\n<\/div>\r\n\r\n\r\n<p>El acad\u00e9mico destaca las diversas \u00e1reas de especializaci\u00f3n que tiene la carrera que se imparte en Valdivia, con profesores que se han especializado en \u00e1reas como audio profesional, ruido ocupacional, control de ruido ambiental, ac\u00fastica submarina, mapas de ruido, paisaje sonoro o metamateriales.<\/p>\r\n\r\n\r\n\r\n<p>La investigaci\u00f3n que se lleva a cabo en el \u00e1rea de la ac\u00fastica de la Universidad Austral de Chile es referente a nivel latinoamericano. Un reflejo de ello es que un importante n\u00famero de sus egresados trabaja actualmente en el extranjero, precisamente por el reconocimiento internacional que posee la carrera.<\/p>\r\n\r\n\r\n\r\n<p>Para conocer m\u00e1s sobre esta alternativa profesional los laboratorios de la carrera se encuentran abiertos durante todo el a\u00f1o para el p\u00fablico escolar o para cualquier persona que desee conocer m\u00e1s sobre la ciencia que estudia el sonido y busque desarrollar alg\u00fan tipo de vinculaci\u00f3n con esta disciplina a nivel de pre o postgrado.<\/p>\r\n","protected":false},"excerpt":{"rendered":"<p>\u00bfTe imaginas estudiar una carrera donde la ciencia, la tecnolog\u00eda y la creatividad se unan para comprender y trabajar con el sonido? Escrito por Maritza Uribe Eso es lo que ofrece la carrera de\u00a0Ingenier\u00eda Civil Ac\u00fastica, que se imparte desde 1967 en la Universidad Austral de Chile y que es \u00fanica en nuestro pa\u00eds. La [&hellip;]<\/p>\n","protected":false},"author":2,"featured_media":16989,"comment_status":"closed","ping_status":"closed","sticky":false,"template":"","format":"standard","meta":{"footnotes":""},"categories":[906],"tags":[37,707,533,915,93,485],"class_list":["post-16988","post","type-post","status-publish","format-standard","has-post-thumbnail","hentry","category-pregrado","tag-estudiantes","tag-ingenieria-acustica","tag-ingenieria-civil-acustica","tag-portada","tag-radio","tag-youtube"],"_links":{"self":[{"href":"https:\/\/www.acusticauach.cl\/index.php?rest_route=\/wp\/v2\/posts\/16988","targetHints":{"allow":["GET"]}}],"collection":[{"href":"https:\/\/www.acusticauach.cl\/index.php?rest_route=\/wp\/v2\/posts"}],"about":[{"href":"https:\/\/www.acusticauach.cl\/index.php?rest_route=\/wp\/v2\/types\/post"}],"author":[{"embeddable":true,"href":"https:\/\/www.acusticauach.cl\/index.php?rest_route=\/wp\/v2\/users\/2"}],"replies":[{"embeddable":true,"href":"https:\/\/www.acusticauach.cl\/index.php?rest_route=%2Fwp%2Fv2%2Fcomments&post=16988"}],"version-history":[{"count":2,"href":"https:\/\/www.acusticauach.cl\/index.php?rest_route=\/wp\/v2\/posts\/16988\/revisions"}],"predecessor-version":[{"id":16998,"href":"https:\/\/www.acusticauach.cl\/index.php?rest_route=\/wp\/v2\/posts\/16988\/revisions\/16998"}],"wp:featuredmedia":[{"embeddable":true,"href":"https:\/\/www.acusticauach.cl\/index.php?rest_route=\/wp\/v2\/media\/16989"}],"wp:attachment":[{"href":"https:\/\/www.acusticauach.cl\/index.php?rest_route=%2Fwp%2Fv2%2Fmedia&parent=16988"}],"wp:term":[{"taxonomy":"category","embeddable":true,"href":"https:\/\/www.acusticauach.cl\/index.php?rest_route=%2Fwp%2Fv2%2Fcategories&post=16988"},{"taxonomy":"post_tag","embeddable":true,"href":"https:\/\/www.acusticauach.cl\/index.php?rest_route=%2Fwp%2Fv2%2Ftags&post=16988"}],"curies":[{"name":"wp","href":"https:\/\/api.w.org\/{rel}","templated":true}]}}