{"id":16911,"date":"2025-03-06T13:17:28","date_gmt":"2025-03-06T16:17:28","guid":{"rendered":"https:\/\/www.acusticauach.cl\/?p=16911"},"modified":"2025-04-23T15:27:36","modified_gmt":"2025-04-23T19:27:36","slug":"investigacion-de-ingenieria-busca-desarrollar-tecnologia-que-permita-la-caracterizacion-vibroacustica-de-tejidos-3-4-2-3-2","status":"publish","type":"post","link":"https:\/\/www.acusticauach.cl\/?p=16911","title":{"rendered":"Facultad de Ciencias de la Ingenier\u00eda recibi\u00f3 a su generaci\u00f3n 2025"},"content":{"rendered":"\r\n<h3 class=\"wp-block-heading\">Alrededor de 300 estudiantes de la generaci\u00f3n 2025 se reunieron en el Auditorio del Edificio 3000 del Campus Miraflores de la Facultad de Ciencias de la Ingenier\u00eda el jueves 6 de marzo para participar de las actividades de bienvenida que se prepararon para su llegada.<\/h3>\r\n\r\n\r\n\r\n<p><em>Escrito por Mar\u00eda Jos\u00e9 Aedo<\/em><\/p>\r\n\r\n\r\n\r\n<p>\u201cLa vida universitaria es un viaje incre\u00edble que nunca olvidar\u00e1n. Los animo a aprovechar al m\u00e1ximo el tiempo aqu\u00ed. Participen en proyectos de investigaci\u00f3n, \u00fananse a clubes estudiantiles y aprovechen las oportunidades que nuestra comunidad les ofrece\u201d, les recomend\u00f3 el Decano de la Facultad de Ciencias de la Ingenier\u00eda, Dr. Enrique Su\u00e1rez.<\/p>\r\n<p>Y agreg\u00f3: \u201cSer parte de nuestra universidad es mucho m\u00e1s que estudiar. Es una etapa para forjar amistades que durar\u00e1n toda la vida, para explorar sus pasiones y desarrollar habilidades que van m\u00e1s all\u00e1 de las salas, los ex\u00e1menes y las largas noches de estudio\u201d.<\/p>\r\n<p>En la oportunidad, estuvieron tambi\u00e9n presentes el Rector de la Universidad Austral de Chile, Dr. Jos\u00e9 D\u00f6rner y la Directora de Asuntos Estudiantiles, Carolina Zambrano, quien present\u00f3 al equipo del Centro de Salud Universitario y a la asistente social del Campus Miraflores, Diana Norambuena.<\/p>\r\n<p><img decoding=\"async\" class=\"aligncenter size-full wp-image-16915\" src=\"https:\/\/www.acusticauach.cl\/wp-content\/uploads\/2025\/03\/Recepcion_estudiantes_2025_03.jpg\" alt=\"\" width=\"1000\" height=\"563\" srcset=\"https:\/\/www.acusticauach.cl\/wp-content\/uploads\/2025\/03\/Recepcion_estudiantes_2025_03.jpg 1000w, https:\/\/www.acusticauach.cl\/wp-content\/uploads\/2025\/03\/Recepcion_estudiantes_2025_03-300x169.jpg 300w, https:\/\/www.acusticauach.cl\/wp-content\/uploads\/2025\/03\/Recepcion_estudiantes_2025_03-768x432.jpg 768w, https:\/\/www.acusticauach.cl\/wp-content\/uploads\/2025\/03\/Recepcion_estudiantes_2025_03-125x70.jpg 125w, https:\/\/www.acusticauach.cl\/wp-content\/uploads\/2025\/03\/Recepcion_estudiantes_2025_03-75x42.jpg 75w\" sizes=\"(max-width: 1000px) 100vw, 1000px\" \/><\/p>\r\n<p>Posteriormente, la Secretaria Acad\u00e9mica, Prof. Teresa Castro present\u00f3 las redes de apoyo integral con las que cuenta la facultad y a los directores y directoras de Escuela de cada una de las carreras.<\/p>\r\n<p>Posterior a la ceremonia de bienvenida, los estudiantes se dividieron para participar de\u00a0 las actividades organizadas por cada Escuela en los distintos edificios del Campus Miraflores.<\/p>\r\n<p>Las carreras de pregrado que ayer recibieron a sus nuevos estudiantes son Ingenier\u00eda Civil Ac\u00fastica, Ingenier\u00eda Civil en Inform\u00e1tica, Ingenier\u00eda Naval, Ingenier\u00eda Civil Electr\u00f3nica, Ingenier\u00eda Civil en Obras Civiles, Ingenier\u00eda Civil Mec\u00e1nica, Ingenier\u00eda en Construcci\u00f3n, Ingenier\u00eda Civil Industrial e Ingenier\u00eda Plan Com\u00fan.<\/p>\r\n<p>Por la tarde, adem\u00e1s participaron en dos talleres, el primero coordinado por la Biblioteca Tecnol\u00f3gica del Campus Miraflores y el segundo por la Unidad de Apoyo al Aprendizaje (UAAP).<\/p>\r\n<p>En tanto, realizaron las pruebas de diagn\u00f3stico organizadas por el Centro de Docencia en Ciencias B\u00e1sicas para la Ingenier\u00eda de \u00e1lgebra y geometr\u00eda.<\/p>\r\n<p><img decoding=\"async\" class=\"aligncenter size-full wp-image-16916\" src=\"https:\/\/www.acusticauach.cl\/wp-content\/uploads\/2025\/03\/Recepcion_estudiantes_2025_02.jpg\" alt=\"\" width=\"1000\" height=\"563\" srcset=\"https:\/\/www.acusticauach.cl\/wp-content\/uploads\/2025\/03\/Recepcion_estudiantes_2025_02.jpg 1000w, https:\/\/www.acusticauach.cl\/wp-content\/uploads\/2025\/03\/Recepcion_estudiantes_2025_02-300x169.jpg 300w, https:\/\/www.acusticauach.cl\/wp-content\/uploads\/2025\/03\/Recepcion_estudiantes_2025_02-768x432.jpg 768w, https:\/\/www.acusticauach.cl\/wp-content\/uploads\/2025\/03\/Recepcion_estudiantes_2025_02-125x70.jpg 125w, https:\/\/www.acusticauach.cl\/wp-content\/uploads\/2025\/03\/Recepcion_estudiantes_2025_02-75x42.jpg 75w\" sizes=\"(max-width: 1000px) 100vw, 1000px\" \/><\/p>\r\n<p><strong>Testimonios<\/strong><\/p>\r\n<p><strong>Ariela Mansilla,<\/strong>\u00a0viene desde la Isla Lemuy en Chilo\u00e9 y estudi\u00f3 en el Liceo Polit\u00e9cnico de Castro la especialidad de Terminaci\u00f3n en Construcci\u00f3n, lo que la llev\u00f3 a decidir estudiar\u00a0<strong>Ingenier\u00eda en Construcci\u00f3n.<\/strong><\/p>\r\n<p>\u201cSiempre me ha gust\u00f3 la carrera y siempre supe que la UACh era una buena universidad, adem\u00e1s as\u00ed me lo dec\u00eda mi profesora del liceo. Respecto a la bienvenida, mi directora fue muy buena onda y nos explic\u00f3 toda la informaci\u00f3n que necesit\u00e1bamos\u201d.<\/p>\r\n<p><strong>Mart\u00edn Espinoza,\u00a0<\/strong>es oriundo de Osorno y coment\u00f3 que: \u201cAparte que ten\u00eda la oportunidad, entiendo que la UACh tiene mucho prestigio en el \u00e1rea de la ingenier\u00eda. Eleg\u00ed Plan Com\u00fan, porque m\u00e1s adelante quiero estudiar Ingenier\u00eda Civil Industrial. Mi director se mostr\u00f3 muy c\u00e1lido y acogedor durante la bienvenida.<\/p>\r\n<p><strong>\u00a0<\/strong>Lo mismo fue para<strong>\u00a0Joaqu\u00edn Rosales<\/strong>, quien opt\u00f3 tambi\u00e9n por Ingenier\u00eda Plan Com\u00fan para cambiarse despu\u00e9s a Ingenier\u00eda Industrial. Respecto a la bienvenida indic\u00f3 que: \u201cConoc\u00ed a mis compa\u00f1eros, no llegaron todos, pero me hubiera gustado conocerlos a todos, y en cuanto a la informaci\u00f3n muy completo todo lo que nos explic\u00f3 el profesor\u201d<\/p>\r\n<p><strong>Al\u00e1n P\u00e9rez<\/strong>, decidi\u00f3 estudiar Ingenier\u00eda Naval, porque le gusta el mar. \u201cMe gusta mucho ese tema y he estudiado un poco sobre eso, vengo a continuar mis estudios para as\u00ed mejorar mi experiencia y conseguir nuevas oportunidades\u201d, declar\u00f3.<\/p>\r\n<p>Finalmente,\u00a0<strong>Axel \u00c1ngulo<\/strong>, quien viene de Castro, pero estudi\u00f3 en el Liceo T\u00e9cnico Profesional de Chonchi \u201cCapit\u00e1n Williams\u201d escogi\u00f3 Ingenier\u00eda Naval tambi\u00e9n para continuar sus estudios ya que en su liceo desarroll\u00f3 la especialidad de Tripulaci\u00f3n de Naves Mercantes y Especiales. \u201cInvestigu\u00e9 la forma de continuar con mi especialidad y ah\u00ed conoc\u00ed la carrera de Ingenier\u00eda Naval\u201d.<\/p>\r\n<p><img decoding=\"async\" class=\"aligncenter size-full wp-image-16921\" src=\"https:\/\/www.acusticauach.cl\/wp-content\/uploads\/2025\/03\/Acustica-1.jpg\" alt=\"\" width=\"900\" height=\"598\" srcset=\"https:\/\/www.acusticauach.cl\/wp-content\/uploads\/2025\/03\/Acustica-1.jpg 900w, https:\/\/www.acusticauach.cl\/wp-content\/uploads\/2025\/03\/Acustica-1-300x199.jpg 300w, https:\/\/www.acusticauach.cl\/wp-content\/uploads\/2025\/03\/Acustica-1-768x510.jpg 768w, https:\/\/www.acusticauach.cl\/wp-content\/uploads\/2025\/03\/Acustica-1-125x83.jpg 125w, https:\/\/www.acusticauach.cl\/wp-content\/uploads\/2025\/03\/Acustica-1-75x50.jpg 75w\" sizes=\"(max-width: 900px) 100vw, 900px\" \/><\/p>\r\n<p>&nbsp;<\/p>\r\n","protected":false},"excerpt":{"rendered":"<p>Alrededor de 300 estudiantes de la generaci\u00f3n 2025 se reunieron en el Auditorio del Edificio 3000 del Campus Miraflores de la Facultad de Ciencias de la Ingenier\u00eda el jueves 6 de marzo para participar de las actividades de bienvenida que se prepararon para su llegada. Escrito por Mar\u00eda Jos\u00e9 Aedo \u201cLa vida universitaria es un [&hellip;]<\/p>\n","protected":false},"author":2,"featured_media":16923,"comment_status":"closed","ping_status":"closed","sticky":false,"template":"","format":"standard","meta":{"footnotes":""},"categories":[906],"tags":[1111,230,228,37,707,533,915],"class_list":["post-16911","post","type-post","status-publish","format-standard","has-post-thumbnail","hentry","category-pregrado","tag-1111","tag-bienvenida","tag-ceremonia","tag-estudiantes","tag-ingenieria-acustica","tag-ingenieria-civil-acustica","tag-portada"],"_links":{"self":[{"href":"https:\/\/www.acusticauach.cl\/index.php?rest_route=\/wp\/v2\/posts\/16911","targetHints":{"allow":["GET"]}}],"collection":[{"href":"https:\/\/www.acusticauach.cl\/index.php?rest_route=\/wp\/v2\/posts"}],"about":[{"href":"https:\/\/www.acusticauach.cl\/index.php?rest_route=\/wp\/v2\/types\/post"}],"author":[{"embeddable":true,"href":"https:\/\/www.acusticauach.cl\/index.php?rest_route=\/wp\/v2\/users\/2"}],"replies":[{"embeddable":true,"href":"https:\/\/www.acusticauach.cl\/index.php?rest_route=%2Fwp%2Fv2%2Fcomments&post=16911"}],"version-history":[{"count":1,"href":"https:\/\/www.acusticauach.cl\/index.php?rest_route=\/wp\/v2\/posts\/16911\/revisions"}],"predecessor-version":[{"id":16999,"href":"https:\/\/www.acusticauach.cl\/index.php?rest_route=\/wp\/v2\/posts\/16911\/revisions\/16999"}],"wp:featuredmedia":[{"embeddable":true,"href":"https:\/\/www.acusticauach.cl\/index.php?rest_route=\/wp\/v2\/media\/16923"}],"wp:attachment":[{"href":"https:\/\/www.acusticauach.cl\/index.php?rest_route=%2Fwp%2Fv2%2Fmedia&parent=16911"}],"wp:term":[{"taxonomy":"category","embeddable":true,"href":"https:\/\/www.acusticauach.cl\/index.php?rest_route=%2Fwp%2Fv2%2Fcategories&post=16911"},{"taxonomy":"post_tag","embeddable":true,"href":"https:\/\/www.acusticauach.cl\/index.php?rest_route=%2Fwp%2Fv2%2Ftags&post=16911"}],"curies":[{"name":"wp","href":"https:\/\/api.w.org\/{rel}","templated":true}]}}