{"id":16682,"date":"2024-08-28T13:13:43","date_gmt":"2024-08-28T17:13:43","guid":{"rendered":"https:\/\/www.acusticauach.cl\/?p=16682"},"modified":"2024-09-04T13:21:46","modified_gmt":"2024-09-04T17:21:46","slug":"cooperativa-ciencia-electromovilidad-el-vehiculo-para-reducir-el-ruido-urbano-2-2-3-2","status":"publish","type":"post","link":"https:\/\/www.acusticauach.cl\/?p=16682","title":{"rendered":"Radio Cooperativa: Lanzan repositorio web con sonidos de aves de los humedales de Valdivia"},"content":{"rendered":"<header class=\"main-single__header\">\n<h3 class=\"wp-block-heading\"><strong>Cooperativa Ciencia| Martes 27 de agosto de 2024.<\/strong><\/h3>\n<div>\n<p>Investigadores de la Universidad Austral de Chile desarrollaron este portal que tiene como objetivo apoyar la educaci\u00f3n y fomentar la conservaci\u00f3n del patrimonio sonoro y la biodiversidad en el sur de Chile.<\/p>\n<p>&nbsp;<\/p>\n<p>Investigadores del Instituto de Ac\u00fastica de la <a href=\"http:\/\/uach.cl\/\">Universidad Austral de Chile<\/a>, lanzaron un\u00a0<a href=\"https:\/\/birds-soundlapse.vercel.app\/\">repositorio web<\/a>\u00a0con una recopilaci\u00f3n del\u00a0<strong>sonido de las aves de los humedales<\/strong>\u00a0de Valdivia.<\/p>\n<div class=\"main-single__wrapper main-single-wrapper\">\n<div class=\"main-single-wrapper__content\">\n<div class=\"main-single__text main-single-text\">\n<p>La herramienta que tiene fines educativos se enmarca en el trabajo desarrollado por el equipo de investigadores del proyecto Fondecyt\u00a0\u00a0<a href=\"http:\/\/www.soundlapse.net\/\"><em><strong>Soundlapse<\/strong>,<\/em><\/a>\u00a0liderado por el acad\u00e9mico y Director del Instituto de Ac\u00fastica, Dr. Felipe Otondo.<\/p>\n<p>El\u00a0repositorio\u00a0permite acceder a una recopilaci\u00f3n de grabaciones de sonidos de aves incluyendo una descripci\u00f3n simple enfocada en sus aspectos\u00a0<strong>ac\u00fasticos y musicales<\/strong>.<\/p>\n<h4>Proyecto educativo<\/h4>\n<p>El objetivo de esta aplicaci\u00f3n es proporcionar\u00a0<strong>material de apoyo<\/strong>\u00a0para profesores de educaci\u00f3n b\u00e1sica y servir como eje central de talleres sensoriales que se llevar\u00e1n a cabo durante el segundo semestre de 2024 se\u00f1al\u00f3 el Dr. Felipe Otondo.<\/p>\n<p>Estos talleres consisten en estrategias basadas en el\u00a0<strong>aprendizaje creativo<\/strong>\u00a0y el uso de grabaciones de paisajes sonoros. Las actividades propuestas incluyen conciertos inmersivos, laboratorios en terreno, caminatas sonoras y talleres de dise\u00f1o de entornos virtuales.<\/p>\n<p>Los resultados pretenden contribuir a la investigaci\u00f3n del\u00a0<strong>paisaje sonoro<\/strong>, promoviendo la conservaci\u00f3n del patrimonio sonoro natural y la biodiversidad en el sur de Chile, a trav\u00e9s de la integraci\u00f3n de procesos creativos, tecnolog\u00eda avanzada y educaci\u00f3n ambiental.<\/p>\n<p>El acad\u00e9mico agreg\u00f3 que junto a Paula Mar\u00edn y Gabriel Morales elaboraron el material base de este trabajo, mientras que Carlos Knopel cre\u00f3 el entorno web. Por otra parte, fot\u00f3grafos chilenos especializados en aves tomaron las\u00a0<strong>fotograf\u00edas originales<\/strong>\u00a0utilizadas en el portal.<\/p>\n<\/div>\n<\/div>\n<\/div>\n<p><a href=\"https:\/\/www.cooperativaciencia.cl\/medio-ambiente\/2024\/08\/27\/lanzan-repositorio-web-con-sonidos-de-aves-de-los-humedales-de-valdivia\/?fbclid=IwY2xjawE7EU5leHRuA2FlbQIxMAABHYJzpma9RP70cjFI4KIn_2M_9OqzjPe3-3CFUX6UGwmJugbrCJK8ZMui-Q_aem_m7idZO-qeG3yjV5wLOJ8kg\"><img decoding=\"async\" class=\"aligncenter size-large wp-image-16684\" src=\"https:\/\/www.acusticauach.cl\/wp-content\/uploads\/2024\/09\/Cooperativa_Ciencia-sonidos_aves_humedales-2-585x1024.jpg\" alt=\"\" width=\"585\" height=\"1024\" srcset=\"https:\/\/www.acusticauach.cl\/wp-content\/uploads\/2024\/09\/Cooperativa_Ciencia-sonidos_aves_humedales-2-585x1024.jpg 585w, https:\/\/www.acusticauach.cl\/wp-content\/uploads\/2024\/09\/Cooperativa_Ciencia-sonidos_aves_humedales-2-172x300.jpg 172w, https:\/\/www.acusticauach.cl\/wp-content\/uploads\/2024\/09\/Cooperativa_Ciencia-sonidos_aves_humedales-2-71x125.jpg 71w, https:\/\/www.acusticauach.cl\/wp-content\/uploads\/2024\/09\/Cooperativa_Ciencia-sonidos_aves_humedales-2-43x75.jpg 43w, https:\/\/www.acusticauach.cl\/wp-content\/uploads\/2024\/09\/Cooperativa_Ciencia-sonidos_aves_humedales-2.jpg 610w\" sizes=\"(max-width: 585px) 100vw, 585px\" \/><\/a><br \/>\n<a href=\"https:\/\/www.cooperativaciencia.cl\/medio-ambiente\/2024\/08\/27\/lanzan-repositorio-web-con-sonidos-de-aves-de-los-humedales-de-valdivia\/?fbclid=IwY2xjawE7EU5leHRuA2FlbQIxMAABHYJzpma9RP70cjFI4KIn_2M_9OqzjPe3-3CFUX6UGwmJugbrCJK8ZMui-Q_aem_m7idZO-qeG3yjV5wLOJ8kg\" target=\"_blank\" rel=\"noopener\">https:\/\/www.cooperativaciencia.cl\/medio-ambiente\/2024\/08\/27\/lanzan-repositorio-web-con-sonidos-de-aves-de-los-humedales-de-valdivia\/?fbclid=IwY2xjawE7EU5leHRuA2FlbQIxMAABHYJzpma9RP70cjFI4KIn_2M_9OqzjPe3-3CFUX6UGwmJugbrCJK8ZMui-Q_aem_m7idZO-qeG3yjV5wLOJ8kg<\/a><\/p>\n<\/div>\n<\/header>\n","protected":false},"excerpt":{"rendered":"<p>Cooperativa Ciencia| Martes 27 de agosto de 2024. Investigadores de la Universidad Austral de Chile desarrollaron este portal que tiene como objetivo apoyar la educaci\u00f3n y fomentar la conservaci\u00f3n del patrimonio sonoro y la biodiversidad en el sur de Chile. &nbsp; Investigadores del Instituto de Ac\u00fastica de la Universidad Austral de Chile, lanzaron un\u00a0repositorio web\u00a0con [&hellip;]<\/p>\n","protected":false},"author":2,"featured_media":16683,"comment_status":"closed","ping_status":"closed","sticky":false,"template":"","format":"standard","meta":{"footnotes":""},"categories":[102],"tags":[1065,105,596,995,35,240,309,915,922],"class_list":["post-16682","post","type-post","status-publish","format-standard","has-post-thumbnail","hentry","category-acusticauach_medios","tag-aves","tag-fondecyt","tag-humedal","tag-late","tag-medio-ambiente","tag-otondo","tag-paisaje-sonoro","tag-portada","tag-soundlapse"],"_links":{"self":[{"href":"https:\/\/www.acusticauach.cl\/index.php?rest_route=\/wp\/v2\/posts\/16682","targetHints":{"allow":["GET"]}}],"collection":[{"href":"https:\/\/www.acusticauach.cl\/index.php?rest_route=\/wp\/v2\/posts"}],"about":[{"href":"https:\/\/www.acusticauach.cl\/index.php?rest_route=\/wp\/v2\/types\/post"}],"author":[{"embeddable":true,"href":"https:\/\/www.acusticauach.cl\/index.php?rest_route=\/wp\/v2\/users\/2"}],"replies":[{"embeddable":true,"href":"https:\/\/www.acusticauach.cl\/index.php?rest_route=%2Fwp%2Fv2%2Fcomments&post=16682"}],"version-history":[{"count":0,"href":"https:\/\/www.acusticauach.cl\/index.php?rest_route=\/wp\/v2\/posts\/16682\/revisions"}],"wp:featuredmedia":[{"embeddable":true,"href":"https:\/\/www.acusticauach.cl\/index.php?rest_route=\/wp\/v2\/media\/16683"}],"wp:attachment":[{"href":"https:\/\/www.acusticauach.cl\/index.php?rest_route=%2Fwp%2Fv2%2Fmedia&parent=16682"}],"wp:term":[{"taxonomy":"category","embeddable":true,"href":"https:\/\/www.acusticauach.cl\/index.php?rest_route=%2Fwp%2Fv2%2Fcategories&post=16682"},{"taxonomy":"post_tag","embeddable":true,"href":"https:\/\/www.acusticauach.cl\/index.php?rest_route=%2Fwp%2Fv2%2Ftags&post=16682"}],"curies":[{"name":"wp","href":"https:\/\/api.w.org\/{rel}","templated":true}]}}