{"id":16600,"date":"2024-07-17T09:18:00","date_gmt":"2024-07-17T13:18:00","guid":{"rendered":"https:\/\/www.acusticauach.cl\/?p=16600"},"modified":"2024-07-17T09:20:17","modified_gmt":"2024-07-17T13:20:17","slug":"dr-felipe-otondo-presento-obra-musical-y-ponencia-en-el-new-york-city-electroacoustic-music-festival-3-2-3","status":"publish","type":"post","link":"https:\/\/www.acusticauach.cl\/?p=16600","title":{"rendered":"Semana de la Escucha 2024 de Tsonami incluye Mapa Sonoro realizado por AcusticaUACh"},"content":{"rendered":"\n<h3 class=\"wp-block-heading\"><strong>\u00abCartofon\u00edas: estrategias de mapeo sonoro\u00bb es la propuesta de esta versi\u00f3n, que se llevar\u00e1 a cabo de manera online y presencial con 4 actividades desde el jueves 18 hasta el mi\u00e9rcoles 24 de julio.<\/strong><\/h3>\n\n\n\n<p>La tradicional Semana de la Escucha es una iniciativa que <a rel=\"noreferrer noopener\" href=\"https:\/\/www.tsonami.cl\/\" data-type=\"link\" data-id=\"https:\/\/www.tsonami.cl\/\" target=\"_blank\">TSONAMI <\/a>(<a href=\"https:\/\/www.tsonami.cl\/\" target=\"_blank\" rel=\"noreferrer noopener\">https:\/\/www.tsonami.cl\/<\/a>) desarrolla desde el a\u00f1o 2011 para conmemorar el 18 de julio como el D\u00eda Mundial de la Escucha, promovido por el World Listening Project. La programaci\u00f3n, sus detalles y formas de inscripci\u00f3n en <a rel=\"noreferrer noopener\" href=\"https:\/\/www.tsonami.cl\/wp-content\/uploads\/2024\/07\/Programa-Semana-de-la-Escucha.pdf\" target=\"_blank\">https:\/\/www.tsonami.cl\/wp-content\/uploads\/2024\/07\/Programa-Semana-de-la-Escucha.pdf<\/a><\/p>\n\n\n\n<p>Las actividades incluidas son ( ver <a rel=\"noreferrer noopener\" href=\"https:\/\/www.tsonami.cl\/2024\/07\/semana-de-la-escucha-2024\/\" target=\"_blank\">https:\/\/www.tsonami.cl\/2024\/07\/semana-de-la-escucha-2024\/<\/a>)<\/p>\n\n\n<div class=\"wp-block-image\">\n<figure class=\"aligncenter size-large\"><a href=\"https:\/\/www.acusticauach.cl\/wp-content\/uploads\/2024\/07\/sem_esc-cartografias_audibles-01.png\"><img decoding=\"async\" width=\"819\" height=\"1024\" src=\"https:\/\/www.acusticauach.cl\/wp-content\/uploads\/2024\/07\/sem_esc-cartografias_audibles-01-819x1024.png\" alt=\"\" class=\"wp-image-16602\" srcset=\"https:\/\/www.acusticauach.cl\/wp-content\/uploads\/2024\/07\/sem_esc-cartografias_audibles-01-819x1024.png 819w, https:\/\/www.acusticauach.cl\/wp-content\/uploads\/2024\/07\/sem_esc-cartografias_audibles-01-240x300.png 240w, https:\/\/www.acusticauach.cl\/wp-content\/uploads\/2024\/07\/sem_esc-cartografias_audibles-01-768x960.png 768w, https:\/\/www.acusticauach.cl\/wp-content\/uploads\/2024\/07\/sem_esc-cartografias_audibles-01-100x125.png 100w, https:\/\/www.acusticauach.cl\/wp-content\/uploads\/2024\/07\/sem_esc-cartografias_audibles-01-60x75.png 60w, https:\/\/www.acusticauach.cl\/wp-content\/uploads\/2024\/07\/sem_esc-cartografias_audibles-01.png 1080w\" sizes=\"(max-width: 819px) 100vw, 819px\" \/><\/a><\/figure>\n<\/div>\n\n\n<p><strong>Jueves 18 (Online)<\/strong><\/p>\n\n\n\n<p>Desde las 16:00, escucha y participa a trav\u00e9s de @radiotsonami en \u00abCartograf\u00edas Audibles: especial radial de mapas sonoros colaborativos\u00bb. Ser\u00e1 una transmisi\u00f3n especial coordinada por nuestro director radial, Rodrigo R\u00edos Zunino. Se transmitir\u00e1 por www.radiotsonami.org con la participaci\u00f3n de los colectivos y proyectos: Audiomapa, AOIR, Proyecto S\u00f3nec, Ud. No Est\u00e1 Aqu\u00ed, La Isla, Colectivo Austra, Mapa Sonoro XV, Ac\u00fastica UACH.<\/p>\n\n\n<div class=\"wp-block-image\">\n<figure class=\"aligncenter size-large\"><a href=\"https:\/\/www.acusticauach.cl\/wp-content\/uploads\/2024\/07\/sem_esc-cartografias_audibles-02.png\"><img decoding=\"async\" width=\"819\" height=\"1024\" src=\"https:\/\/www.acusticauach.cl\/wp-content\/uploads\/2024\/07\/sem_esc-cartografias_audibles-02-819x1024.png\" alt=\"\" class=\"wp-image-16603\" srcset=\"https:\/\/www.acusticauach.cl\/wp-content\/uploads\/2024\/07\/sem_esc-cartografias_audibles-02-819x1024.png 819w, https:\/\/www.acusticauach.cl\/wp-content\/uploads\/2024\/07\/sem_esc-cartografias_audibles-02-240x300.png 240w, https:\/\/www.acusticauach.cl\/wp-content\/uploads\/2024\/07\/sem_esc-cartografias_audibles-02-768x960.png 768w, https:\/\/www.acusticauach.cl\/wp-content\/uploads\/2024\/07\/sem_esc-cartografias_audibles-02-100x125.png 100w, https:\/\/www.acusticauach.cl\/wp-content\/uploads\/2024\/07\/sem_esc-cartografias_audibles-02-60x75.png 60w, https:\/\/www.acusticauach.cl\/wp-content\/uploads\/2024\/07\/sem_esc-cartografias_audibles-02.png 1080w\" sizes=\"(max-width: 819px) 100vw, 819px\" \/><\/a><\/figure>\n<\/div>\n\n\n<figure class=\"wp-block-embed aligncenter is-type-rich is-provider-soundcloud wp-block-embed-soundcloud\"><div class=\"wp-block-embed__wrapper\">\n<iframe title=\"AcusticaUACh TSonami2024 by AcusticaUach\" width=\"1200\" height=\"400\" scrolling=\"no\" frameborder=\"no\" src=\"https:\/\/w.soundcloud.com\/player\/?visual=true&#038;url=https%3A%2F%2Fapi.soundcloud.com%2Ftracks%2F1871168682&#038;show_artwork=true&#038;maxheight=1000&#038;maxwidth=1200\"><\/iframe>\n<\/div><figcaption class=\"wp-element-caption\"><a href=\"https:\/\/soundcloud.com\/acustica-uach?utm_source=clipboard&amp;utm_medium=text&amp;utm_campaign=social_sharing\">Escuchar el espacial de Mapa Sonoro de AcusticaUACh<\/a><\/figcaption><\/figure>\n\n\n\n<p><strong>Viernes 19 y S\u00e1bado 20 (Online)<\/strong><\/p>\n\n\n\n<p>Ambos d\u00edas, desde las 16:00, comenzamos con nuestro seminario online \u00abCartofon\u00edas: estrategias de mapeo sonoro\u00bb. Se transmitir\u00e1 de manera abierta y en vivo por nuestro canal de YouTube Tsonami Arte Sonoro, donde podr\u00e1s escuchar las ponencias y participar a trav\u00e9s de comentarios y preguntas a los expositores. En esta instancia, moderada por Lourdes Silva, participar\u00e1n los artistas e investigadores: Xabier Erkizia (ES) Iconoclasistas (AR) Tito Rivas (MX) Radio Pasajes (CL) Archivo de lo Audible en las Patagonias | Iv\u00e1n Rivelli + Proyecto Visitantes (AR)<\/p>\n\n\n\n<p><strong>S\u00e1bado 20 (Presencial)<\/strong><\/p>\n\n\n\n<p>El Club de la Escucha, una organizaci\u00f3n independiente creada en Valpara\u00edso en 2023, desarrollar\u00e1 una acci\u00f3n colectiva en Laguna Verde desde las 11:00, titulada \u00abLas Formas del Ruido nos Llegan del Espacio\u00bb. Escucharemos el mar, vincul\u00e1ndolo con la percepci\u00f3n del ruido c\u00f3smico, en un ejercicio de percepci\u00f3n y memoria sonora. La actividad es gratuita e incluye transporte y almuerzo. Debido a los cupos limitados, es necesaria la inscripci\u00f3n previa.<\/p>\n\n\n\n<p><strong>M\u00e1s detalles en <a rel=\"noreferrer noopener\" href=\"https:\/\/www.tsonami.cl\/2024\/07\/semana-de-la-escucha-2024\/\" target=\"_blank\">https:\/\/www.tsonami.cl\/2024\/07\/semana-de-la-escucha-2024\/<\/a><\/strong><\/p>\n\n\n\n<h3 class=\"wp-block-heading\"><\/h3>\n","protected":false},"excerpt":{"rendered":"<p>\u00abCartofon\u00edas: estrategias de mapeo sonoro\u00bb es la propuesta de esta versi\u00f3n, que se llevar\u00e1 a cabo de manera online y presencial con 4 actividades desde el jueves 18 hasta el mi\u00e9rcoles 24 de julio. La tradicional Semana de la Escucha es una iniciativa que TSONAMI (https:\/\/www.tsonami.cl\/) desarrolla desde el a\u00f1o 2011 para conmemorar el 18 [&hellip;]<\/p>\n","protected":false},"author":2,"featured_media":16601,"comment_status":"closed","ping_status":"closed","sticky":false,"template":"","format":"standard","meta":{"footnotes":""},"categories":[984,909],"tags":[192,84,982,368,471,220,309,915,500,73],"class_list":["post-16600","post","type-post","status-publish","format-standard","has-post-thumbnail","hentry","category-labacam","category-vinculacion","tag-cardenas","tag-charla","tag-labacam","tag-mapa-sonoro","tag-mma","tag-online","tag-paisaje-sonoro","tag-portada","tag-soundscapes","tag-suarez"],"_links":{"self":[{"href":"https:\/\/www.acusticauach.cl\/index.php?rest_route=\/wp\/v2\/posts\/16600","targetHints":{"allow":["GET"]}}],"collection":[{"href":"https:\/\/www.acusticauach.cl\/index.php?rest_route=\/wp\/v2\/posts"}],"about":[{"href":"https:\/\/www.acusticauach.cl\/index.php?rest_route=\/wp\/v2\/types\/post"}],"author":[{"embeddable":true,"href":"https:\/\/www.acusticauach.cl\/index.php?rest_route=\/wp\/v2\/users\/2"}],"replies":[{"embeddable":true,"href":"https:\/\/www.acusticauach.cl\/index.php?rest_route=%2Fwp%2Fv2%2Fcomments&post=16600"}],"version-history":[{"count":0,"href":"https:\/\/www.acusticauach.cl\/index.php?rest_route=\/wp\/v2\/posts\/16600\/revisions"}],"wp:featuredmedia":[{"embeddable":true,"href":"https:\/\/www.acusticauach.cl\/index.php?rest_route=\/wp\/v2\/media\/16601"}],"wp:attachment":[{"href":"https:\/\/www.acusticauach.cl\/index.php?rest_route=%2Fwp%2Fv2%2Fmedia&parent=16600"}],"wp:term":[{"taxonomy":"category","embeddable":true,"href":"https:\/\/www.acusticauach.cl\/index.php?rest_route=%2Fwp%2Fv2%2Fcategories&post=16600"},{"taxonomy":"post_tag","embeddable":true,"href":"https:\/\/www.acusticauach.cl\/index.php?rest_route=%2Fwp%2Fv2%2Ftags&post=16600"}],"curies":[{"name":"wp","href":"https:\/\/api.w.org\/{rel}","templated":true}]}}