{"id":16411,"date":"2024-03-12T20:38:57","date_gmt":"2024-03-12T23:38:57","guid":{"rendered":"https:\/\/www.acusticauach.cl\/?p=16411"},"modified":"2024-03-12T20:40:08","modified_gmt":"2024-03-12T23:40:08","slug":"investigacion-de-ingenieria-busca-desarrollar-tecnologia-que-permita-la-caracterizacion-vibroacustica-de-tejidos-3-4-2-2","status":"publish","type":"post","link":"https:\/\/www.acusticauach.cl\/?p=16411","title":{"rendered":"Ingenier\u00eda UACh recibi\u00f3 a nueva generaci\u00f3n de estudiantes 2024 en Campus Miraflores"},"content":{"rendered":"\n<h3 class=\"wp-block-heading\"><strong>M\u00e1s de 300 estudiantes de la nueva generaci\u00f3n 2024 se reunieron en el Auditorio del Edificio 3000 del Campus Miraflores de la Facultad de Ciencias de la Ingenier\u00eda para participar de las actividades de bienvenida que se prepararon para su llegada.<\/strong><\/h3>\n\n\n\n<p><em>Escrito por PrensaFCI<\/em><\/p>\n\n\n\n<p>A trav\u00e9s de una ceremonia de bienvenida organizada por la Decanatura de la macrounidad se les present\u00f3 a los nuevos estudiantes informaci\u00f3n relevante respecto a aspectos pr\u00e1cticos de la vida universitaria como los beneficios y servicios a los que pueden acceder como estudiantes UACh. Posteriormente, se reunieron por carreras y realizaron actividades en cada una de sus Escuelas.<\/p>\n\n\n\n<p>Para dar el vamos a esta ceremonia de bienvenida a las 09:00 horas se present\u00f3 Marianela Sanhueza, asistente social de la Direcci\u00f3n de Asuntos Estudiantiles (DAE) de la Facultad de Ciencias de Ingenier\u00eda, quien detall\u00f3 su quehacer y el apoyo que presta dentro del Campus.<\/p>\n\n\n<div class=\"wp-block-image\">\n<figure class=\"aligncenter size-full\"><a href=\"https:\/\/www.acusticauach.cl\/wp-content\/uploads\/2024\/03\/Foto-Auditorio_3.jpg\"><img decoding=\"async\" width=\"1000\" height=\"563\" src=\"https:\/\/www.acusticauach.cl\/wp-content\/uploads\/2024\/03\/Foto-Auditorio_3.jpg\" alt=\"\" class=\"wp-image-16423\" srcset=\"https:\/\/www.acusticauach.cl\/wp-content\/uploads\/2024\/03\/Foto-Auditorio_3.jpg 1000w, https:\/\/www.acusticauach.cl\/wp-content\/uploads\/2024\/03\/Foto-Auditorio_3-300x169.jpg 300w, https:\/\/www.acusticauach.cl\/wp-content\/uploads\/2024\/03\/Foto-Auditorio_3-768x432.jpg 768w, https:\/\/www.acusticauach.cl\/wp-content\/uploads\/2024\/03\/Foto-Auditorio_3-125x70.jpg 125w, https:\/\/www.acusticauach.cl\/wp-content\/uploads\/2024\/03\/Foto-Auditorio_3-75x42.jpg 75w\" sizes=\"(max-width: 1000px) 100vw, 1000px\" \/><\/a><\/figure>\n<\/div>\n\n<div class=\"wp-block-image\">\n<figure class=\"aligncenter size-full\"><a href=\"https:\/\/www.acusticauach.cl\/wp-content\/uploads\/2024\/03\/19ce3f4d-9b11-4dd7-8b76-7311cde8e615.jpg\"><img decoding=\"async\" width=\"1000\" height=\"563\" src=\"https:\/\/www.acusticauach.cl\/wp-content\/uploads\/2024\/03\/19ce3f4d-9b11-4dd7-8b76-7311cde8e615.jpg\" alt=\"\" class=\"wp-image-16413\" srcset=\"https:\/\/www.acusticauach.cl\/wp-content\/uploads\/2024\/03\/19ce3f4d-9b11-4dd7-8b76-7311cde8e615.jpg 1000w, https:\/\/www.acusticauach.cl\/wp-content\/uploads\/2024\/03\/19ce3f4d-9b11-4dd7-8b76-7311cde8e615-300x169.jpg 300w, https:\/\/www.acusticauach.cl\/wp-content\/uploads\/2024\/03\/19ce3f4d-9b11-4dd7-8b76-7311cde8e615-768x432.jpg 768w, https:\/\/www.acusticauach.cl\/wp-content\/uploads\/2024\/03\/19ce3f4d-9b11-4dd7-8b76-7311cde8e615-125x70.jpg 125w, https:\/\/www.acusticauach.cl\/wp-content\/uploads\/2024\/03\/19ce3f4d-9b11-4dd7-8b76-7311cde8e615-75x42.jpg 75w\" sizes=\"(max-width: 1000px) 100vw, 1000px\" \/><\/a><\/figure>\n<\/div>\n\n\n<p>Posteriormente, el Prodecano de la Facultad Dr. Armando Blanco y la Secretaria Acad\u00e9mica, Prof. Teresa Castro presentaron las redes de apoyo integral con las que cuenta la facultad y dieron a conocer el programa de actividades para el jueves 7 de marzo y viernes 8 de marzo.<\/p>\n\n\n\n<p>Finalmente se dirigi\u00f3 a los estudiantes el Decano de la Facultad de Ciencias de la Ingenier\u00eda, Dr. Enrique Su\u00e1rez, quien hizo un llamado no s\u00f3lo a experimentar la vida acad\u00e9mica si no que a experimentar tambi\u00e9n una vida universitaria integral dentro del espacio universitario.<\/p>\n\n\n\n<blockquote class=\"wp-block-quote is-layout-flow wp-block-quote-is-layout-flow\">\n<p>\u201cEn esta etapa son importantes tambi\u00e9n las amistades, el deporte, las actividades culturales, la convivencia y el compa\u00f1erismo que permiten formar lazos solidarios para nuestra vida. Se generar\u00e1n espacios de discusi\u00f3n y crecimiento donde se cuestionar\u00e1n los nuevos desaf\u00edos sociales, pol\u00edticos y econ\u00f3micos. Son oportunidades \u00fanicas que relevar\u00e1n nuevas miradas e interpretaciones de nuestra propia historia y la historia de los dem\u00e1s\u201d.<\/p>\n<cite>Decano de la Facultad de Ciencias de la Ingenier\u00eda, Dr. Enrique Su\u00e1rez<\/cite><\/blockquote>\n\n\n\n<p>Adem\u00e1s, inst\u00f3 a los estudiantes a preguntar y pedir apoyo en lo que sea necesario. \u201cQueremos que tengan una gran experiencia universitaria y por ellos los invitamos a conocerse y ser parte activa de esta comunidad y en especial de la Facultad. En la UACh estar\u00e1n siempre acompa\u00f1ados por docentes y funcionarios y funcionarias comprometidos con ustedes, cada uno har\u00e1 su labor de la mejor manera posible renovando su compromiso con ustedes\u201d.<\/p>\n\n\n<div class=\"wp-block-image\">\n<figure class=\"aligncenter size-full\"><a href=\"https:\/\/www.acusticauach.cl\/wp-content\/uploads\/2024\/03\/Foto-acustica_2.jpg\"><img decoding=\"async\" width=\"1000\" height=\"562\" src=\"https:\/\/www.acusticauach.cl\/wp-content\/uploads\/2024\/03\/Foto-acustica_2.jpg\" alt=\"\" class=\"wp-image-16414\" srcset=\"https:\/\/www.acusticauach.cl\/wp-content\/uploads\/2024\/03\/Foto-acustica_2.jpg 1000w, https:\/\/www.acusticauach.cl\/wp-content\/uploads\/2024\/03\/Foto-acustica_2-300x169.jpg 300w, https:\/\/www.acusticauach.cl\/wp-content\/uploads\/2024\/03\/Foto-acustica_2-768x432.jpg 768w, https:\/\/www.acusticauach.cl\/wp-content\/uploads\/2024\/03\/Foto-acustica_2-125x70.jpg 125w, https:\/\/www.acusticauach.cl\/wp-content\/uploads\/2024\/03\/Foto-acustica_2-75x42.jpg 75w\" sizes=\"(max-width: 1000px) 100vw, 1000px\" \/><\/a><\/figure>\n<\/div>\n\n\n<p>Posterior a la ceremonia de bienvenida, los estudiantes se dividieron por carreras donde participaron de diferentes actividades organizadas por cada Escuela.<\/p>\n\n\n<div class=\"wp-block-image\">\n<figure class=\"aligncenter size-full\"><a href=\"https:\/\/www.acusticauach.cl\/wp-content\/uploads\/2024\/03\/6c5042db-31b9-4de0-8416-d4a7e6c2bb85.jpg\"><img decoding=\"async\" width=\"1000\" height=\"563\" src=\"https:\/\/www.acusticauach.cl\/wp-content\/uploads\/2024\/03\/6c5042db-31b9-4de0-8416-d4a7e6c2bb85.jpg\" alt=\"\" class=\"wp-image-16415\" srcset=\"https:\/\/www.acusticauach.cl\/wp-content\/uploads\/2024\/03\/6c5042db-31b9-4de0-8416-d4a7e6c2bb85.jpg 1000w, https:\/\/www.acusticauach.cl\/wp-content\/uploads\/2024\/03\/6c5042db-31b9-4de0-8416-d4a7e6c2bb85-300x169.jpg 300w, https:\/\/www.acusticauach.cl\/wp-content\/uploads\/2024\/03\/6c5042db-31b9-4de0-8416-d4a7e6c2bb85-768x432.jpg 768w, https:\/\/www.acusticauach.cl\/wp-content\/uploads\/2024\/03\/6c5042db-31b9-4de0-8416-d4a7e6c2bb85-125x70.jpg 125w, https:\/\/www.acusticauach.cl\/wp-content\/uploads\/2024\/03\/6c5042db-31b9-4de0-8416-d4a7e6c2bb85-75x42.jpg 75w\" sizes=\"(max-width: 1000px) 100vw, 1000px\" \/><\/a><\/figure>\n<\/div>\n\n<div class=\"wp-block-image\">\n<figure class=\"aligncenter size-full\"><a href=\"https:\/\/www.acusticauach.cl\/wp-content\/uploads\/2024\/03\/Foto-acustica_1.jpg\"><img decoding=\"async\" width=\"1000\" height=\"563\" src=\"https:\/\/www.acusticauach.cl\/wp-content\/uploads\/2024\/03\/Foto-acustica_1.jpg\" alt=\"\" class=\"wp-image-16416\" srcset=\"https:\/\/www.acusticauach.cl\/wp-content\/uploads\/2024\/03\/Foto-acustica_1.jpg 1000w, https:\/\/www.acusticauach.cl\/wp-content\/uploads\/2024\/03\/Foto-acustica_1-300x169.jpg 300w, https:\/\/www.acusticauach.cl\/wp-content\/uploads\/2024\/03\/Foto-acustica_1-768x432.jpg 768w, https:\/\/www.acusticauach.cl\/wp-content\/uploads\/2024\/03\/Foto-acustica_1-125x70.jpg 125w, https:\/\/www.acusticauach.cl\/wp-content\/uploads\/2024\/03\/Foto-acustica_1-75x42.jpg 75w\" sizes=\"(max-width: 1000px) 100vw, 1000px\" \/><\/a><\/figure>\n<\/div>\n\n<div class=\"wp-block-image\">\n<figure class=\"aligncenter size-full\"><a href=\"https:\/\/www.acusticauach.cl\/wp-content\/uploads\/2024\/03\/Mechones_Acustica_2024.jpg\"><img decoding=\"async\" width=\"1000\" height=\"562\" src=\"https:\/\/www.acusticauach.cl\/wp-content\/uploads\/2024\/03\/Mechones_Acustica_2024.jpg\" alt=\"\" class=\"wp-image-16412\" srcset=\"https:\/\/www.acusticauach.cl\/wp-content\/uploads\/2024\/03\/Mechones_Acustica_2024.jpg 1000w, https:\/\/www.acusticauach.cl\/wp-content\/uploads\/2024\/03\/Mechones_Acustica_2024-300x169.jpg 300w, https:\/\/www.acusticauach.cl\/wp-content\/uploads\/2024\/03\/Mechones_Acustica_2024-768x432.jpg 768w, https:\/\/www.acusticauach.cl\/wp-content\/uploads\/2024\/03\/Mechones_Acustica_2024-125x70.jpg 125w, https:\/\/www.acusticauach.cl\/wp-content\/uploads\/2024\/03\/Mechones_Acustica_2024-75x42.jpg 75w\" sizes=\"(max-width: 1000px) 100vw, 1000px\" \/><\/a><\/figure>\n<\/div>\n\n\n<p>Las carreras de pregrado que ayer recibieron a sus nuevos estudiantes son Ingenier\u00eda Civil Ac\u00fastica, Ingenier\u00eda Civil en Inform\u00e1tica, Ingenier\u00eda Naval, Ingenier\u00eda Civil Electr\u00f3nica, Ingenier\u00eda Civil en Obras Civiles, Ingenier\u00eda Civil Mec\u00e1nica, Ingenier\u00eda en Construcci\u00f3n, Ingenier\u00eda Civil Industrial y Bachillerato en Ciencias de la Ingenier\u00eda.<\/p>\n\n\n\n<p>Por la tarde, adem\u00e1s participaron en dos talleres, el primero coordinado por la Biblioteca Tecnol\u00f3gica del Campus Miraflores y el segundo por la Unidad de Apoyo al Aprendizaje (UAAP) que se denomin\u00f3: \u201cSomos tu mejor crush en la UACh\u201d.<\/p>\n\n\n\n<p><strong>Programa viernes 8 de marzo<\/strong><\/p>\n\n\n\n<p>Durante la ma\u00f1ana, se les invit\u00f3 a participar de la convocatoria de la marcha interna institucional por la conmemoraci\u00f3n del D\u00eda Internacional de la Mujer en el Centro de Extensi\u00f3n Los Canelos a partir de las 09:30 horas.<\/p>\n\n\n\n<p>Mientras durante la tarde, en el Campus Miraflores se contempl\u00f3 la realizaci\u00f3n de actividades deportivas, recreativas y musicales para estudiantes de primer a\u00f1o, adem\u00e1s de stand informativos de servicios de apoyo al estudiante a contar de las 15:00 hrs. en el frontis del edificio 7000.<\/p>\n\n\n\n<figure class=\"wp-block-gallery has-nested-images columns-default is-cropped wp-block-gallery-1 is-layout-flex wp-block-gallery-is-layout-flex\">\n<figure class=\"wp-block-image size-large\"><a href=\"https:\/\/www.acusticauach.cl\/wp-content\/uploads\/2024\/03\/190a6263-97d5-4169-9c7e-e8ef33e98937.jpg\"><img decoding=\"async\" width=\"1024\" height=\"576\" data-id=\"16417\" src=\"https:\/\/www.acusticauach.cl\/wp-content\/uploads\/2024\/03\/190a6263-97d5-4169-9c7e-e8ef33e98937-1024x576.jpg\" alt=\"\" class=\"wp-image-16417\" srcset=\"https:\/\/www.acusticauach.cl\/wp-content\/uploads\/2024\/03\/190a6263-97d5-4169-9c7e-e8ef33e98937-1024x576.jpg 1024w, https:\/\/www.acusticauach.cl\/wp-content\/uploads\/2024\/03\/190a6263-97d5-4169-9c7e-e8ef33e98937-300x169.jpg 300w, https:\/\/www.acusticauach.cl\/wp-content\/uploads\/2024\/03\/190a6263-97d5-4169-9c7e-e8ef33e98937-768x432.jpg 768w, https:\/\/www.acusticauach.cl\/wp-content\/uploads\/2024\/03\/190a6263-97d5-4169-9c7e-e8ef33e98937-125x70.jpg 125w, https:\/\/www.acusticauach.cl\/wp-content\/uploads\/2024\/03\/190a6263-97d5-4169-9c7e-e8ef33e98937-75x42.jpg 75w, https:\/\/www.acusticauach.cl\/wp-content\/uploads\/2024\/03\/190a6263-97d5-4169-9c7e-e8ef33e98937-1536x864.jpg 1536w, https:\/\/www.acusticauach.cl\/wp-content\/uploads\/2024\/03\/190a6263-97d5-4169-9c7e-e8ef33e98937.jpg 1599w\" sizes=\"(max-width: 1024px) 100vw, 1024px\" \/><\/a><\/figure>\n\n\n\n<figure class=\"wp-block-image size-large\"><a href=\"https:\/\/www.acusticauach.cl\/wp-content\/uploads\/2024\/03\/34279d04-f5b9-492d-ac1c-04c6c305d775.jpg\"><img decoding=\"async\" width=\"1000\" height=\"563\" data-id=\"16418\" src=\"https:\/\/www.acusticauach.cl\/wp-content\/uploads\/2024\/03\/34279d04-f5b9-492d-ac1c-04c6c305d775.jpg\" alt=\"\" class=\"wp-image-16418\" srcset=\"https:\/\/www.acusticauach.cl\/wp-content\/uploads\/2024\/03\/34279d04-f5b9-492d-ac1c-04c6c305d775.jpg 1000w, https:\/\/www.acusticauach.cl\/wp-content\/uploads\/2024\/03\/34279d04-f5b9-492d-ac1c-04c6c305d775-300x169.jpg 300w, https:\/\/www.acusticauach.cl\/wp-content\/uploads\/2024\/03\/34279d04-f5b9-492d-ac1c-04c6c305d775-768x432.jpg 768w, https:\/\/www.acusticauach.cl\/wp-content\/uploads\/2024\/03\/34279d04-f5b9-492d-ac1c-04c6c305d775-125x70.jpg 125w, https:\/\/www.acusticauach.cl\/wp-content\/uploads\/2024\/03\/34279d04-f5b9-492d-ac1c-04c6c305d775-75x42.jpg 75w\" sizes=\"(max-width: 1000px) 100vw, 1000px\" \/><\/a><\/figure>\n\n\n\n<figure class=\"wp-block-image size-large\"><a href=\"https:\/\/www.acusticauach.cl\/wp-content\/uploads\/2024\/03\/78344f45-a4c8-4500-8ee9-4eb3cc689e6f.jpg\"><img decoding=\"async\" width=\"1000\" height=\"563\" data-id=\"16419\" src=\"https:\/\/www.acusticauach.cl\/wp-content\/uploads\/2024\/03\/78344f45-a4c8-4500-8ee9-4eb3cc689e6f.jpg\" alt=\"\" class=\"wp-image-16419\" srcset=\"https:\/\/www.acusticauach.cl\/wp-content\/uploads\/2024\/03\/78344f45-a4c8-4500-8ee9-4eb3cc689e6f.jpg 1000w, https:\/\/www.acusticauach.cl\/wp-content\/uploads\/2024\/03\/78344f45-a4c8-4500-8ee9-4eb3cc689e6f-300x169.jpg 300w, https:\/\/www.acusticauach.cl\/wp-content\/uploads\/2024\/03\/78344f45-a4c8-4500-8ee9-4eb3cc689e6f-768x432.jpg 768w, https:\/\/www.acusticauach.cl\/wp-content\/uploads\/2024\/03\/78344f45-a4c8-4500-8ee9-4eb3cc689e6f-125x70.jpg 125w, https:\/\/www.acusticauach.cl\/wp-content\/uploads\/2024\/03\/78344f45-a4c8-4500-8ee9-4eb3cc689e6f-75x42.jpg 75w\" sizes=\"(max-width: 1000px) 100vw, 1000px\" \/><\/a><\/figure>\n\n\n\n<figure class=\"wp-block-image size-large\"><a href=\"https:\/\/www.acusticauach.cl\/wp-content\/uploads\/2024\/03\/a3d7a999-ae2f-4f2b-b2a6-c80f37a8d0e9.jpg\"><img decoding=\"async\" width=\"1000\" height=\"563\" data-id=\"16420\" src=\"https:\/\/www.acusticauach.cl\/wp-content\/uploads\/2024\/03\/a3d7a999-ae2f-4f2b-b2a6-c80f37a8d0e9.jpg\" alt=\"\" class=\"wp-image-16420\" srcset=\"https:\/\/www.acusticauach.cl\/wp-content\/uploads\/2024\/03\/a3d7a999-ae2f-4f2b-b2a6-c80f37a8d0e9.jpg 1000w, https:\/\/www.acusticauach.cl\/wp-content\/uploads\/2024\/03\/a3d7a999-ae2f-4f2b-b2a6-c80f37a8d0e9-300x169.jpg 300w, https:\/\/www.acusticauach.cl\/wp-content\/uploads\/2024\/03\/a3d7a999-ae2f-4f2b-b2a6-c80f37a8d0e9-768x432.jpg 768w, https:\/\/www.acusticauach.cl\/wp-content\/uploads\/2024\/03\/a3d7a999-ae2f-4f2b-b2a6-c80f37a8d0e9-125x70.jpg 125w, https:\/\/www.acusticauach.cl\/wp-content\/uploads\/2024\/03\/a3d7a999-ae2f-4f2b-b2a6-c80f37a8d0e9-75x42.jpg 75w\" sizes=\"(max-width: 1000px) 100vw, 1000px\" \/><\/a><\/figure>\n\n\n\n<figure class=\"wp-block-image size-large\"><a href=\"https:\/\/www.acusticauach.cl\/wp-content\/uploads\/2024\/03\/c08fa482-2959-4033-b88d-cae966ef92c7.jpg\"><img decoding=\"async\" width=\"1000\" height=\"563\" data-id=\"16421\" src=\"https:\/\/www.acusticauach.cl\/wp-content\/uploads\/2024\/03\/c08fa482-2959-4033-b88d-cae966ef92c7.jpg\" alt=\"\" class=\"wp-image-16421\" srcset=\"https:\/\/www.acusticauach.cl\/wp-content\/uploads\/2024\/03\/c08fa482-2959-4033-b88d-cae966ef92c7.jpg 1000w, https:\/\/www.acusticauach.cl\/wp-content\/uploads\/2024\/03\/c08fa482-2959-4033-b88d-cae966ef92c7-300x169.jpg 300w, https:\/\/www.acusticauach.cl\/wp-content\/uploads\/2024\/03\/c08fa482-2959-4033-b88d-cae966ef92c7-768x432.jpg 768w, https:\/\/www.acusticauach.cl\/wp-content\/uploads\/2024\/03\/c08fa482-2959-4033-b88d-cae966ef92c7-125x70.jpg 125w, https:\/\/www.acusticauach.cl\/wp-content\/uploads\/2024\/03\/c08fa482-2959-4033-b88d-cae966ef92c7-75x42.jpg 75w\" sizes=\"(max-width: 1000px) 100vw, 1000px\" \/><\/a><\/figure>\n<\/figure>\n\n\n\n<h3 class=\"wp-block-heading\"><strong>Testimonios<\/strong><\/h3>\n\n\n\n<p><strong>Gabriela Gonz\u00e1lez<\/strong>, quien escogi\u00f3 estudiar la carrera de<strong>&nbsp;Ingenier\u00eda Civil Ac\u00fastica<\/strong>&nbsp;explic\u00f3 por qu\u00e9 se motiv\u00f3 a estudiar esto:<\/p>\n\n\n\n<blockquote class=\"wp-block-quote is-layout-flow wp-block-quote-is-layout-flow\">\n<p>\u201cEleg\u00ed esta carrera (Ingenier\u00eda Civil Ac\u00fastica), porque me gustaba la m\u00fasica y las matem\u00e1ticas, entonces encontr\u00e9 justo una carrera que un\u00eda las dos cosas. Me siento ansiosa y con nervios de comenzar esta nueva etapa, porque implica conocer nuevas personas y adaptarse a una nueva forma de vida\u201d<\/p>\n<cite>Gabriela Gonz\u00e1lez, nueva estudiante de la carrera<\/cite><\/blockquote>\n\n\n\n<p><strong>Joaqu\u00edn Manr\u00edquez<\/strong>&nbsp;estudiante de&nbsp;<strong>Ingenier\u00eda Civil en Obras Civiles<\/strong>, nos cont\u00f3 que lleg\u00f3 desde Punta Arenas egresado del Colegio Miguel de Cervantes y que eligi\u00f3 la Universidad Austral de Chile, porque es una de las universidades m\u00e1s prestigiosas dentro de la ingenier\u00eda civil, pero adem\u00e1s para continuar la tradici\u00f3n familiar. \u201cEscog\u00ed la carrera, porque mi abuelo hizo la misma carrera dentro del servicio militar y Escuela Militar y lo otro, es porque me encanta el tema de construcci\u00f3n de edificios y de las matem\u00e1ticas\u201d.<\/p>\n\n\n\n<p><strong>Tom\u00e1s Gallegos<\/strong>&nbsp;por su parte, quien tambi\u00e9n eligi\u00f3&nbsp;<strong>Ingenier\u00eda Civil en Obras Civiles<\/strong>, lleg\u00f3 por primera vez a Valdivia desde la comuna de Quell\u00f3n, Isla de Chilo\u00e9. \u201cSiempre me ha llamado la atenci\u00f3n la carrera, igual me gustaba ingenier\u00eda en construcci\u00f3n y arquitectura y c\u00f3mo que encontr\u00e9 esta carrera que ten\u00eda incluido todo y mejorado y por eso me decid\u00ed por ingenier\u00eda civil en obras civiles\u201d.<\/p>\n\n\n\n<p><\/p>\n\n\n\n<p>Finalmente,&nbsp;<strong>Pilar Querebque<\/strong>, quien viene de Chonchi, Chilo\u00e9, decidi\u00f3 estudiar&nbsp;<strong>Ingenier\u00eda Naval<\/strong>, porque uni\u00f3 distintos intereses. \u201cYo sab\u00eda que quer\u00eda estudiar una ingenier\u00eda, porque me gustan las matem\u00e1ticas, pens\u00e9 en irme a la marina, pero luego encontr\u00e9 esta carrera que juntaba todo eso. Hasta el momento s\u00faper bien, me gusta y tiene un buen enfoque\u201d.<\/p>\n\n\n\n<p><\/p>\n\n\n\n<p><\/p>\n","protected":false},"excerpt":{"rendered":"<p>M\u00e1s de 300 estudiantes de la nueva generaci\u00f3n 2024 se reunieron en el Auditorio del Edificio 3000 del Campus Miraflores de la Facultad de Ciencias de la Ingenier\u00eda para participar de las actividades de bienvenida que se prepararon para su llegada. Escrito por PrensaFCI A trav\u00e9s de una ceremonia de bienvenida organizada por la Decanatura [&hellip;]<\/p>\n","protected":false},"author":2,"featured_media":16412,"comment_status":"closed","ping_status":"closed","sticky":false,"template":"","format":"standard","meta":{"footnotes":""},"categories":[906],"tags":[1089,37,1101,707,533,915],"class_list":["post-16411","post","type-post","status-publish","format-standard","has-post-thumbnail","hentry","category-pregrado","tag-1089","tag-estudiantes","tag-generacion","tag-ingenieria-acustica","tag-ingenieria-civil-acustica","tag-portada"],"_links":{"self":[{"href":"https:\/\/www.acusticauach.cl\/index.php?rest_route=\/wp\/v2\/posts\/16411","targetHints":{"allow":["GET"]}}],"collection":[{"href":"https:\/\/www.acusticauach.cl\/index.php?rest_route=\/wp\/v2\/posts"}],"about":[{"href":"https:\/\/www.acusticauach.cl\/index.php?rest_route=\/wp\/v2\/types\/post"}],"author":[{"embeddable":true,"href":"https:\/\/www.acusticauach.cl\/index.php?rest_route=\/wp\/v2\/users\/2"}],"replies":[{"embeddable":true,"href":"https:\/\/www.acusticauach.cl\/index.php?rest_route=%2Fwp%2Fv2%2Fcomments&post=16411"}],"version-history":[{"count":0,"href":"https:\/\/www.acusticauach.cl\/index.php?rest_route=\/wp\/v2\/posts\/16411\/revisions"}],"wp:featuredmedia":[{"embeddable":true,"href":"https:\/\/www.acusticauach.cl\/index.php?rest_route=\/wp\/v2\/media\/16412"}],"wp:attachment":[{"href":"https:\/\/www.acusticauach.cl\/index.php?rest_route=%2Fwp%2Fv2%2Fmedia&parent=16411"}],"wp:term":[{"taxonomy":"category","embeddable":true,"href":"https:\/\/www.acusticauach.cl\/index.php?rest_route=%2Fwp%2Fv2%2Fcategories&post=16411"},{"taxonomy":"post_tag","embeddable":true,"href":"https:\/\/www.acusticauach.cl\/index.php?rest_route=%2Fwp%2Fv2%2Ftags&post=16411"}],"curies":[{"name":"wp","href":"https:\/\/api.w.org\/{rel}","templated":true}]}}