{"id":16329,"date":"2024-01-17T17:51:33","date_gmt":"2024-01-17T20:51:33","guid":{"rendered":"https:\/\/www.acusticauach.cl\/?p=16329"},"modified":"2024-01-19T21:13:09","modified_gmt":"2024-01-20T00:13:09","slug":"investigacion-de-ingenieria-busca-desarrollar-tecnologia-que-permita-la-caracterizacion-vibroacustica-de-tejidos-3-4-2","status":"publish","type":"post","link":"https:\/\/www.acusticauach.cl\/?p=16329","title":{"rendered":"Facultad de Ciencias de la Ingenier\u00eda entreg\u00f3 280 t\u00edtulos y grados acad\u00e9micos en dos ceremonias"},"content":{"rendered":"\n<h3 class=\"wp-block-heading\"><strong>Egresados y egresadas de las carreras de pregrado y programas de postgrado de la Facultad de Ciencias de la Ingenier\u00eda recibieron sus t\u00edtulos y grados acad\u00e9micos en dos solemnes ceremonias realizadas en el aula magna de la Universidad Austral de Chile.<\/strong><\/h3>\n\n\n\n<p><em>Escrito por PrensaFCI<\/em><\/p>\n\n\n\n<p>El mi\u00e9rcoles 10 de enero se realiz\u00f3 la entrega de t\u00edtulos y grados acad\u00e9micos a 150 profesionales que egresaron durante 2023 de las escuelas de Ingenier\u00eda Civil Electr\u00f3nica, Ingenier\u00eda Civil Industrial, Ingenier\u00eda Civil Mec\u00e1nica e Ingenier\u00eda en Construcci\u00f3n.<\/p>\n\n\n\n<p>Mientras que el jueves 11 correspondi\u00f3 el turno a las escuelas se Ingenier\u00eda Civil Ac\u00fastica, Ingenier\u00eda Naval, Ingenier\u00eda Civil en Inform\u00e1tica e Ingenier\u00eda Civil en Obras Civiles con 116 nuevos titulados y tituladas.<\/p>\n\n\n\n<figure class=\"wp-block-embed aligncenter is-type-rich is-provider-flickr wp-block-embed-flickr\"><div class=\"wp-block-embed__wrapper\">\n<a data-flickr-embed='true' href='https:\/\/www.flickr.com\/photos\/universidadaustraldechile\/albums\/72177720313986186' title='Ceremonias de Titulaci\u00f3n Facultad de Ingenier\u00eda 10 y 11 de enero 2024 by Universidad Austral de Chile, on Flickr'><img src='https:\/\/live.staticflickr.com\/65535\/53458197671_f6c0d77aaa_b.jpg' width='800' height='600' alt='DSC_3731'><\/a><script async src='https:\/\/embedr.flickr.com\/assets\/client-code.js' charset='utf-8'><\/script>\n<\/div><figcaption class=\"wp-element-caption\"><a href=\"https:\/\/www.flickr.com\/photos\/universidadaustraldechile\/albums\/72177720313986186\">Ver galer\u00eda en Flickr UACh<\/a><\/figcaption><\/figure>\n\n\n\n<figure class=\"wp-block-gallery has-nested-images columns-default is-cropped wp-block-gallery-1 is-layout-flex wp-block-gallery-is-layout-flex\">\n<figure class=\"wp-block-image size-large\"><a href=\"https:\/\/www.acusticauach.cl\/wp-content\/uploads\/2024\/01\/Titulacion_2024_Acustica_01.jpg\"><img decoding=\"async\" width=\"1024\" height=\"576\" data-id=\"16330\" src=\"https:\/\/www.acusticauach.cl\/wp-content\/uploads\/2024\/01\/Titulacion_2024_Acustica_01-1024x576.jpg\" alt=\"\" class=\"wp-image-16330\" srcset=\"https:\/\/www.acusticauach.cl\/wp-content\/uploads\/2024\/01\/Titulacion_2024_Acustica_01-1024x576.jpg 1024w, https:\/\/www.acusticauach.cl\/wp-content\/uploads\/2024\/01\/Titulacion_2024_Acustica_01-300x169.jpg 300w, https:\/\/www.acusticauach.cl\/wp-content\/uploads\/2024\/01\/Titulacion_2024_Acustica_01-768x432.jpg 768w, https:\/\/www.acusticauach.cl\/wp-content\/uploads\/2024\/01\/Titulacion_2024_Acustica_01-125x70.jpg 125w, https:\/\/www.acusticauach.cl\/wp-content\/uploads\/2024\/01\/Titulacion_2024_Acustica_01-75x42.jpg 75w, https:\/\/www.acusticauach.cl\/wp-content\/uploads\/2024\/01\/Titulacion_2024_Acustica_01-1536x864.jpg 1536w, https:\/\/www.acusticauach.cl\/wp-content\/uploads\/2024\/01\/Titulacion_2024_Acustica_01.jpg 1600w\" sizes=\"(max-width: 1024px) 100vw, 1024px\" \/><\/a><\/figure>\n\n\n\n<figure class=\"wp-block-image size-large\"><a href=\"https:\/\/www.acusticauach.cl\/wp-content\/uploads\/2024\/01\/D2-0610.jpg\"><img decoding=\"async\" width=\"1024\" height=\"683\" data-id=\"16333\" src=\"https:\/\/www.acusticauach.cl\/wp-content\/uploads\/2024\/01\/D2-0610-1024x683.jpg\" alt=\"\" class=\"wp-image-16333\" srcset=\"https:\/\/www.acusticauach.cl\/wp-content\/uploads\/2024\/01\/D2-0610-1024x683.jpg 1024w, https:\/\/www.acusticauach.cl\/wp-content\/uploads\/2024\/01\/D2-0610-300x200.jpg 300w, https:\/\/www.acusticauach.cl\/wp-content\/uploads\/2024\/01\/D2-0610-768x512.jpg 768w, https:\/\/www.acusticauach.cl\/wp-content\/uploads\/2024\/01\/D2-0610-125x83.jpg 125w, https:\/\/www.acusticauach.cl\/wp-content\/uploads\/2024\/01\/D2-0610-75x50.jpg 75w, https:\/\/www.acusticauach.cl\/wp-content\/uploads\/2024\/01\/D2-0610.jpg 1600w\" sizes=\"(max-width: 1024px) 100vw, 1024px\" \/><\/a><\/figure>\n\n\n\n<figure class=\"wp-block-image size-large\"><a href=\"https:\/\/www.acusticauach.cl\/wp-content\/uploads\/2024\/01\/D2-0628.jpg\"><img decoding=\"async\" width=\"1024\" height=\"683\" data-id=\"16342\" src=\"https:\/\/www.acusticauach.cl\/wp-content\/uploads\/2024\/01\/D2-0628-1024x683.jpg\" alt=\"\" class=\"wp-image-16342\" srcset=\"https:\/\/www.acusticauach.cl\/wp-content\/uploads\/2024\/01\/D2-0628-1024x683.jpg 1024w, https:\/\/www.acusticauach.cl\/wp-content\/uploads\/2024\/01\/D2-0628-300x200.jpg 300w, https:\/\/www.acusticauach.cl\/wp-content\/uploads\/2024\/01\/D2-0628-768x512.jpg 768w, https:\/\/www.acusticauach.cl\/wp-content\/uploads\/2024\/01\/D2-0628-125x83.jpg 125w, https:\/\/www.acusticauach.cl\/wp-content\/uploads\/2024\/01\/D2-0628-75x50.jpg 75w, https:\/\/www.acusticauach.cl\/wp-content\/uploads\/2024\/01\/D2-0628-1536x1024.jpg 1536w, https:\/\/www.acusticauach.cl\/wp-content\/uploads\/2024\/01\/D2-0628.jpg 1600w\" sizes=\"(max-width: 1024px) 100vw, 1024px\" \/><\/a><\/figure>\n\n\n\n<figure class=\"wp-block-image size-large\"><a href=\"https:\/\/www.acusticauach.cl\/wp-content\/uploads\/2024\/01\/D2-0657.jpg\"><img decoding=\"async\" width=\"1024\" height=\"683\" data-id=\"16337\" src=\"https:\/\/www.acusticauach.cl\/wp-content\/uploads\/2024\/01\/D2-0657-1024x683.jpg\" alt=\"\" class=\"wp-image-16337\" srcset=\"https:\/\/www.acusticauach.cl\/wp-content\/uploads\/2024\/01\/D2-0657-1024x683.jpg 1024w, https:\/\/www.acusticauach.cl\/wp-content\/uploads\/2024\/01\/D2-0657-300x200.jpg 300w, https:\/\/www.acusticauach.cl\/wp-content\/uploads\/2024\/01\/D2-0657-768x512.jpg 768w, https:\/\/www.acusticauach.cl\/wp-content\/uploads\/2024\/01\/D2-0657-125x83.jpg 125w, https:\/\/www.acusticauach.cl\/wp-content\/uploads\/2024\/01\/D2-0657-75x50.jpg 75w, https:\/\/www.acusticauach.cl\/wp-content\/uploads\/2024\/01\/D2-0657.jpg 1600w\" sizes=\"(max-width: 1024px) 100vw, 1024px\" \/><\/a><\/figure>\n\n\n\n<figure class=\"wp-block-image size-large\"><a href=\"https:\/\/www.acusticauach.cl\/wp-content\/uploads\/2024\/01\/D2-0671.jpg\"><img decoding=\"async\" width=\"1024\" height=\"683\" data-id=\"16336\" src=\"https:\/\/www.acusticauach.cl\/wp-content\/uploads\/2024\/01\/D2-0671-1024x683.jpg\" alt=\"\" class=\"wp-image-16336\" srcset=\"https:\/\/www.acusticauach.cl\/wp-content\/uploads\/2024\/01\/D2-0671-1024x683.jpg 1024w, https:\/\/www.acusticauach.cl\/wp-content\/uploads\/2024\/01\/D2-0671-300x200.jpg 300w, https:\/\/www.acusticauach.cl\/wp-content\/uploads\/2024\/01\/D2-0671-768x512.jpg 768w, https:\/\/www.acusticauach.cl\/wp-content\/uploads\/2024\/01\/D2-0671-125x83.jpg 125w, https:\/\/www.acusticauach.cl\/wp-content\/uploads\/2024\/01\/D2-0671-75x50.jpg 75w, https:\/\/www.acusticauach.cl\/wp-content\/uploads\/2024\/01\/D2-0671-1536x1024.jpg 1536w, https:\/\/www.acusticauach.cl\/wp-content\/uploads\/2024\/01\/D2-0671.jpg 1600w\" sizes=\"(max-width: 1024px) 100vw, 1024px\" \/><\/a><\/figure>\n\n\n\n<figure class=\"wp-block-image size-large\"><a href=\"https:\/\/www.acusticauach.cl\/wp-content\/uploads\/2024\/01\/D2-0675.jpg\"><img decoding=\"async\" width=\"1024\" height=\"683\" data-id=\"16335\" src=\"https:\/\/www.acusticauach.cl\/wp-content\/uploads\/2024\/01\/D2-0675-1024x683.jpg\" alt=\"\" class=\"wp-image-16335\" srcset=\"https:\/\/www.acusticauach.cl\/wp-content\/uploads\/2024\/01\/D2-0675-1024x683.jpg 1024w, https:\/\/www.acusticauach.cl\/wp-content\/uploads\/2024\/01\/D2-0675-300x200.jpg 300w, https:\/\/www.acusticauach.cl\/wp-content\/uploads\/2024\/01\/D2-0675-768x512.jpg 768w, https:\/\/www.acusticauach.cl\/wp-content\/uploads\/2024\/01\/D2-0675-125x83.jpg 125w, https:\/\/www.acusticauach.cl\/wp-content\/uploads\/2024\/01\/D2-0675-75x50.jpg 75w, https:\/\/www.acusticauach.cl\/wp-content\/uploads\/2024\/01\/D2-0675-1536x1024.jpg 1536w, https:\/\/www.acusticauach.cl\/wp-content\/uploads\/2024\/01\/D2-0675.jpg 1600w\" sizes=\"(max-width: 1024px) 100vw, 1024px\" \/><\/a><\/figure>\n\n\n\n<figure class=\"wp-block-image size-large\"><a href=\"https:\/\/www.acusticauach.cl\/wp-content\/uploads\/2024\/01\/D2-0678.jpg\"><img decoding=\"async\" width=\"1024\" height=\"683\" data-id=\"16339\" src=\"https:\/\/www.acusticauach.cl\/wp-content\/uploads\/2024\/01\/D2-0678-1024x683.jpg\" alt=\"\" class=\"wp-image-16339\" srcset=\"https:\/\/www.acusticauach.cl\/wp-content\/uploads\/2024\/01\/D2-0678-1024x683.jpg 1024w, https:\/\/www.acusticauach.cl\/wp-content\/uploads\/2024\/01\/D2-0678-300x200.jpg 300w, https:\/\/www.acusticauach.cl\/wp-content\/uploads\/2024\/01\/D2-0678-768x512.jpg 768w, https:\/\/www.acusticauach.cl\/wp-content\/uploads\/2024\/01\/D2-0678-125x83.jpg 125w, https:\/\/www.acusticauach.cl\/wp-content\/uploads\/2024\/01\/D2-0678-75x50.jpg 75w, https:\/\/www.acusticauach.cl\/wp-content\/uploads\/2024\/01\/D2-0678-1536x1024.jpg 1536w, https:\/\/www.acusticauach.cl\/wp-content\/uploads\/2024\/01\/D2-0678.jpg 1600w\" sizes=\"(max-width: 1024px) 100vw, 1024px\" \/><\/a><\/figure>\n\n\n\n<figure class=\"wp-block-image size-large\"><a href=\"https:\/\/www.acusticauach.cl\/wp-content\/uploads\/2024\/01\/D2-0683.jpg\"><img decoding=\"async\" width=\"1024\" height=\"683\" data-id=\"16341\" src=\"https:\/\/www.acusticauach.cl\/wp-content\/uploads\/2024\/01\/D2-0683-1024x683.jpg\" alt=\"\" class=\"wp-image-16341\" srcset=\"https:\/\/www.acusticauach.cl\/wp-content\/uploads\/2024\/01\/D2-0683-1024x683.jpg 1024w, https:\/\/www.acusticauach.cl\/wp-content\/uploads\/2024\/01\/D2-0683-300x200.jpg 300w, https:\/\/www.acusticauach.cl\/wp-content\/uploads\/2024\/01\/D2-0683-768x512.jpg 768w, https:\/\/www.acusticauach.cl\/wp-content\/uploads\/2024\/01\/D2-0683-125x83.jpg 125w, https:\/\/www.acusticauach.cl\/wp-content\/uploads\/2024\/01\/D2-0683-75x50.jpg 75w, https:\/\/www.acusticauach.cl\/wp-content\/uploads\/2024\/01\/D2-0683-1536x1024.jpg 1536w, https:\/\/www.acusticauach.cl\/wp-content\/uploads\/2024\/01\/D2-0683.jpg 1600w\" sizes=\"(max-width: 1024px) 100vw, 1024px\" \/><\/a><\/figure>\n\n\n\n<figure class=\"wp-block-image size-large\"><a href=\"https:\/\/www.acusticauach.cl\/wp-content\/uploads\/2024\/01\/D2-0690.jpg\"><img decoding=\"async\" width=\"1024\" height=\"683\" data-id=\"16345\" src=\"https:\/\/www.acusticauach.cl\/wp-content\/uploads\/2024\/01\/D2-0690-1024x683.jpg\" alt=\"\" class=\"wp-image-16345\" srcset=\"https:\/\/www.acusticauach.cl\/wp-content\/uploads\/2024\/01\/D2-0690-1024x683.jpg 1024w, https:\/\/www.acusticauach.cl\/wp-content\/uploads\/2024\/01\/D2-0690-300x200.jpg 300w, https:\/\/www.acusticauach.cl\/wp-content\/uploads\/2024\/01\/D2-0690-768x512.jpg 768w, https:\/\/www.acusticauach.cl\/wp-content\/uploads\/2024\/01\/D2-0690-125x83.jpg 125w, https:\/\/www.acusticauach.cl\/wp-content\/uploads\/2024\/01\/D2-0690-75x50.jpg 75w, https:\/\/www.acusticauach.cl\/wp-content\/uploads\/2024\/01\/D2-0690-1536x1024.jpg 1536w, https:\/\/www.acusticauach.cl\/wp-content\/uploads\/2024\/01\/D2-0690.jpg 1600w\" sizes=\"(max-width: 1024px) 100vw, 1024px\" \/><\/a><\/figure>\n\n\n\n<figure class=\"wp-block-image size-large\"><a href=\"https:\/\/www.acusticauach.cl\/wp-content\/uploads\/2024\/01\/D2-0695.jpg\"><img decoding=\"async\" width=\"1024\" height=\"683\" data-id=\"16347\" src=\"https:\/\/www.acusticauach.cl\/wp-content\/uploads\/2024\/01\/D2-0695-1024x683.jpg\" alt=\"\" class=\"wp-image-16347\" srcset=\"https:\/\/www.acusticauach.cl\/wp-content\/uploads\/2024\/01\/D2-0695-1024x683.jpg 1024w, https:\/\/www.acusticauach.cl\/wp-content\/uploads\/2024\/01\/D2-0695-300x200.jpg 300w, https:\/\/www.acusticauach.cl\/wp-content\/uploads\/2024\/01\/D2-0695-768x512.jpg 768w, https:\/\/www.acusticauach.cl\/wp-content\/uploads\/2024\/01\/D2-0695-125x83.jpg 125w, https:\/\/www.acusticauach.cl\/wp-content\/uploads\/2024\/01\/D2-0695-75x50.jpg 75w, https:\/\/www.acusticauach.cl\/wp-content\/uploads\/2024\/01\/D2-0695-1536x1024.jpg 1536w, https:\/\/www.acusticauach.cl\/wp-content\/uploads\/2024\/01\/D2-0695.jpg 1600w\" sizes=\"(max-width: 1024px) 100vw, 1024px\" \/><\/a><\/figure>\n\n\n\n<figure class=\"wp-block-image size-large\"><a href=\"https:\/\/www.acusticauach.cl\/wp-content\/uploads\/2024\/01\/D2-0697.jpg\"><img decoding=\"async\" width=\"1024\" height=\"683\" data-id=\"16348\" src=\"https:\/\/www.acusticauach.cl\/wp-content\/uploads\/2024\/01\/D2-0697-1024x683.jpg\" alt=\"\" class=\"wp-image-16348\" srcset=\"https:\/\/www.acusticauach.cl\/wp-content\/uploads\/2024\/01\/D2-0697-1024x683.jpg 1024w, https:\/\/www.acusticauach.cl\/wp-content\/uploads\/2024\/01\/D2-0697-300x200.jpg 300w, https:\/\/www.acusticauach.cl\/wp-content\/uploads\/2024\/01\/D2-0697-768x512.jpg 768w, https:\/\/www.acusticauach.cl\/wp-content\/uploads\/2024\/01\/D2-0697-125x83.jpg 125w, https:\/\/www.acusticauach.cl\/wp-content\/uploads\/2024\/01\/D2-0697-75x50.jpg 75w, https:\/\/www.acusticauach.cl\/wp-content\/uploads\/2024\/01\/D2-0697-1536x1024.jpg 1536w, https:\/\/www.acusticauach.cl\/wp-content\/uploads\/2024\/01\/D2-0697.jpg 1600w\" sizes=\"(max-width: 1024px) 100vw, 1024px\" \/><\/a><\/figure>\n\n\n\n<figure class=\"wp-block-image size-large\"><a href=\"https:\/\/www.acusticauach.cl\/wp-content\/uploads\/2024\/01\/D2-0700.jpg\"><img decoding=\"async\" width=\"1024\" height=\"683\" data-id=\"16352\" src=\"https:\/\/www.acusticauach.cl\/wp-content\/uploads\/2024\/01\/D2-0700-1024x683.jpg\" alt=\"\" class=\"wp-image-16352\" srcset=\"https:\/\/www.acusticauach.cl\/wp-content\/uploads\/2024\/01\/D2-0700-1024x683.jpg 1024w, https:\/\/www.acusticauach.cl\/wp-content\/uploads\/2024\/01\/D2-0700-300x200.jpg 300w, https:\/\/www.acusticauach.cl\/wp-content\/uploads\/2024\/01\/D2-0700-768x512.jpg 768w, https:\/\/www.acusticauach.cl\/wp-content\/uploads\/2024\/01\/D2-0700-125x83.jpg 125w, https:\/\/www.acusticauach.cl\/wp-content\/uploads\/2024\/01\/D2-0700-75x50.jpg 75w, https:\/\/www.acusticauach.cl\/wp-content\/uploads\/2024\/01\/D2-0700-1536x1024.jpg 1536w, https:\/\/www.acusticauach.cl\/wp-content\/uploads\/2024\/01\/D2-0700.jpg 1600w\" sizes=\"(max-width: 1024px) 100vw, 1024px\" \/><\/a><\/figure>\n\n\n\n<figure class=\"wp-block-image size-large\"><a href=\"https:\/\/www.acusticauach.cl\/wp-content\/uploads\/2024\/01\/D2-1162.jpg\"><img decoding=\"async\" width=\"1024\" height=\"683\" data-id=\"16356\" src=\"https:\/\/www.acusticauach.cl\/wp-content\/uploads\/2024\/01\/D2-1162-1024x683.jpg\" alt=\"\" class=\"wp-image-16356\" srcset=\"https:\/\/www.acusticauach.cl\/wp-content\/uploads\/2024\/01\/D2-1162-1024x683.jpg 1024w, https:\/\/www.acusticauach.cl\/wp-content\/uploads\/2024\/01\/D2-1162-300x200.jpg 300w, https:\/\/www.acusticauach.cl\/wp-content\/uploads\/2024\/01\/D2-1162-768x512.jpg 768w, https:\/\/www.acusticauach.cl\/wp-content\/uploads\/2024\/01\/D2-1162-125x83.jpg 125w, https:\/\/www.acusticauach.cl\/wp-content\/uploads\/2024\/01\/D2-1162-75x50.jpg 75w, https:\/\/www.acusticauach.cl\/wp-content\/uploads\/2024\/01\/D2-1162-1536x1024.jpg 1536w, https:\/\/www.acusticauach.cl\/wp-content\/uploads\/2024\/01\/D2-1162.jpg 1600w\" sizes=\"(max-width: 1024px) 100vw, 1024px\" \/><\/a><\/figure>\n\n\n\n<figure class=\"wp-block-image size-large\"><a href=\"https:\/\/www.acusticauach.cl\/wp-content\/uploads\/2024\/01\/D2-1273.jpg\"><img decoding=\"async\" width=\"1024\" height=\"683\" data-id=\"16357\" src=\"https:\/\/www.acusticauach.cl\/wp-content\/uploads\/2024\/01\/D2-1273-1024x683.jpg\" alt=\"\" class=\"wp-image-16357\" srcset=\"https:\/\/www.acusticauach.cl\/wp-content\/uploads\/2024\/01\/D2-1273-1024x683.jpg 1024w, https:\/\/www.acusticauach.cl\/wp-content\/uploads\/2024\/01\/D2-1273-300x200.jpg 300w, https:\/\/www.acusticauach.cl\/wp-content\/uploads\/2024\/01\/D2-1273-768x512.jpg 768w, https:\/\/www.acusticauach.cl\/wp-content\/uploads\/2024\/01\/D2-1273-125x83.jpg 125w, https:\/\/www.acusticauach.cl\/wp-content\/uploads\/2024\/01\/D2-1273-75x50.jpg 75w, https:\/\/www.acusticauach.cl\/wp-content\/uploads\/2024\/01\/D2-1273-1536x1024.jpg 1536w, https:\/\/www.acusticauach.cl\/wp-content\/uploads\/2024\/01\/D2-1273.jpg 1600w\" sizes=\"(max-width: 1024px) 100vw, 1024px\" \/><\/a><\/figure>\n\n\n\n<figure class=\"wp-block-image size-large\"><a href=\"https:\/\/www.acusticauach.cl\/wp-content\/uploads\/2024\/01\/D2-1274.jpg\"><img decoding=\"async\" width=\"1024\" height=\"683\" data-id=\"16358\" src=\"https:\/\/www.acusticauach.cl\/wp-content\/uploads\/2024\/01\/D2-1274-1024x683.jpg\" alt=\"\" class=\"wp-image-16358\" srcset=\"https:\/\/www.acusticauach.cl\/wp-content\/uploads\/2024\/01\/D2-1274-1024x683.jpg 1024w, https:\/\/www.acusticauach.cl\/wp-content\/uploads\/2024\/01\/D2-1274-300x200.jpg 300w, https:\/\/www.acusticauach.cl\/wp-content\/uploads\/2024\/01\/D2-1274-768x512.jpg 768w, https:\/\/www.acusticauach.cl\/wp-content\/uploads\/2024\/01\/D2-1274-125x83.jpg 125w, https:\/\/www.acusticauach.cl\/wp-content\/uploads\/2024\/01\/D2-1274-75x50.jpg 75w, https:\/\/www.acusticauach.cl\/wp-content\/uploads\/2024\/01\/D2-1274-1536x1024.jpg 1536w, https:\/\/www.acusticauach.cl\/wp-content\/uploads\/2024\/01\/D2-1274.jpg 1600w\" sizes=\"(max-width: 1024px) 100vw, 1024px\" \/><\/a><\/figure>\n\n\n\n<figure class=\"wp-block-image size-large\"><a href=\"https:\/\/www.acusticauach.cl\/wp-content\/uploads\/2024\/01\/ESTEBAN.jpg\"><img decoding=\"async\" width=\"1024\" height=\"682\" data-id=\"16365\" src=\"https:\/\/www.acusticauach.cl\/wp-content\/uploads\/2024\/01\/ESTEBAN-1024x682.jpg\" alt=\"\" class=\"wp-image-16365\" srcset=\"https:\/\/www.acusticauach.cl\/wp-content\/uploads\/2024\/01\/ESTEBAN-1024x682.jpg 1024w, https:\/\/www.acusticauach.cl\/wp-content\/uploads\/2024\/01\/ESTEBAN-300x200.jpg 300w, https:\/\/www.acusticauach.cl\/wp-content\/uploads\/2024\/01\/ESTEBAN-768x512.jpg 768w, https:\/\/www.acusticauach.cl\/wp-content\/uploads\/2024\/01\/ESTEBAN-125x83.jpg 125w, https:\/\/www.acusticauach.cl\/wp-content\/uploads\/2024\/01\/ESTEBAN-75x50.jpg 75w, https:\/\/www.acusticauach.cl\/wp-content\/uploads\/2024\/01\/ESTEBAN-1536x1023.jpg 1536w, https:\/\/www.acusticauach.cl\/wp-content\/uploads\/2024\/01\/ESTEBAN.jpg 1600w\" sizes=\"(max-width: 1024px) 100vw, 1024px\" \/><\/a><\/figure>\n\n\n\n<figure class=\"wp-block-image size-large\"><a href=\"https:\/\/www.acusticauach.cl\/wp-content\/uploads\/2024\/01\/DIEGO.jpg\"><img decoding=\"async\" width=\"1024\" height=\"683\" data-id=\"16367\" src=\"https:\/\/www.acusticauach.cl\/wp-content\/uploads\/2024\/01\/DIEGO-1024x683.jpg\" alt=\"\" class=\"wp-image-16367\" srcset=\"https:\/\/www.acusticauach.cl\/wp-content\/uploads\/2024\/01\/DIEGO-1024x683.jpg 1024w, https:\/\/www.acusticauach.cl\/wp-content\/uploads\/2024\/01\/DIEGO-300x200.jpg 300w, https:\/\/www.acusticauach.cl\/wp-content\/uploads\/2024\/01\/DIEGO-768x512.jpg 768w, https:\/\/www.acusticauach.cl\/wp-content\/uploads\/2024\/01\/DIEGO-125x83.jpg 125w, https:\/\/www.acusticauach.cl\/wp-content\/uploads\/2024\/01\/DIEGO-75x50.jpg 75w, https:\/\/www.acusticauach.cl\/wp-content\/uploads\/2024\/01\/DIEGO-1536x1024.jpg 1536w, https:\/\/www.acusticauach.cl\/wp-content\/uploads\/2024\/01\/DIEGO.jpg 1600w\" sizes=\"(max-width: 1024px) 100vw, 1024px\" \/><\/a><\/figure>\n<figcaption class=\"blocks-gallery-caption wp-element-caption\"><a href=\"https:\/\/flic.kr\/s\/aHBqjBa1M1\" data-type=\"link\" data-id=\"https:\/\/flic.kr\/s\/aHBqjBa1M1\">https:\/\/flic.kr\/s\/aHBqjBa1M1<\/a><\/figcaption><\/figure>\n\n\n\n<p><\/p>\n\n\n\n<p>Se sumaron a ellos 14 graduados de los programas de Mag\u00edster en Ac\u00fastica y Vibraciones, Mag\u00edster en Inform\u00e1tica, Mag\u00edster en Ingenier\u00eda Naval y Oce\u00e1nica y los Diplomados en Ac\u00fastica Ambiental y de Eficiencia Energ\u00e9tica y Calidad Ambiental en la Construcci\u00f3n.<\/p>\n\n\n\n<p>Los solemnes actos iniciaron con las palabras del Decano de la Facultad de Ciencias de la Ingenier\u00eda Dr. Enrique Su\u00e1rez quien durante su alocuci\u00f3n invit\u00f3 a los exalumnos y exalumnas a ser conscientes de su rol como profesionales y del impacto que en el ejercicio de la ingenier\u00eda pueden generar en su entorno.<\/p>\n\n\n\n<p>\u201cDe aqu\u00ed en adelante ustedes deben ser como aquella semilla que aprovecha la tierra donde cae, que utiliza la lluvia que recibe, que busca el sol para nutrirse y que logra crecer y ofrecer el fruto de sus conocimientos y capacidades en ingenier\u00eda para una mejor sociedad\u201d<\/p>\n\n\n\n<p>Luego de la entrega de t\u00edtulos profesionales y grados acad\u00e9micos, se procedi\u00f3 a la entrega de distinciones por excelencia acad\u00e9mica, distinci\u00f3n deportiva, compromiso institucional y participaci\u00f3n en el programa Honor en Ambiente Sociedad y Cambio Clim\u00e1tico, que otorga el Centro de Estudios Ambientales UACh.<\/p>\n\n\n\n<p>Asimismo, Sebasti\u00e1n Sanhueza Cuevas egresado de Ingenier\u00eda en Construcci\u00f3n y Patricio Duarte Fuentealba de Ingenier\u00eda Naval, estuvieron a cargo de los discursos en representaci\u00f3n de los nuevos profesionales en sus respectivas ceremonias.<\/p>\n\n\n\n<p>Finalmente, la Orquesta de C\u00e1mara de Valdivia se encarg\u00f3 de la clausura de ambas jornadas con la presentaci\u00f3n del Cuarteto N\u00famero 3 en La Mayor de Robert Schumann y del Noneto en Fa Mayor, Opus 31 de Louis Spohr, respectivamente.<\/p>\n\n\n\n<figure class=\"wp-block-gallery has-nested-images columns-default is-cropped wp-block-gallery-2 is-layout-flex wp-block-gallery-is-layout-flex\"><\/figure>\n\n\n\n<p><strong>Homenaje a estudiantes fallecidos<\/strong><\/p>\n\n\n\n<p>En ambas ceremonias, el inicio de las palabras del Decano Dr. Enrique Su\u00e1rez consider\u00f3 un homenaje a los ex alumnos de Ingenier\u00eda Civil Industrial:&nbsp; Vicente Paredes Reyes y \u00c1lvaro Inostroza D\u00edaz fallecidos recientemente en un accidente de tr\u00e1nsito en Valdivia.<\/p>\n\n\n\n<p>Ver las ceremonias en el Canal de Youtube de la Facultad de Ciencias de la Ingenier\u00eda:<\/p>\n\n\n\n<figure class=\"wp-block-embed is-type-video is-provider-youtube wp-block-embed-youtube wp-embed-aspect-16-9 wp-has-aspect-ratio\"><div class=\"wp-block-embed__wrapper\">\n<iframe title=\"Ceremonia de Titulaci\u00f3n 2023 - D\u00eda 1\" width=\"1200\" height=\"675\" src=\"https:\/\/www.youtube.com\/embed\/KGAazEASqKY?start=6331&#038;feature=oembed\" frameborder=\"0\" allow=\"accelerometer; autoplay; clipboard-write; encrypted-media; gyroscope; picture-in-picture; web-share\" allowfullscreen><\/iframe>\n<\/div><figcaption class=\"wp-element-caption\"><a href=\"https:\/\/www.youtube.com\/watch?v=KGAazEASqKY&amp;t=6331s\">Ceremonia mi\u00e9rcoles 10 de enero<\/a><\/figcaption><\/figure>\n\n\n\n<p><\/p>\n\n\n\n<figure class=\"wp-block-embed is-type-video is-provider-youtube wp-block-embed-youtube wp-embed-aspect-16-9 wp-has-aspect-ratio\"><div class=\"wp-block-embed__wrapper\">\n<iframe title=\"Ceremonia de Titulaci\u00f3n 2023 - D\u00eda 2\" width=\"1200\" height=\"675\" src=\"https:\/\/www.youtube.com\/embed\/Cy4tZYXm3Nc?start=1131&#038;feature=oembed\" frameborder=\"0\" allow=\"accelerometer; autoplay; clipboard-write; encrypted-media; gyroscope; picture-in-picture; web-share\" allowfullscreen><\/iframe>\n<\/div><figcaption class=\"wp-element-caption\"><a href=\"https:\/\/www.youtube.com\/watch?v=Cy4tZYXm3Nc&amp;t=1131s\">Ceremonia jueves 11 de enero<\/a><\/figcaption><\/figure>\n\n\n\n<h2 class=\"wp-block-heading\"><strong>LISTA DE GRADUADOS<\/strong><\/h2>\n\n\n\n<p><strong>TITULO: INGENIERO (A) CIVIL AC\u00daSTICO<br>GRADO: LICENCIADO (A) EN CIENCIAS DE LA INGENIER\u00cdA<\/strong><\/p>\n\n\n\n<p>ALARC\u00d3N MERCADO, ESTEBAN FELIPE<br>ALCALDE GUDENSCHWAGER, JUAN IGNACIO<br>CAAMA\u00d1O PARRA, CLAUDIO ANDR\u00c9S<br>DELGADO MONTECINOS, NATALY DE JES\u00daS<br>FERN\u00c1NDEZ TORREJ\u00d3N, JEANPIER AN\u00cdBAL<br>IBACACHE GONZ\u00c1LEZ, NELSON ALEXANDER<br>MART\u00cdNEZ MORAGA, HAKIM ALONSO<br>MELLA AMPUERO, NICOL\u00c1S ANDR\u00c9S<br>OJEDA VEGA, PEDRO FERNANDO<br>POVEA IB\u00c1\u00d1EZ, RICHARD ALEJANDRO<br>URRUTIA ESCOBAR, ROBIN ANDR\u00c9S<\/p>\n\n\n\n<p><strong>MAG\u00cdSTER EN AC\u00daSTICA Y VIBRACIONES<\/strong><br>D\u00cdAZ HERRERA, DIEGO IGNACIO<br>N\u00da\u00d1EZ G\u00d3MEZ, GABRIEL IGNACIO<\/p>\n\n\n\n<p><strong>DIPLOMADO EN EN AC\u00daSTICA AMBIENTAL<\/strong><br>ALFARO ALFARO, JOAQU\u00cdN OSVALDO<br>CASTRO VIDELA, MAT\u00cdAS ENRIQUE<br>MART\u00cdNEZ PINZ\u00d3N, SANTIAGO<\/p>\n","protected":false},"excerpt":{"rendered":"<p>Egresados y egresadas de las carreras de pregrado y programas de postgrado de la Facultad de Ciencias de la Ingenier\u00eda recibieron sus t\u00edtulos y grados acad\u00e9micos en dos solemnes ceremonias realizadas en el aula magna de la Universidad Austral de Chile. Escrito por PrensaFCI El mi\u00e9rcoles 10 de enero se realiz\u00f3 la entrega de t\u00edtulos [&hellip;]<\/p>\n","protected":false},"author":2,"featured_media":16330,"comment_status":"closed","ping_status":"closed","sticky":false,"template":"","format":"standard","meta":{"footnotes":""},"categories":[906,907],"tags":[228,37,707,533,780,781,915],"class_list":["post-16329","post","type-post","status-publish","format-standard","has-post-thumbnail","hentry","category-pregrado","category-postgrado","tag-ceremonia","tag-estudiantes","tag-ingenieria-acustica","tag-ingenieria-civil-acustica","tag-magister-en-acustica-y-vibraciones","tag-mav","tag-portada"],"_links":{"self":[{"href":"https:\/\/www.acusticauach.cl\/index.php?rest_route=\/wp\/v2\/posts\/16329","targetHints":{"allow":["GET"]}}],"collection":[{"href":"https:\/\/www.acusticauach.cl\/index.php?rest_route=\/wp\/v2\/posts"}],"about":[{"href":"https:\/\/www.acusticauach.cl\/index.php?rest_route=\/wp\/v2\/types\/post"}],"author":[{"embeddable":true,"href":"https:\/\/www.acusticauach.cl\/index.php?rest_route=\/wp\/v2\/users\/2"}],"replies":[{"embeddable":true,"href":"https:\/\/www.acusticauach.cl\/index.php?rest_route=%2Fwp%2Fv2%2Fcomments&post=16329"}],"version-history":[{"count":0,"href":"https:\/\/www.acusticauach.cl\/index.php?rest_route=\/wp\/v2\/posts\/16329\/revisions"}],"wp:featuredmedia":[{"embeddable":true,"href":"https:\/\/www.acusticauach.cl\/index.php?rest_route=\/wp\/v2\/media\/16330"}],"wp:attachment":[{"href":"https:\/\/www.acusticauach.cl\/index.php?rest_route=%2Fwp%2Fv2%2Fmedia&parent=16329"}],"wp:term":[{"taxonomy":"category","embeddable":true,"href":"https:\/\/www.acusticauach.cl\/index.php?rest_route=%2Fwp%2Fv2%2Fcategories&post=16329"},{"taxonomy":"post_tag","embeddable":true,"href":"https:\/\/www.acusticauach.cl\/index.php?rest_route=%2Fwp%2Fv2%2Ftags&post=16329"}],"curies":[{"name":"wp","href":"https:\/\/api.w.org\/{rel}","templated":true}]}}