{"id":16309,"date":"2024-01-02T14:30:35","date_gmt":"2024-01-02T17:30:35","guid":{"rendered":"https:\/\/www.acusticauach.cl\/?p=16309"},"modified":"2024-01-02T14:30:35","modified_gmt":"2024-01-02T17:30:35","slug":"resultado-paes-invitan-a-feria-la-uach-te-ayuda-a-postular","status":"publish","type":"post","link":"https:\/\/www.acusticauach.cl\/?p=16309","title":{"rendered":"Resultado PAES: invitan a feria \u201cLa UACh te ayuda a postular\u201d"},"content":{"rendered":"<div class=\"header-standard header-classic single-header\">\n<h3 class=\"post-title single-post-title\"><strong>Se llevar\u00e1 a cabo en las ciudades de Valdivia, Osorno, Puerto Montt, Ancud y Santiago.<\/strong><\/h3>\n<div class=\"post-box-meta-single\"><em><span class=\"author-post\">Escrito por\u00a0<a class=\"author-url\">Jos\u00e9 Luis G\u00f3mez\/ Periodista Direcci\u00f3n De Comunicaciones UACh<\/a><\/span><\/em><\/div>\n<\/div>\n<div class=\"post-image\"><\/div>\n<p class=\"bajada\"><em>La modalidad ser\u00e1 presencial con atenci\u00f3n reforzada a trav\u00e9s de plataformas digitales.<\/em><\/p>\n<div class=\"post-entry blockquote-style-2\">\n<div class=\"inner-post-entry\">\n<p>Desde el mismo d\u00eda en que se conocer\u00e1n los resultados de la Prueba de Acceso a la Educaci\u00f3n Superior (PAES), la Universidad Austral de Chile apoyar\u00e1 a las y los estudiantes a trav\u00e9s de la feria \u201cLa UACh te ayuda a postular\u201d, que se llevar\u00e1 a cabo en las ciudades de Valdivia, Osorno, Puerto Montt, Ancud y Santiago.<\/p>\n<p>Esta feria del postulante apoyar\u00e1 y responder\u00e1 consultas sobre la postulaci\u00f3n a Universidades que pertenecen al Sistema de Admisi\u00f3n, orientaci\u00f3n vocacional y toda la oferta acad\u00e9mica UACh, v\u00edas de admisi\u00f3n especial de la Universidad, mallas curriculares, beneficios y servicios e informaci\u00f3n relevante que necesiten para este proceso.<\/p>\n<p>&nbsp;<\/p>\n<p><a href=\"https:\/\/www.uach.cl\/admision\" target=\"_blank\" rel=\"noopener\"><img decoding=\"async\" class=\"aligncenter wp-image-16310 size-full\" src=\"https:\/\/www.acusticauach.cl\/wp-content\/uploads\/2024\/01\/414355194_886021183526954_1802056694895564258_n.jpg\" alt=\"\" width=\"960\" height=\"960\" srcset=\"https:\/\/www.acusticauach.cl\/wp-content\/uploads\/2024\/01\/414355194_886021183526954_1802056694895564258_n.jpg 960w, https:\/\/www.acusticauach.cl\/wp-content\/uploads\/2024\/01\/414355194_886021183526954_1802056694895564258_n-300x300.jpg 300w, https:\/\/www.acusticauach.cl\/wp-content\/uploads\/2024\/01\/414355194_886021183526954_1802056694895564258_n-150x150.jpg 150w, https:\/\/www.acusticauach.cl\/wp-content\/uploads\/2024\/01\/414355194_886021183526954_1802056694895564258_n-768x768.jpg 768w, https:\/\/www.acusticauach.cl\/wp-content\/uploads\/2024\/01\/414355194_886021183526954_1802056694895564258_n-125x125.jpg 125w, https:\/\/www.acusticauach.cl\/wp-content\/uploads\/2024\/01\/414355194_886021183526954_1802056694895564258_n-75x75.jpg 75w, https:\/\/www.acusticauach.cl\/wp-content\/uploads\/2024\/01\/414355194_886021183526954_1802056694895564258_n-540x540.jpg 540w\" sizes=\"(max-width: 960px) 100vw, 960px\" \/><\/a>En Valdivia -en el Campus Miraflores y Campus Isla Teja- y en la Sede Puerto Montt estar\u00e1n disponibles una serie de actividades que permitir\u00e1n al estudiante y sus familias conocer los servicios y beneficios a los que podr\u00e1 acceder al ser parte de la comunidad UACh.<\/p>\n<p><img decoding=\"async\" class=\"aligncenter wp-image-16312 size-large\" src=\"https:\/\/www.acusticauach.cl\/wp-content\/uploads\/2024\/01\/415250451_886021166860289_1862005792967703289_n-1024x1024.jpg\" alt=\"\" width=\"1024\" height=\"1024\" srcset=\"https:\/\/www.acusticauach.cl\/wp-content\/uploads\/2024\/01\/415250451_886021166860289_1862005792967703289_n-1024x1024.jpg 1024w, https:\/\/www.acusticauach.cl\/wp-content\/uploads\/2024\/01\/415250451_886021166860289_1862005792967703289_n-300x300.jpg 300w, https:\/\/www.acusticauach.cl\/wp-content\/uploads\/2024\/01\/415250451_886021166860289_1862005792967703289_n-150x150.jpg 150w, https:\/\/www.acusticauach.cl\/wp-content\/uploads\/2024\/01\/415250451_886021166860289_1862005792967703289_n-768x768.jpg 768w, https:\/\/www.acusticauach.cl\/wp-content\/uploads\/2024\/01\/415250451_886021166860289_1862005792967703289_n-125x125.jpg 125w, https:\/\/www.acusticauach.cl\/wp-content\/uploads\/2024\/01\/415250451_886021166860289_1862005792967703289_n-75x75.jpg 75w, https:\/\/www.acusticauach.cl\/wp-content\/uploads\/2024\/01\/415250451_886021166860289_1862005792967703289_n-1536x1536.jpg 1536w, https:\/\/www.acusticauach.cl\/wp-content\/uploads\/2024\/01\/415250451_886021166860289_1862005792967703289_n-540x540.jpg 540w, https:\/\/www.acusticauach.cl\/wp-content\/uploads\/2024\/01\/415250451_886021166860289_1862005792967703289_n.jpg 2048w\" sizes=\"(max-width: 1024px) 100vw, 1024px\" \/><\/p>\n<\/div>\n<p>La Jefa (S) Departamento de Admisi\u00f3n y Matr\u00edcula, Yasna Barrientos, destac\u00f3 que \u00abnuestro compromiso como UACh es acompa\u00f1ar y orientar a estudiantes y sus familias en su camino a la educaci\u00f3n superior. Sabemos que este proceso de postulaciones genera muchas dudas en las y los estudiantes, y es por eso que nos estamos preparando desde el 02 al 05 de enero\u201d.<\/p>\n<div class=\"inner-post-entry\">\n<p>A\u00f1adi\u00f3 que \u201cla formaci\u00f3n de integral de nuestros estudiantes es clave y para eso, adem\u00e1s de entregar informaci\u00f3n sobre c\u00f3mo postular, orientaci\u00f3n vocacional, financiamiento y beneficios, y oferta acad\u00e9mica, contaremos con informaci\u00f3n relacionada con su vida universitaria, por ejemplo, participaci\u00f3n de talleres extracurriculares, actividades deportivas, movilidad estudiantil, servicios estudiantiles como Unidad de Apoyo al Aprendizaje, Centro de Salud Universitario, entre otros. Tambi\u00e9n contaremos con visitas a distintos espacios de nuestros campus y Sede, a laboratorios y salas de las distintas facultades y carreras\u201d.<\/p>\n<p>En Ancud y Osorno habr\u00e1 un equipo que resolver\u00e1 dudas de postulaciones, orientaci\u00f3n vocacional, admisi\u00f3n regular, PACE, financiamiento y oferta acad\u00e9mica UACh. Mientras que en Santiago se podr\u00e1 acceder a una oficina con apoyo central.<\/p>\n<p><strong>Valdivia. Campus Isla Teja (Edificio Emilio Pug\u00edn) y Campus Miraflores Gimnasio):<\/strong><br \/>\nMartes 02, mi\u00e9rcoles 03 y jueves 04: 8:30 horas a 18:00 horas, horario continuado.<br \/>\nViernes 05: 8:30 horas a 12:00 horas.<\/p>\n<p><strong>Osorno (Campo Cl\u00ednico Osorno UACh, Guillermo B\u00fchler #1615):<\/strong><br \/>\nMartes 02 y mi\u00e9rcoles 03, de 8:30 horas a 18:00 horas, horario continuado.<\/p>\n<p><strong>Sede Puerto Montt (gimnasio Campus Pelluco, Los Pinos s\/n, Puerto Montt):<\/strong><br \/>\nMartes 02, mi\u00e9rcoles 03 y jueves 04: 9:00 horas a 17:00 horas, horario continuado.<br \/>\nViernes 05: 9:00 horas a 12:00 horas.<\/p>\n<p><strong>Ancud (Liceo Bicentenario de Ancud, ubicado en calle San Antonio 50):<\/strong><br \/>\nMartes 02, mi\u00e9rcoles 03 y jueves 04: 9:00 horas a 17:00 horas, horario continuado.<\/p>\n<p><strong>Santiago (Moneda 673, 8\u00b0 Piso):<\/strong><br \/>\nMartes 02, mi\u00e9rcoles 03 y jueves 04: 09:00 horas a 13:00 horas y de 14.00 horas a 17:00 horas.<br \/>\nViernes 05: 09.00 horas a 12:00 horas.<\/p>\n<p>&nbsp;<\/p>\n<h2>Facultad de Ciencias de la Ingenier\u00eda<\/h2>\n<\/div>\n<\/div>\n<div class=\"xdj266r x11i5rnm xat24cr x1mh8g0r x1vvkbs x126k92a\">\n<div dir=\"auto\">Desde el 2 al 5 de enero la UACh te ayuda a postular a la Educaci\u00f3n Superior y, adem\u00e1s, tendr\u00e1 a tu disposici\u00f3n una serie de actividades para que t\u00fa y tus acompa\u00f1antes puedan conocer las dependencias del Campus Miraflores y Campus Isla Teja en Valdivia.<\/div>\n<div dir=\"auto\"><\/div>\n<\/div>\n<div class=\"x11i5rnm xat24cr x1mh8g0r x1vvkbs xtlvy1s x126k92a\">\n<div dir=\"auto\">En la Facultad de Ciencias de la Ingenier\u00eda dispondremos de actividades pr\u00e1cticas por parte de Ingenier\u00eda Civil en Electr\u00f3nica en el gimnasio del Campus Miraflores y laboratorios abiertos de las carreras de Ingenier\u00eda Naval, Ingenier\u00eda Civil Ac\u00fastica, Ingenier\u00eda Civil en Obras Civiles e Ingenier\u00eda Civil Electr\u00f3nica.<\/div>\n<div dir=\"auto\"><\/div>\n<\/div>\n<div class=\"x11i5rnm xat24cr x1mh8g0r x1vvkbs xtlvy1s x126k92a\">\n<div dir=\"auto\">Adem\u00e1s, el 2, 3 y 4 de enero el Centro de Deportes y Recreaci\u00f3n realizar\u00e1 paseos en Kayak que saldr\u00e1n desde el muelle del Campus.<\/div>\n<div dir=\"auto\"><\/div>\n<\/div>\n<div class=\"x11i5rnm xat24cr x1mh8g0r x1vvkbs xtlvy1s x126k92a\">\n<div dir=\"auto\">Paralelo al proceso y estas actividades, se realizar\u00e1 el programa: \u00abTu lugar en la UACh\u00bb que se transmitir\u00e1 v\u00eda streaming por el canal de YouTube Admisi\u00f3n UACh, espacio donde se dar\u00e1 a conocer a trav\u00e9s de la voz de distintos actores la informaci\u00f3n m\u00e1s relevante para el proceso de Admisi\u00f3n 2024.<\/div>\n<div dir=\"auto\"><\/div>\n<\/div>\n<div class=\"x11i5rnm xat24cr x1mh8g0r x1vvkbs xtlvy1s x126k92a\">\n<div dir=\"auto\">\u00a1Te esperamos! \u00a1Vive la UACh&#8230;tu lugar!<\/div>\n<div dir=\"auto\"><a href=\"https:\/\/www.uach.cl\/admision\" target=\"_blank\" rel=\"noopener\"><img decoding=\"async\" class=\"aligncenter size-large wp-image-16313\" src=\"https:\/\/www.acusticauach.cl\/wp-content\/uploads\/2024\/01\/RRSS-PROG.ADMISION-1024x1024.jpg\" alt=\"\" width=\"1024\" height=\"1024\" srcset=\"https:\/\/www.acusticauach.cl\/wp-content\/uploads\/2024\/01\/RRSS-PROG.ADMISION-1024x1024.jpg 1024w, https:\/\/www.acusticauach.cl\/wp-content\/uploads\/2024\/01\/RRSS-PROG.ADMISION-300x300.jpg 300w, https:\/\/www.acusticauach.cl\/wp-content\/uploads\/2024\/01\/RRSS-PROG.ADMISION-150x150.jpg 150w, https:\/\/www.acusticauach.cl\/wp-content\/uploads\/2024\/01\/RRSS-PROG.ADMISION-768x768.jpg 768w, https:\/\/www.acusticauach.cl\/wp-content\/uploads\/2024\/01\/RRSS-PROG.ADMISION-125x125.jpg 125w, https:\/\/www.acusticauach.cl\/wp-content\/uploads\/2024\/01\/RRSS-PROG.ADMISION-75x75.jpg 75w, https:\/\/www.acusticauach.cl\/wp-content\/uploads\/2024\/01\/RRSS-PROG.ADMISION-540x540.jpg 540w, https:\/\/www.acusticauach.cl\/wp-content\/uploads\/2024\/01\/RRSS-PROG.ADMISION.jpg 1080w\" sizes=\"(max-width: 1024px) 100vw, 1024px\" \/><\/a><\/div>\n<\/div>\n","protected":false},"excerpt":{"rendered":"<p>Se llevar\u00e1 a cabo en las ciudades de Valdivia, Osorno, Puerto Montt, Ancud y Santiago. Escrito por\u00a0Jos\u00e9 Luis G\u00f3mez\/ Periodista Direcci\u00f3n De Comunicaciones UACh La modalidad ser\u00e1 presencial con atenci\u00f3n reforzada a trav\u00e9s de plataformas digitales. Desde el mismo d\u00eda en que se conocer\u00e1n los resultados de la Prueba de Acceso a la Educaci\u00f3n Superior [&hellip;]<\/p>\n","protected":false},"author":2,"featured_media":16311,"comment_status":"closed","ping_status":"closed","sticky":false,"template":"","format":"standard","meta":{"footnotes":""},"categories":[906],"tags":[1089,851,37,1084,1092,915,768,1093],"class_list":["post-16309","post","type-post","status-publish","format-standard","has-post-thumbnail","hentry","category-pregrado","tag-1089","tag-admision","tag-estudiantes","tag-ingresos-especiales","tag-paes","tag-portada","tag-postulaciones","tag-prueba"],"_links":{"self":[{"href":"https:\/\/www.acusticauach.cl\/index.php?rest_route=\/wp\/v2\/posts\/16309","targetHints":{"allow":["GET"]}}],"collection":[{"href":"https:\/\/www.acusticauach.cl\/index.php?rest_route=\/wp\/v2\/posts"}],"about":[{"href":"https:\/\/www.acusticauach.cl\/index.php?rest_route=\/wp\/v2\/types\/post"}],"author":[{"embeddable":true,"href":"https:\/\/www.acusticauach.cl\/index.php?rest_route=\/wp\/v2\/users\/2"}],"replies":[{"embeddable":true,"href":"https:\/\/www.acusticauach.cl\/index.php?rest_route=%2Fwp%2Fv2%2Fcomments&post=16309"}],"version-history":[{"count":0,"href":"https:\/\/www.acusticauach.cl\/index.php?rest_route=\/wp\/v2\/posts\/16309\/revisions"}],"wp:featuredmedia":[{"embeddable":true,"href":"https:\/\/www.acusticauach.cl\/index.php?rest_route=\/wp\/v2\/media\/16311"}],"wp:attachment":[{"href":"https:\/\/www.acusticauach.cl\/index.php?rest_route=%2Fwp%2Fv2%2Fmedia&parent=16309"}],"wp:term":[{"taxonomy":"category","embeddable":true,"href":"https:\/\/www.acusticauach.cl\/index.php?rest_route=%2Fwp%2Fv2%2Fcategories&post=16309"},{"taxonomy":"post_tag","embeddable":true,"href":"https:\/\/www.acusticauach.cl\/index.php?rest_route=%2Fwp%2Fv2%2Ftags&post=16309"}],"curies":[{"name":"wp","href":"https:\/\/api.w.org\/{rel}","templated":true}]}}