{"id":16269,"date":"2023-12-01T15:32:11","date_gmt":"2023-12-01T18:32:11","guid":{"rendered":"https:\/\/www.acusticauach.cl\/?p=16269"},"modified":"2023-12-01T15:32:11","modified_gmt":"2023-12-01T18:32:11","slug":"estudiantes-de-acusticauach-premiados-en-concurso-fotografico-somos-ingenieria-uach","status":"publish","type":"post","link":"https:\/\/www.acusticauach.cl\/?p=16269","title":{"rendered":"Estudiantes de AcusticaUAch premiados en concurso fotogr\u00e1fico Somos Ingenier\u00eda UACh"},"content":{"rendered":"<h3><strong>La Facultad de Ciencias de la Ingenier\u00eda premi\u00f3 a los y las estudiantes de pre y postgrado que obtuvieron los primeros lugares y las menciones honrosas del concurso fotogr\u00e1fico Somos Ingenier\u00eda UACh.<\/strong><\/h3>\n<p><em>Escrito por Prensa FCI<\/em><\/p>\n<p>El concurso tuvo como finalidad invitar a la comunidad estudiantil a mostrar y promover mediante im\u00e1genes la vida universitaria y acad\u00e9mica que se vive en el Campus Miraflores de la UACh en Valdivia.<\/p>\n<p>En total se presentaron al concurso 22 fotograf\u00edas que compitieron en las categor\u00edas Vida Universitaria en el Campus Miraflores y Actividades acad\u00e9micas.<\/p>\n<p>En la categor\u00eda Vida Universitaria en el Campus Miraflores las dos fotograf\u00edas seleccionadas en primer lugar corresponden a P\u00eda Burgos estudiante de Ingenier\u00eda Naval y Maximiliano Medina de Ingenier\u00eda Civil en Inform\u00e1tica. <strong>Mientras que Jairo Gallardo de Ingenier\u00eda Civil Ac\u00fastica recibi\u00f3 la menci\u00f3n honrosa.<\/strong><\/p>\n<p><img decoding=\"async\" class=\"aligncenter size-full wp-image-16271\" src=\"https:\/\/www.acusticauach.cl\/wp-content\/uploads\/2023\/12\/concurso_fotografia_01.jpg\" alt=\"\" width=\"900\" height=\"506\" srcset=\"https:\/\/www.acusticauach.cl\/wp-content\/uploads\/2023\/12\/concurso_fotografia_01.jpg 900w, https:\/\/www.acusticauach.cl\/wp-content\/uploads\/2023\/12\/concurso_fotografia_01-300x169.jpg 300w, https:\/\/www.acusticauach.cl\/wp-content\/uploads\/2023\/12\/concurso_fotografia_01-768x432.jpg 768w, https:\/\/www.acusticauach.cl\/wp-content\/uploads\/2023\/12\/concurso_fotografia_01-125x70.jpg 125w, https:\/\/www.acusticauach.cl\/wp-content\/uploads\/2023\/12\/concurso_fotografia_01-75x42.jpg 75w\" sizes=\"(max-width: 900px) 100vw, 900px\" \/><\/p>\n<p>En tanto, en la categor\u00eda Actividades Acad\u00e9micas, el ganador fue<strong> Esa\u00fa Medina, estudiante del Mag\u00edster en Ac\u00fastica y Vibraciones y la menci\u00f3n honrosa la recibi\u00f3 Beatriz Benavides alumna de Ingenier\u00eda Civil Ac\u00fastica.<\/strong><\/p>\n<p>El Decano de la Facultad de Ciencias de la Ingenier\u00eda Dr. Enrique Su\u00e1rez valor\u00f3 la participaci\u00f3n de las y los estudiantes. \u201cNuestra idea era precisamente motivarlos a mostrar la facultad y el entorno en que estudian. Es importante reconocer que nuestro campus est\u00e1 en un espacio natural privilegiado, que permite hacer una vida universitaria m\u00e1s grata y que el contacto directo con la naturaleza ayuda a tener momentos de recreaci\u00f3n, creatividad y reflexi\u00f3n\u201d.<\/p>\n<p>La entrega de los premios a los ganadores se realiz\u00f3 con presencia de los directores de las escuelas de Ingenier\u00eda Naval Jos\u00e9 Miguel Ahumada y de Ingenier\u00eda Civil en Inform\u00e1tica Tania Letelier.<\/p>\n<p><img decoding=\"async\" class=\"aligncenter size-full wp-image-16272\" src=\"https:\/\/www.acusticauach.cl\/wp-content\/uploads\/2023\/12\/Inmersion-Sonora-y-Realidad-Virtual-scaled.jpg\" alt=\"\" width=\"2560\" height=\"1706\" srcset=\"https:\/\/www.acusticauach.cl\/wp-content\/uploads\/2023\/12\/Inmersion-Sonora-y-Realidad-Virtual-scaled.jpg 2560w, https:\/\/www.acusticauach.cl\/wp-content\/uploads\/2023\/12\/Inmersion-Sonora-y-Realidad-Virtual-300x200.jpg 300w, https:\/\/www.acusticauach.cl\/wp-content\/uploads\/2023\/12\/Inmersion-Sonora-y-Realidad-Virtual-1024x683.jpg 1024w, https:\/\/www.acusticauach.cl\/wp-content\/uploads\/2023\/12\/Inmersion-Sonora-y-Realidad-Virtual-768x512.jpg 768w, https:\/\/www.acusticauach.cl\/wp-content\/uploads\/2023\/12\/Inmersion-Sonora-y-Realidad-Virtual-125x83.jpg 125w, https:\/\/www.acusticauach.cl\/wp-content\/uploads\/2023\/12\/Inmersion-Sonora-y-Realidad-Virtual-75x50.jpg 75w, https:\/\/www.acusticauach.cl\/wp-content\/uploads\/2023\/12\/Inmersion-Sonora-y-Realidad-Virtual-1536x1024.jpg 1536w, https:\/\/www.acusticauach.cl\/wp-content\/uploads\/2023\/12\/Inmersion-Sonora-y-Realidad-Virtual-2048x1365.jpg 2048w\" sizes=\"(max-width: 2560px) 100vw, 2560px\" \/><\/p>\n<p>Cabe destacar que el concurso cont\u00f3 con un jurado compuesto por miembros internos y externos a la Universidad Austral de Chile. Dentro de los jurados externos se encuentran los fot\u00f3grafos profesionales Patricio Baeza y Alejandro Sotomayor. En tanto, a nivel interno el jurado estuvo compuesto por Alejandra Rodr\u00edguez, directora de Comunicaciones UACh y Alejandro Jaramillo, dise\u00f1ador gr\u00e1fico de la Facultad de Ciencias de la Ingenier\u00eda.<\/p>\n","protected":false},"excerpt":{"rendered":"<p>La Facultad de Ciencias de la Ingenier\u00eda premi\u00f3 a los y las estudiantes de pre y postgrado que obtuvieron los primeros lugares y las menciones honrosas del concurso fotogr\u00e1fico Somos Ingenier\u00eda UACh. Escrito por Prensa FCI El concurso tuvo como finalidad invitar a la comunidad estudiantil a mostrar y promover mediante im\u00e1genes la vida universitaria [&hellip;]<\/p>\n","protected":false},"author":2,"featured_media":16270,"comment_status":"closed","ping_status":"closed","sticky":false,"template":"","format":"standard","meta":{"footnotes":""},"categories":[906,907],"tags":[448,94,608,219,153,915,217],"class_list":["post-16269","post","type-post","status-publish","format-standard","has-post-thumbnail","hentry","category-pregrado","category-postgrado","tag-campus","tag-concurso","tag-estudiante","tag-fotografia","tag-magister","tag-portada","tag-universidad"],"_links":{"self":[{"href":"https:\/\/www.acusticauach.cl\/index.php?rest_route=\/wp\/v2\/posts\/16269","targetHints":{"allow":["GET"]}}],"collection":[{"href":"https:\/\/www.acusticauach.cl\/index.php?rest_route=\/wp\/v2\/posts"}],"about":[{"href":"https:\/\/www.acusticauach.cl\/index.php?rest_route=\/wp\/v2\/types\/post"}],"author":[{"embeddable":true,"href":"https:\/\/www.acusticauach.cl\/index.php?rest_route=\/wp\/v2\/users\/2"}],"replies":[{"embeddable":true,"href":"https:\/\/www.acusticauach.cl\/index.php?rest_route=%2Fwp%2Fv2%2Fcomments&post=16269"}],"version-history":[{"count":0,"href":"https:\/\/www.acusticauach.cl\/index.php?rest_route=\/wp\/v2\/posts\/16269\/revisions"}],"wp:featuredmedia":[{"embeddable":true,"href":"https:\/\/www.acusticauach.cl\/index.php?rest_route=\/wp\/v2\/media\/16270"}],"wp:attachment":[{"href":"https:\/\/www.acusticauach.cl\/index.php?rest_route=%2Fwp%2Fv2%2Fmedia&parent=16269"}],"wp:term":[{"taxonomy":"category","embeddable":true,"href":"https:\/\/www.acusticauach.cl\/index.php?rest_route=%2Fwp%2Fv2%2Fcategories&post=16269"},{"taxonomy":"post_tag","embeddable":true,"href":"https:\/\/www.acusticauach.cl\/index.php?rest_route=%2Fwp%2Fv2%2Ftags&post=16269"}],"curies":[{"name":"wp","href":"https:\/\/api.w.org\/{rel}","templated":true}]}}