{"id":16094,"date":"2023-08-10T19:11:43","date_gmt":"2023-08-10T23:11:43","guid":{"rendered":"https:\/\/www.acusticauach.cl\/?p=16094"},"modified":"2023-10-29T19:16:06","modified_gmt":"2023-10-29T22:16:06","slug":"investigacion-en-acustica-ambiental-2-2-3-2-2-3","status":"publish","type":"post","link":"https:\/\/www.acusticauach.cl\/?p=16094","title":{"rendered":"FONDEF ID20I10333 FuSA: Sistema inteligente de detecci\u00f3n de Fuentes Sonoras Ambientales"},"content":{"rendered":"\r\n<p><a href=\"https:\/\/www.acusticauach.cl\/fusa\/\" target=\"_blank\" rel=\"noopener\">https:\/\/www.acusticauach.cl\/fusa\/<\/a> Resumen de la Jornada de cierre del proyecto FONDEF ID20I10333 \u201cSistema integrado de an\u00e1lisis de fuentes sonoras ambientales: Sistema FuSA\u201d, ejecutado por acad\u00e9micos de los institutos de Ac\u00fastica e Inform\u00e1tica de la Facultad de Ciencias de la Ingenier\u00eda de la Universidad Austral de Chile. La actividad se llev\u00f3 a cabo en el Espacio 14K de Facultad de Ciencias de la Ingenier\u00eda UACh el viernes 30 de junio de 2023 a las 16:00 hrs. y fue transmitida por el Canal de Youtube de @acusticauach (https:\/\/youtu.be\/Cektpgk5bnY)<\/p>\r\n<p>La iniciativa se basa en el uso de inteligencia artificial para detectar y clasificar fuentes sonoras ambientales y se ejecut\u00f3 en colaboraci\u00f3n con el Ministerio de Medio Ambiente y las empresas CAPTA, VitGlobal, Control Ac\u00fastico y Ac\u00fastica Marina.<\/p>\r\n\r\n\r\n","protected":false},"excerpt":{"rendered":"<p>https:\/\/www.acusticauach.cl\/fusa\/ Resumen de la Jornada de cierre del proyecto FONDEF ID20I10333 \u201cSistema integrado de an\u00e1lisis de fuentes sonoras ambientales: Sistema FuSA\u201d, ejecutado por acad\u00e9micos de los institutos de Ac\u00fastica e Inform\u00e1tica de la Facultad de Ciencias de la Ingenier\u00eda de la Universidad Austral de Chile. La actividad se llev\u00f3 a cabo en el Espacio 14K [&hellip;]<\/p>\n","protected":false},"author":2,"featured_media":16095,"comment_status":"closed","ping_status":"closed","sticky":false,"template":"","format":"video","meta":{"footnotes":""},"categories":[908,984,929],"tags":[89,608,37,829,1056,707,982,25,73],"class_list":["post-16094","post","type-post","status-publish","format-video","has-post-thumbnail","hentry","category-investigacion","category-labacam","category-videos","tag-entrevista","tag-estudiante","tag-estudiantes","tag-fondef","tag-fusa","tag-ingenieria-acustica","tag-labacam","tag-sonido","tag-suarez","post_format-post-format-video"],"_links":{"self":[{"href":"https:\/\/www.acusticauach.cl\/index.php?rest_route=\/wp\/v2\/posts\/16094","targetHints":{"allow":["GET"]}}],"collection":[{"href":"https:\/\/www.acusticauach.cl\/index.php?rest_route=\/wp\/v2\/posts"}],"about":[{"href":"https:\/\/www.acusticauach.cl\/index.php?rest_route=\/wp\/v2\/types\/post"}],"author":[{"embeddable":true,"href":"https:\/\/www.acusticauach.cl\/index.php?rest_route=\/wp\/v2\/users\/2"}],"replies":[{"embeddable":true,"href":"https:\/\/www.acusticauach.cl\/index.php?rest_route=%2Fwp%2Fv2%2Fcomments&post=16094"}],"version-history":[{"count":0,"href":"https:\/\/www.acusticauach.cl\/index.php?rest_route=\/wp\/v2\/posts\/16094\/revisions"}],"wp:featuredmedia":[{"embeddable":true,"href":"https:\/\/www.acusticauach.cl\/index.php?rest_route=\/wp\/v2\/media\/16095"}],"wp:attachment":[{"href":"https:\/\/www.acusticauach.cl\/index.php?rest_route=%2Fwp%2Fv2%2Fmedia&parent=16094"}],"wp:term":[{"taxonomy":"category","embeddable":true,"href":"https:\/\/www.acusticauach.cl\/index.php?rest_route=%2Fwp%2Fv2%2Fcategories&post=16094"},{"taxonomy":"post_tag","embeddable":true,"href":"https:\/\/www.acusticauach.cl\/index.php?rest_route=%2Fwp%2Fv2%2Ftags&post=16094"}],"curies":[{"name":"wp","href":"https:\/\/api.w.org\/{rel}","templated":true}]}}