{"id":16091,"date":"2023-10-02T18:45:23","date_gmt":"2023-10-02T21:45:23","guid":{"rendered":"https:\/\/www.acusticauach.cl\/?p=16091"},"modified":"2023-10-29T18:48:45","modified_gmt":"2023-10-29T21:48:45","slug":"grabaciones-paisaje-sonoro-rodrigo-torres-proyecto-soundlapse-3-2","status":"publish","type":"post","link":"https:\/\/www.acusticauach.cl\/?p=16091","title":{"rendered":"Vinculaci\u00f3n con el Sector Socioproductivo Facultad de Ciencias de la Ingenier\u00eda UACh 2023"},"content":{"rendered":"\r\n<p>La Vinculaci\u00f3n con el sector socioproductivo es fundamental para cualquier Universidad, sobre todo para la Universidad Austral, que se declara una Universidad completa y compleja y de sobremanera para la Facultad de Ciencias de la Ingenier\u00eda, dado su quehacer orientado a resolver problemas del mundo civil, por lo tanto esta no puede estar aislada del mundo p\u00fablico privado.<\/p>\r\n<p>La Oficina de Vinculaci\u00f3n Socio Productiva de la FCI, constituye la primera puerta de acceso que vincula al medio socio-productivo en el quehacer de la Facultad.<\/p>\r\n<p>Su principal funci\u00f3n es promover, articular y difundir iniciativas de investigaci\u00f3n y desarrollo aplicada, innovaci\u00f3n y transferencia tecnol\u00f3gica, entre la Facultad de Ciencias de la Ingenier\u00eda y actores del sector socio-productivo, mediante la difusi\u00f3n y la generaci\u00f3n de espacios de encuentro e interacci\u00f3n\u201d.<\/p>\r\n<p><a href=\"http:\/\/www.ingenieria.uach.cl\/vinculacion\/vinculacion-sector-productivo.html\" target=\"_blank\" rel=\"noopener\">http:\/\/www.ingenieria.uach.cl\/vinculacion\/vinculacion-sector-productivo.html<\/a><\/p>\r\n","protected":false},"excerpt":{"rendered":"<p>La Vinculaci\u00f3n con el sector socioproductivo es fundamental para cualquier Universidad, sobre todo para la Universidad Austral, que se declara una Universidad completa y compleja y de sobremanera para la Facultad de Ciencias de la Ingenier\u00eda, dado su quehacer orientado a resolver problemas del mundo civil, por lo tanto esta no puede estar aislada del [&hellip;]<\/p>\n","protected":false},"author":2,"featured_media":16092,"comment_status":"closed","ping_status":"closed","sticky":false,"template":"","format":"video","meta":{"footnotes":""},"categories":[929,909],"tags":[274,181,297,1088,580,88,321,395],"class_list":["post-16091","post","type-post","status-publish","format-video","has-post-thumbnail","hentry","category-videos","category-vinculacion","tag-acusticauach","tag-convenio","tag-empresas","tag-industria","tag-laboratorio","tag-video","tag-vinculacion","tag-vinculacion-con-el-medio","post_format-post-format-video"],"_links":{"self":[{"href":"https:\/\/www.acusticauach.cl\/index.php?rest_route=\/wp\/v2\/posts\/16091","targetHints":{"allow":["GET"]}}],"collection":[{"href":"https:\/\/www.acusticauach.cl\/index.php?rest_route=\/wp\/v2\/posts"}],"about":[{"href":"https:\/\/www.acusticauach.cl\/index.php?rest_route=\/wp\/v2\/types\/post"}],"author":[{"embeddable":true,"href":"https:\/\/www.acusticauach.cl\/index.php?rest_route=\/wp\/v2\/users\/2"}],"replies":[{"embeddable":true,"href":"https:\/\/www.acusticauach.cl\/index.php?rest_route=%2Fwp%2Fv2%2Fcomments&post=16091"}],"version-history":[{"count":0,"href":"https:\/\/www.acusticauach.cl\/index.php?rest_route=\/wp\/v2\/posts\/16091\/revisions"}],"wp:featuredmedia":[{"embeddable":true,"href":"https:\/\/www.acusticauach.cl\/index.php?rest_route=\/wp\/v2\/media\/16092"}],"wp:attachment":[{"href":"https:\/\/www.acusticauach.cl\/index.php?rest_route=%2Fwp%2Fv2%2Fmedia&parent=16091"}],"wp:term":[{"taxonomy":"category","embeddable":true,"href":"https:\/\/www.acusticauach.cl\/index.php?rest_route=%2Fwp%2Fv2%2Fcategories&post=16091"},{"taxonomy":"post_tag","embeddable":true,"href":"https:\/\/www.acusticauach.cl\/index.php?rest_route=%2Fwp%2Fv2%2Ftags&post=16091"}],"curies":[{"name":"wp","href":"https:\/\/api.w.org\/{rel}","templated":true}]}}