{"id":16085,"date":"2023-08-29T13:51:47","date_gmt":"2023-08-29T17:51:47","guid":{"rendered":"https:\/\/www.acusticauach.cl\/?p=16085"},"modified":"2023-10-29T13:51:57","modified_gmt":"2023-10-29T16:51:57","slug":"investigacion-en-acustica-ambiental-2-2-3-2-2","status":"publish","type":"post","link":"https:\/\/www.acusticauach.cl\/?p=16085","title":{"rendered":"Conoce Ingenier\u00eda Civil Ac\u00fastica"},"content":{"rendered":"\r\n<p>[ C\u00e1psulas M\u00e1s Lejos], Te invitamos a conocer m\u00e1s sobre Ingenier\u00eda Civil Ac\u00fastica a trav\u00e9s del testimonio de Kamila Gamboa, estudiante de tercer a\u00f1o de la carrera.<\/p>\r\n<p>Kamila comenta que Ingenier\u00eda Civil Ac\u00fastica es una carrera especial y \u00fanica, que involucra muchas \u00e1reas de su desarrollo y ofrece un amplio campo laboral al egresar. En la carrera se unen la m\u00fasica, tecnolog\u00eda, matem\u00e1ticas y f\u00edsica. Esto permite entender el sonido en todas sus dimensiones.<\/p>\r\n<p>Destaca que a lo largo de la carrera se tienen clases te\u00f3ricas y pr\u00e1cticas, proyectos y laboratorios, gran variedad de experiencias en torno al sonido, que incluyen proyectos de mediciones ac\u00fasticas, proyectos de ruido ambiental e industrial, ac\u00fastica arquitect\u00f3nica, proyectos audiovisuales en estudios de grabaci\u00f3n y sonorizaci\u00f3n de grandes espect\u00e1culos.<\/p>\r\n<p>Con m\u00e1s de 50 a\u00f1os de trayectoria historia, te invitamos a llegar m\u00e1s lejos y estudiar ac\u00fastica en Valdivia, porque Ingenier\u00eda Civil Ac\u00fastica \u00a1Se estudia en la UACh!<\/p>\r\n\r\n\r\n","protected":false},"excerpt":{"rendered":"<p>[ C\u00e1psulas M\u00e1s Lejos], Te invitamos a conocer m\u00e1s sobre Ingenier\u00eda Civil Ac\u00fastica a trav\u00e9s del testimonio de Kamila Gamboa, estudiante de tercer a\u00f1o de la carrera. Kamila comenta que Ingenier\u00eda Civil Ac\u00fastica es una carrera especial y \u00fanica, que involucra muchas \u00e1reas de su desarrollo y ofrece un amplio campo laboral al egresar. En [&hellip;]<\/p>\n","protected":false},"author":2,"featured_media":16086,"comment_status":"closed","ping_status":"closed","sticky":false,"template":"","format":"video","meta":{"footnotes":""},"categories":[906,929],"tags":[89,608,37,707,533,25],"class_list":["post-16085","post","type-post","status-publish","format-video","has-post-thumbnail","hentry","category-pregrado","category-videos","tag-entrevista","tag-estudiante","tag-estudiantes","tag-ingenieria-acustica","tag-ingenieria-civil-acustica","tag-sonido","post_format-post-format-video"],"_links":{"self":[{"href":"https:\/\/www.acusticauach.cl\/index.php?rest_route=\/wp\/v2\/posts\/16085","targetHints":{"allow":["GET"]}}],"collection":[{"href":"https:\/\/www.acusticauach.cl\/index.php?rest_route=\/wp\/v2\/posts"}],"about":[{"href":"https:\/\/www.acusticauach.cl\/index.php?rest_route=\/wp\/v2\/types\/post"}],"author":[{"embeddable":true,"href":"https:\/\/www.acusticauach.cl\/index.php?rest_route=\/wp\/v2\/users\/2"}],"replies":[{"embeddable":true,"href":"https:\/\/www.acusticauach.cl\/index.php?rest_route=%2Fwp%2Fv2%2Fcomments&post=16085"}],"version-history":[{"count":0,"href":"https:\/\/www.acusticauach.cl\/index.php?rest_route=\/wp\/v2\/posts\/16085\/revisions"}],"wp:featuredmedia":[{"embeddable":true,"href":"https:\/\/www.acusticauach.cl\/index.php?rest_route=\/wp\/v2\/media\/16086"}],"wp:attachment":[{"href":"https:\/\/www.acusticauach.cl\/index.php?rest_route=%2Fwp%2Fv2%2Fmedia&parent=16085"}],"wp:term":[{"taxonomy":"category","embeddable":true,"href":"https:\/\/www.acusticauach.cl\/index.php?rest_route=%2Fwp%2Fv2%2Fcategories&post=16085"},{"taxonomy":"post_tag","embeddable":true,"href":"https:\/\/www.acusticauach.cl\/index.php?rest_route=%2Fwp%2Fv2%2Ftags&post=16085"}],"curies":[{"name":"wp","href":"https:\/\/api.w.org\/{rel}","templated":true}]}}