{"id":15891,"date":"2023-09-21T14:23:54","date_gmt":"2023-09-21T17:23:54","guid":{"rendered":"https:\/\/www.acusticauach.cl\/?p=15891"},"modified":"2023-10-05T19:58:18","modified_gmt":"2023-10-05T22:58:18","slug":"investigacion-de-ingenieria-busca-desarrollar-tecnologia-que-permita-la-caracterizacion-vibroacustica-de-tejidos-3-3","status":"publish","type":"post","link":"https:\/\/www.acusticauach.cl\/?p=15891","title":{"rendered":"Ensayo presencial de PAES el 30 de septiembre"},"content":{"rendered":"\r\n<div class=\"header-standard header-classic single-header\">\r\n<h3 class=\"wp-block-heading\"><strong>En esta oportunidad el ensayo se realizar\u00e1 en alianza con el Preuniversitario Pedro de Valdivia.\u00a0En paralelo habr\u00e1 stands con informaci\u00f3n acerca de la UACh, sus carreras y las posibilidades que ofrece, adem\u00e1s de charlas sobre admisi\u00f3n, ingresos especiales y beneficios, dirigidas a padres, madres y apoderados(as) que acompa\u00f1en a sus hijos(as).<\/strong><\/h3>\r\n<div class=\"post-box-meta-single\"><em><span class=\"author-post\">Escrito por\u00a0<a class=\"author-url\">Prensa DIRCOM<\/a>\u00a0<\/span>08\/09\/2023<\/em><\/div>\r\n<\/div>\r\n<div class=\"post-image\">\u00a0<\/div>\r\n<div class=\"post-entry blockquote-style-2\">\r\n<div class=\"inner-post-entry\">\r\n<p><strong><em>Inscripciones\u00a0<a href=\"https:\/\/forms.office.com\/Pages\/ResponsePage.aspx?id=zxGbB6G8Y0SGwilo8oThnnvJ0Q4ORLxFvgdyYfcjf8FUQ01NTTE5WU81UlNTQUZLT1hHQTIzV0FERS4u\">en este enlace<\/a>.<\/em><\/strong><\/p>\r\n<p>Un nuevo ensayo masivo de preparaci\u00f3n para la Prueba de Acceso a la Educaci\u00f3n Superior (PAES) est\u00e1 organizando la Universidad Austral de Chile, en conjunto con el Preuniversitario Pedro de Valdivia, para el s\u00e1bado 30 de septiembre a contar de las 8.15 hrs.<\/p>\r\n<p><a href=\"https:\/\/forms.office.com\/Pages\/ResponsePage.aspx?id=zxGbB6G8Y0SGwilo8oThnnvJ0Q4ORLxFvgdyYfcjf8FUQ01NTTE5WU81UlNTQUZLT1hHQTIzV0FERS4u\"><img decoding=\"async\" class=\"aligncenter size-full wp-image-15893\" src=\"https:\/\/www.acusticauach.cl\/wp-content\/uploads\/2023\/09\/RS-E.PAES-30.09-2.jpg\" alt=\"\" width=\"1080\" height=\"1080\" srcset=\"https:\/\/www.acusticauach.cl\/wp-content\/uploads\/2023\/09\/RS-E.PAES-30.09-2.jpg 1080w, https:\/\/www.acusticauach.cl\/wp-content\/uploads\/2023\/09\/RS-E.PAES-30.09-2-300x300.jpg 300w, https:\/\/www.acusticauach.cl\/wp-content\/uploads\/2023\/09\/RS-E.PAES-30.09-2-1024x1024.jpg 1024w, https:\/\/www.acusticauach.cl\/wp-content\/uploads\/2023\/09\/RS-E.PAES-30.09-2-150x150.jpg 150w, https:\/\/www.acusticauach.cl\/wp-content\/uploads\/2023\/09\/RS-E.PAES-30.09-2-768x768.jpg 768w, https:\/\/www.acusticauach.cl\/wp-content\/uploads\/2023\/09\/RS-E.PAES-30.09-2-125x125.jpg 125w, https:\/\/www.acusticauach.cl\/wp-content\/uploads\/2023\/09\/RS-E.PAES-30.09-2-75x75.jpg 75w, https:\/\/www.acusticauach.cl\/wp-content\/uploads\/2023\/09\/RS-E.PAES-30.09-2-540x540.jpg 540w\" sizes=\"(max-width: 1080px) 100vw, 1080px\" \/><\/a><\/p>\r\n<p>En esta oportunidad, el ensayo se llevar\u00e1 a cabo en Edificio 6.000 de la Facultad de Ciencias de la Ingenier\u00eda, ubicado en el Campus Miraflores, y quienes se inscriban a trav\u00e9s de este enlace podr\u00e1n rendir las pruebas de Comprensi\u00f3n Lectora y de Competencia Matem\u00e1tica I, ambas de car\u00e1cter obligatorio.<\/p>\r\n<p>El ensayo es una manera de aproximarse de la forma m\u00e1s real posible a la rendici\u00f3n de la PAES, ya que los lugares, tiempos, indicaciones y formalismo le dan seriedad y confianza al estudiante. Adem\u00e1s de estudiantes de 4\u00b0 medio, podr\u00e1n inscribirse j\u00f3venes de 3\u00b0 medio, as\u00ed como quienes ya hayan culminado la educaci\u00f3n secundaria.<\/p>\r\n<p>En paralelo al ensayo de la prueba, distintos equipos estar\u00e1n desplegados en una muestra de las distintas carreras que imparte la UACh, sus facultades y otras unidades que prestan importantes servicios a quienes deciden estudiar en la Universidad Austral de Chile.<\/p>\r\n<p>Junto con ello, y pensando especialmente en padres, madres y\/o apoderados(as) que acompa\u00f1an a sus hijos(as), se ofrecer\u00e1n distintas charlas informativas relativas al proceso de admisi\u00f3n a la educaci\u00f3n superior, Ingresos Especiales a la UACh (21 opciones alternativas al ingreso regular v\u00eda PAES) y beneficios.<\/p>\r\n<p>La Directora de Estudios de Pregrado de la UACh, Dra. Karin J\u00fcrgens, en entrevista efectuada el mi\u00e9rcoles 6, invit\u00f3 a las y los j\u00f3venes de toda la Regi\u00f3n de Los R\u00edos a ser parte de este ensayo y conocer las distintas carreras, beneficios, servicios y unidades que la Universidad tiene para sus estudiantes.<\/p>\r\n<p>\u201cLes invitamos a participar de este ensayo y as\u00ed vivir una experiencia enriquecedora y cercana a cuando rindan la PAES en el mes de noviembre, adem\u00e1s de brindarles informaci\u00f3n y resolver dudas del Proceso de Admisi\u00f3n 2024, y de todo lo que la Universidad Austral de Chile les ofrece para formarse como profesionales de excelencia, conociendo el Campus Miraflores, recorriendo stands informativos de las carreras y facultades, beneficios y vida universitaria, no solo a las y los futuros postulantes, sino tambi\u00e9n a sus padres y apoderados que son un apoyo fundamental en esta etapa\u201d.<\/p>\r\n<p><a href=\"https:\/\/forms.office.com\/Pages\/ResponsePage.aspx?id=zxGbB6G8Y0SGwilo8oThnnvJ0Q4ORLxFvgdyYfcjf8FUQ01NTTE5WU81UlNTQUZLT1hHQTIzV0FERS4u\"><img decoding=\"async\" class=\"aligncenter size-full wp-image-15894\" src=\"https:\/\/www.acusticauach.cl\/wp-content\/uploads\/2023\/09\/3_RS-E.PAES-30.jpg\" alt=\"\" width=\"1080\" height=\"1080\" srcset=\"https:\/\/www.acusticauach.cl\/wp-content\/uploads\/2023\/09\/3_RS-E.PAES-30.jpg 1080w, https:\/\/www.acusticauach.cl\/wp-content\/uploads\/2023\/09\/3_RS-E.PAES-30-300x300.jpg 300w, https:\/\/www.acusticauach.cl\/wp-content\/uploads\/2023\/09\/3_RS-E.PAES-30-1024x1024.jpg 1024w, https:\/\/www.acusticauach.cl\/wp-content\/uploads\/2023\/09\/3_RS-E.PAES-30-150x150.jpg 150w, https:\/\/www.acusticauach.cl\/wp-content\/uploads\/2023\/09\/3_RS-E.PAES-30-768x768.jpg 768w, https:\/\/www.acusticauach.cl\/wp-content\/uploads\/2023\/09\/3_RS-E.PAES-30-125x125.jpg 125w, https:\/\/www.acusticauach.cl\/wp-content\/uploads\/2023\/09\/3_RS-E.PAES-30-75x75.jpg 75w, https:\/\/www.acusticauach.cl\/wp-content\/uploads\/2023\/09\/3_RS-E.PAES-30-540x540.jpg 540w\" sizes=\"(max-width: 1080px) 100vw, 1080px\" \/><\/a><\/p>\r\n<p>Cabe destacar que esta actividad se enmarca en la intensa agenda que lleva a cabo la Universidad Austral de Chile con motivo del Proceso de Admisi\u00f3n a la Educaci\u00f3n Superior 2024, difundiendo la oferta acad\u00e9mica de la instituci\u00f3n en todo el sur del pa\u00eds y otras ciudades. El ensayo PAES en alianza con Preuniversitario Pedro de Valdivia es organizado por la Direcci\u00f3n de Comunicaciones de la UACh, por medio de su \u00c1rea de Difusi\u00f3n de Carreras.<\/p>\r\n<h2>Programa<\/h2>\r\n<ul>\r\n<li>8.15 hrs.: Llegada de estudiantes inscritos y reconocimiento de sala<\/li>\r\n<li>8.30 \u2013 10.50 hrs.: PAES Comprensi\u00f3n Lectora<\/li>\r\n<li>11.05 \u2013 13.35 hrs: PAES Competencia Matem\u00e1tica I<\/li>\r\n<li>11.30 hrs.: Charla \u00abProceso de Admisi\u00f3n e Ingresos Especiales\u00bb (Dir. de Estudios de Pregrado)<\/li>\r\n<li>12.30 hrs.: Charla \u00abBecas y beneficios MINEDUC\u00bb (DAE, Depto. de Bienestar Estudiantil)<\/li>\r\n<\/ul>\r\n<\/div>\r\n<\/div>\r\n","protected":false},"excerpt":{"rendered":"<p>En esta oportunidad el ensayo se realizar\u00e1 en alianza con el Preuniversitario Pedro de Valdivia.\u00a0En paralelo habr\u00e1 stands con informaci\u00f3n acerca de la UACh, sus carreras y las posibilidades que ofrece, adem\u00e1s de charlas sobre admisi\u00f3n, ingresos especiales y beneficios, dirigidas a padres, madres y apoderados(as) que acompa\u00f1en a sus hijos(as). Escrito por\u00a0Prensa DIRCOM\u00a008\/09\/2023 \u00a0 [&hellip;]<\/p>\n","protected":false},"author":2,"featured_media":15892,"comment_status":"closed","ping_status":"closed","sticky":false,"template":"","format":"standard","meta":{"footnotes":""},"categories":[906],"tags":[851,37,707,1039,1084,915],"class_list":["post-15891","post","type-post","status-publish","format-standard","has-post-thumbnail","hentry","category-pregrado","tag-admision","tag-estudiantes","tag-ingenieria-acustica","tag-ingresos","tag-ingresos-especiales","tag-portada"],"_links":{"self":[{"href":"https:\/\/www.acusticauach.cl\/index.php?rest_route=\/wp\/v2\/posts\/15891","targetHints":{"allow":["GET"]}}],"collection":[{"href":"https:\/\/www.acusticauach.cl\/index.php?rest_route=\/wp\/v2\/posts"}],"about":[{"href":"https:\/\/www.acusticauach.cl\/index.php?rest_route=\/wp\/v2\/types\/post"}],"author":[{"embeddable":true,"href":"https:\/\/www.acusticauach.cl\/index.php?rest_route=\/wp\/v2\/users\/2"}],"replies":[{"embeddable":true,"href":"https:\/\/www.acusticauach.cl\/index.php?rest_route=%2Fwp%2Fv2%2Fcomments&post=15891"}],"version-history":[{"count":0,"href":"https:\/\/www.acusticauach.cl\/index.php?rest_route=\/wp\/v2\/posts\/15891\/revisions"}],"wp:featuredmedia":[{"embeddable":true,"href":"https:\/\/www.acusticauach.cl\/index.php?rest_route=\/wp\/v2\/media\/15892"}],"wp:attachment":[{"href":"https:\/\/www.acusticauach.cl\/index.php?rest_route=%2Fwp%2Fv2%2Fmedia&parent=15891"}],"wp:term":[{"taxonomy":"category","embeddable":true,"href":"https:\/\/www.acusticauach.cl\/index.php?rest_route=%2Fwp%2Fv2%2Fcategories&post=15891"},{"taxonomy":"post_tag","embeddable":true,"href":"https:\/\/www.acusticauach.cl\/index.php?rest_route=%2Fwp%2Fv2%2Ftags&post=15891"}],"curies":[{"name":"wp","href":"https:\/\/api.w.org\/{rel}","templated":true}]}}