{"id":15825,"date":"2023-07-15T13:21:39","date_gmt":"2023-07-15T17:21:39","guid":{"rendered":"https:\/\/www.acusticauach.cl\/?p=15825"},"modified":"2023-08-01T13:36:38","modified_gmt":"2023-08-01T17:36:38","slug":"investigadores-internacionales-se-han-integrado-a-grupo-de-investigacion-de-acustica-uach","status":"publish","type":"post","link":"https:\/\/www.acusticauach.cl\/?p=15825","title":{"rendered":"Investigadores internacionales se han integrado a grupo de investigaci\u00f3n de Ac\u00fastica UACh"},"content":{"rendered":"\n<h3 class=\"wp-block-heading\"><strong>Tres miembros internacionales se han unido al grupo de investigaci\u00f3n Acoustic Phenomena in Matter (ACOUSPHEM), liderado por el acad\u00e9mico del Instituto de Ac\u00fastica UACh, Dr. Rodolfo Venegas.<\/strong><\/h3>\n\n\n\n<p><em>Escrito por PrensaFCI<\/em><\/p>\n\n\n\n<p>ACOUSPHEM tiene por objetivo comprender fen\u00f3menos ac\u00fasticos en la materia y al respecto el Dr. Venegas se\u00f1ala \u201cnuestro grupo de investigaci\u00f3n se inicia con el desarrollo de diversos proyectos de investigaci\u00f3n en los cuales la contribuci\u00f3n de nuestros estudiantes ha sido muy relevante. El grupo ha crecido a trav\u00e9s de colaboraciones internas y la colaboraci\u00f3n de larga data con investigadores de universidades extranjeras\u201d.<\/p>\n\n\n\n<p>El grupo se ha beneficiado de diversas fuentes de financiamiento, las cuales incluyen un proyecto Fondecyt Regular financiado por ANID, as\u00ed como financiamiento interno a trav\u00e9s de InnovING2030 y VIDCA, fuentes compartidas (FCI UACh &amp; Universit\u00e9 de Grenoble) y desde el extranjero.<\/p>\n\n\n<div class=\"wp-block-image\">\n<figure class=\"aligncenter size-full\"><a href=\"https:\/\/www.acusticauach.cl\/wp-content\/uploads\/2023\/08\/Grupo-Investigacion-ACOUSPHEM.jpg\"><img decoding=\"async\" width=\"800\" height=\"450\" src=\"https:\/\/www.acusticauach.cl\/wp-content\/uploads\/2023\/08\/Grupo-Investigacion-ACOUSPHEM.jpg\" alt=\"\" class=\"wp-image-15826\" srcset=\"https:\/\/www.acusticauach.cl\/wp-content\/uploads\/2023\/08\/Grupo-Investigacion-ACOUSPHEM.jpg 800w, https:\/\/www.acusticauach.cl\/wp-content\/uploads\/2023\/08\/Grupo-Investigacion-ACOUSPHEM-300x169.jpg 300w, https:\/\/www.acusticauach.cl\/wp-content\/uploads\/2023\/08\/Grupo-Investigacion-ACOUSPHEM-768x432.jpg 768w, https:\/\/www.acusticauach.cl\/wp-content\/uploads\/2023\/08\/Grupo-Investigacion-ACOUSPHEM-125x70.jpg 125w, https:\/\/www.acusticauach.cl\/wp-content\/uploads\/2023\/08\/Grupo-Investigacion-ACOUSPHEM-75x42.jpg 75w\" sizes=\"(max-width: 800px) 100vw, 800px\" \/><\/a><\/figure>\n<\/div>\n\n\n<p>Actualmente, el equipo local de investigadores de ACOUSPHEM lo integran adem\u00e1s del Dr. Rodolfo Venegas, el acad\u00e9mico del Instituto de Materiales y Procesos Termomec\u00e1nicos, Juan Rebolledo; los estudiantes del Mag\u00edster en Ac\u00fastica y Vibraciones Gabriel N\u00fa\u00f1ez, Esteban Alarc\u00f3n, Felipe Orellana y el estudiante de Ingenier\u00eda Civil Ac\u00fastica, Claudio Caama\u00f1o.<\/p>\n\n\n\n<p>Cabe destacar que durante el primer semestre se integraron tres investigadores extranjeros quienes se encuentran en la Facultad de Ciencias de la Ingenier\u00eda realizando un postdoctorado y&nbsp; estad\u00edas de investigaci\u00f3n junto al equipo local de ACOUSPHEM.<\/p>\n\n\n\n<p>Sus temas de trabajo est\u00e1n relacionados al proyecto FONDECYT Regular 1211310, el cual es dirigido por el Dr. Venegas y que busca desarrollar y verificar teor\u00edas de propagaci\u00f3n de ondas ac\u00fasticas en materiales permeables con fuentes internas.<\/p>\n\n\n\n<p>Uno de ellos es el Dr. Alan Sam, postdoctorante en conjunto UACh &amp; Universit\u00e9 de Grenoble &amp; LIPhy CNRS quien est\u00e1 trabajando sobre ac\u00fastica de materiales nanoporosos bajo el marco del proyecto internacional IRGA 2021 \u00abInitiatives de recherche \u00e0 Grenoble Alpes\u00bb.&nbsp; El Dr. Sam proviene de India y comenz\u00f3 su trabajo en la FCI a fines de marzo.<\/p>\n\n\n\n<p>Lucien Mutel, es estudiante de Ingenier\u00eda Civil y Magister del ENTPE &amp; Universit\u00e9 de Lyon &amp; Ecole Centrale de Lyon. Proviene de Francia y durante la estad\u00eda est\u00e1 desarrollando investigaci\u00f3n sobre ac\u00fastica de materiales poroel\u00e1sticos con m\u00faltiples escalas.<\/p>\n\n\n\n<p>Edgar Joinneau, es estudiante de Ingenier\u00eda Civil del ENTPE &amp; Universit\u00e9 de Lyon, proviene tambi\u00e9n de Francia y en su estad\u00eda de investigaci\u00f3n est\u00e1 trabajando sobre metamateriales ac\u00fasticos activos.<\/p>\n","protected":false},"excerpt":{"rendered":"<p>Tres miembros internacionales se han unido al grupo de investigaci\u00f3n Acoustic Phenomena in Matter (ACOUSPHEM), liderado por el acad\u00e9mico del Instituto de Ac\u00fastica UACh, Dr. Rodolfo Venegas. Escrito por PrensaFCI ACOUSPHEM tiene por objetivo comprender fen\u00f3menos ac\u00fasticos en la materia y al respecto el Dr. Venegas se\u00f1ala \u201cnuestro grupo de investigaci\u00f3n se inicia con el [&hellip;]<\/p>\n","protected":false},"author":2,"featured_media":15826,"comment_status":"closed","ping_status":"closed","sticky":false,"template":"","format":"standard","meta":{"footnotes":""},"categories":[908],"tags":[1074,1042,37,105,810,78,915,748],"class_list":["post-15825","post","type-post","status-publish","format-standard","has-post-thumbnail","hentry","category-investigacion","tag-acousphem","tag-anid","tag-estudiantes","tag-fondecyt","tag-innoving2030","tag-investigacion-2","tag-portada","tag-venegas"],"_links":{"self":[{"href":"https:\/\/www.acusticauach.cl\/index.php?rest_route=\/wp\/v2\/posts\/15825","targetHints":{"allow":["GET"]}}],"collection":[{"href":"https:\/\/www.acusticauach.cl\/index.php?rest_route=\/wp\/v2\/posts"}],"about":[{"href":"https:\/\/www.acusticauach.cl\/index.php?rest_route=\/wp\/v2\/types\/post"}],"author":[{"embeddable":true,"href":"https:\/\/www.acusticauach.cl\/index.php?rest_route=\/wp\/v2\/users\/2"}],"replies":[{"embeddable":true,"href":"https:\/\/www.acusticauach.cl\/index.php?rest_route=%2Fwp%2Fv2%2Fcomments&post=15825"}],"version-history":[{"count":0,"href":"https:\/\/www.acusticauach.cl\/index.php?rest_route=\/wp\/v2\/posts\/15825\/revisions"}],"wp:featuredmedia":[{"embeddable":true,"href":"https:\/\/www.acusticauach.cl\/index.php?rest_route=\/wp\/v2\/media\/15826"}],"wp:attachment":[{"href":"https:\/\/www.acusticauach.cl\/index.php?rest_route=%2Fwp%2Fv2%2Fmedia&parent=15825"}],"wp:term":[{"taxonomy":"category","embeddable":true,"href":"https:\/\/www.acusticauach.cl\/index.php?rest_route=%2Fwp%2Fv2%2Fcategories&post=15825"},{"taxonomy":"post_tag","embeddable":true,"href":"https:\/\/www.acusticauach.cl\/index.php?rest_route=%2Fwp%2Fv2%2Ftags&post=15825"}],"curies":[{"name":"wp","href":"https:\/\/api.w.org\/{rel}","templated":true}]}}