{"id":15668,"date":"2023-01-25T18:22:40","date_gmt":"2023-01-25T21:22:40","guid":{"rendered":"http:\/\/www.acusticauach.cl\/?p=15668"},"modified":"2023-01-25T18:31:20","modified_gmt":"2023-01-25T21:31:20","slug":"investigaran-efectos-del-ruido-ocupacional-y-ambiental-a-traves-de-proyectos-fondecyt-adjudicados-por-academico-de-acustica-uach","status":"publish","type":"post","link":"https:\/\/www.acusticauach.cl\/?p=15668","title":{"rendered":"Investigar\u00e1n efectos del ruido ocupacional y ambiental a trav\u00e9s de proyectos Fondecyt adjudicados por acad\u00e9mico de Ac\u00fastica UACh"},"content":{"rendered":"\n<h4 class=\"wp-block-heading\"><strong>Dr. Jorge Arenas, es parte de dos proyectos de investigaci\u00f3n financiados por el Fondecyt Regular 2023, que buscan determinar los efectos del ruido ocupacional y ruido ambiental respectivamente. <\/strong><\/h4>\n\n\n\n<p><em>Escrito por PrensaFCI<\/em><\/p>\n\n\n\n<p>La primera iniciativa se denomina \u201cA study on the potential hazards caused by noise exposure in drummer musicians: an engineering acoustics approach\u201d cuyo objetivo principal es determinar los efectos potenciales de la exposici\u00f3n al ruido en la audici\u00f3n de los m\u00fasicos bateristas.<\/p>\n\n\n\n<p>Este proyecto permitir\u00e1, por una parte, implementar un montaje experimental y un conjunto de herramientas de an\u00e1lisis para la evaluaci\u00f3n del ruido impulsivo, as\u00ed como desarrollar un modelo sintetizado para estimar la exposici\u00f3n total al ruido de un m\u00fasico baterista, y finalmente estudiar la correlaci\u00f3n entre las m\u00e9tricas f\u00edsicas del ruido y el efecto potencialmente da\u00f1ino en el o\u00eddo interno, causado por el ruido en m\u00fasicos bateristas reales.<\/p>\n\n\n\n<p>El equipo lo dirige el Dr. Jorge Arenas junto al acad\u00e9mico Jorge C\u00e1rdenas del mismo Instituto de Ac\u00fastica UACh y Frank Sgard de<strong>l<\/strong>&nbsp;IRSST y Universit\u00e9 de Sherbrooke, Canad\u00e1.<\/p>\n\n\n\n<p>El Dr. Arenas explica que lo que se espera de esta investigaci\u00f3n es determinar si las variables f\u00edsicas asociadas a la exposici\u00f3n al ruido y al riesgo auditivo influyen en los cambios de las Emisiones Otoac\u00fasticas de las personas expuestas. Adem\u00e1s, a partir de los datos recogidos durante las diferentes fases de este proyecto, se espera poder recomendar buenas pr\u00e1cticas a los percusionistas para evitar p\u00e9rdidas auditivas permanentes. Los resultados y productos de este proyecto tambi\u00e9n ayudar\u00e1n a analizar otros tipos de exposici\u00f3n al ruido de fuentes complejas, aplicables a diferentes casos de ruido ocupacional en actividades recreativas, profesionales e industriales<\/p>\n\n\n\n<p>Esta iniciativa surge a partir de la experiencia obtenida de un estudio llevado a cabo entre 2021 y 2022 por los mismos acad\u00e9micos de ac\u00fastica UACh en conjunto con la Asociaci\u00f3n Chilena de Seguridad (ACHS) y que se relaciona con la metrolog\u00eda de ruido impulsivo en ambientes industriales y la valoraci\u00f3n del nivel de protecci\u00f3n suministrado por protectores auditivos, para evitar los efectos del ruido impulsivo.<\/p>\n\n\n\n<p>El segundo proyecto en que participa el Dr. Arenas, esta vez en calidad de coinvestigador, se titula \u201cInterdisciplinary study on the perception of noise in the city of Santiago in the (post)pandemic context\u201d y fue adjudicada por investigadores de la Pontificia Universidad Cat\u00f3lica de Chile.<\/p>\n\n\n\n<p>Este proyecto pretende contribuir al conocimiento del ruido y las ciudades desde un enfoque interdisciplinar entre geograf\u00eda, sociolog\u00eda, urbanismo, e ingenier\u00eda ac\u00fastica. Sus objetivos espec\u00edficos son analizar la relaci\u00f3n entre quejas por ruido y variables demogr\u00e1ficas, socioecon\u00f3micas, urban\u00edsticas y ambientales en seis municipios de Santiago.&nbsp; Adem\u00e1s de caracterizar las molestias por ruido y las estrategias adoptadas por los habitantes de seis barrios socioecon\u00f3micamente diversos con diferente exposici\u00f3n al ruido; evaluar los paisajes sonoros de seis barrios y, proponer pautas para integrar la percepci\u00f3n del ruido en las pol\u00edticas p\u00fablicas relacionadas con el ruido y la planificaci\u00f3n urbana.<\/p>\n\n\n\n<p>El equipo del proyecto es dirigido por Caroline Stamm del Instituto de Estudios Urbanos y Territoriales, PUC de Chile e integrado por Carolina Rojas del mismo Instituto; Jorge Arenas del Instituto de Ac\u00fastica, UACh y Ricardo Fuentealba del Instituto de Ciencias Sociales de la Universidad de O\u00b4Higgins.<\/p>\n\n\n\n<p>Para el Dr. Jorge Arenas, ambas iniciativas de investigaci\u00f3n se enmarcan dentro de los objetivos estrat\u00e9gicos de la Facultad, y permitir\u00e1n desarrollar l\u00edneas de investigaci\u00f3n novedosas, y consolidar otras en las cuales el Instituto de Ac\u00fastica tiene experiencia, como son el ruido ocupacional y el ruido ambiental.<\/p>\n\n\n\n<figure class=\"wp-block-image\"><img decoding=\"async\" width=\"800\" height=\"450\" src=\"https:\/\/www.acusticauach.cl\/wp-content\/uploads\/2023\/01\/Jorge_Arenas-16x9.png\" alt=\"\" class=\"wp-image-15669\" srcset=\"https:\/\/www.acusticauach.cl\/wp-content\/uploads\/2023\/01\/Jorge_Arenas-16x9.png 800w, https:\/\/www.acusticauach.cl\/wp-content\/uploads\/2023\/01\/Jorge_Arenas-16x9-300x169.png 300w, https:\/\/www.acusticauach.cl\/wp-content\/uploads\/2023\/01\/Jorge_Arenas-16x9-768x432.png 768w, https:\/\/www.acusticauach.cl\/wp-content\/uploads\/2023\/01\/Jorge_Arenas-16x9-125x70.png 125w, https:\/\/www.acusticauach.cl\/wp-content\/uploads\/2023\/01\/Jorge_Arenas-16x9-75x42.png 75w\" sizes=\"(max-width: 800px) 100vw, 800px\" \/><figcaption>Dr. Jorge Arenas<\/figcaption><\/figure>\n\n\n\n<p>Es importante resaltar adem\u00e1s que ambos proyectos incorporar\u00e1n a estudiantes de postgrado de la Facultad de Ciencias de la Ingenier\u00eda UACh, quienes podr\u00e1n desarrollar trabajos de tesis asociados a los proyectos adjudicados.<\/p>\n\n\n\n<p>El FONDECYT Regular tiene como finalidad promover la investigaci\u00f3n de base cient\u00edfico-tecnol\u00f3gica en las diversas \u00e1reas del conocimiento, mediante el financiamiento de proyectos de investigaci\u00f3n individual de excelencia orientados a la producci\u00f3n de conocimientos o aplicaciones previstas a trav\u00e9s de hip\u00f3tesis de trabajo explicitadas.<\/p>\n","protected":false},"excerpt":{"rendered":"<p>Dr. Jorge Arenas, es parte de dos proyectos de investigaci\u00f3n financiados por el Fondecyt Regular 2023, que buscan determinar los efectos del ruido ocupacional y ruido ambiental respectivamente. Escrito por PrensaFCI La primera iniciativa se denomina \u201cA study on the potential hazards caused by noise exposure in drummer musicians: an engineering acoustics approach\u201d cuyo objetivo [&hellip;]<\/p>\n","protected":false},"author":2,"featured_media":15671,"comment_status":"closed","ping_status":"closed","sticky":false,"template":"","format":"standard","meta":{"footnotes":""},"categories":[908],"tags":[48,192,15,105,78,189,915,166,32,867],"class_list":["post-15668","post","type-post","status-publish","format-standard","has-post-thumbnail","hentry","category-investigacion","tag-arenas","tag-cardenas","tag-exposicion","tag-fondecyt","tag-investigacion-2","tag-musica","tag-portada","tag-proyecto","tag-ruido","tag-urbano"],"_links":{"self":[{"href":"https:\/\/www.acusticauach.cl\/index.php?rest_route=\/wp\/v2\/posts\/15668","targetHints":{"allow":["GET"]}}],"collection":[{"href":"https:\/\/www.acusticauach.cl\/index.php?rest_route=\/wp\/v2\/posts"}],"about":[{"href":"https:\/\/www.acusticauach.cl\/index.php?rest_route=\/wp\/v2\/types\/post"}],"author":[{"embeddable":true,"href":"https:\/\/www.acusticauach.cl\/index.php?rest_route=\/wp\/v2\/users\/2"}],"replies":[{"embeddable":true,"href":"https:\/\/www.acusticauach.cl\/index.php?rest_route=%2Fwp%2Fv2%2Fcomments&post=15668"}],"version-history":[{"count":0,"href":"https:\/\/www.acusticauach.cl\/index.php?rest_route=\/wp\/v2\/posts\/15668\/revisions"}],"wp:featuredmedia":[{"embeddable":true,"href":"https:\/\/www.acusticauach.cl\/index.php?rest_route=\/wp\/v2\/media\/15671"}],"wp:attachment":[{"href":"https:\/\/www.acusticauach.cl\/index.php?rest_route=%2Fwp%2Fv2%2Fmedia&parent=15668"}],"wp:term":[{"taxonomy":"category","embeddable":true,"href":"https:\/\/www.acusticauach.cl\/index.php?rest_route=%2Fwp%2Fv2%2Fcategories&post=15668"},{"taxonomy":"post_tag","embeddable":true,"href":"https:\/\/www.acusticauach.cl\/index.php?rest_route=%2Fwp%2Fv2%2Ftags&post=15668"}],"curies":[{"name":"wp","href":"https:\/\/api.w.org\/{rel}","templated":true}]}}