{"id":15574,"date":"2022-11-18T15:00:06","date_gmt":"2022-11-18T18:00:06","guid":{"rendered":"http:\/\/www.acusticauach.cl\/?p=15574"},"modified":"2023-10-21T23:25:14","modified_gmt":"2023-10-22T02:25:14","slug":"investigacion-en-acustica-ambiental-2-3-3-2-3","status":"publish","type":"post","link":"https:\/\/www.acusticauach.cl\/?p=15574","title":{"rendered":"Presentaci\u00f3n del Libro \u00abProyectos Ac\u00fasticos\u00bb"},"content":{"rendered":"\r\n<p>El viernes 18 de noviembre a las <a href=\"https:\/\/www.youtube.com\/watch?v=jSquMCFVpGo&amp;t=900s\">15:00<\/a> hrs. se llev\u00f3 a cabo la presentaci\u00f3n del libro \u201cProyectos Ac\u00fasticos\u201d del Ingeniero en Sonido egresado de AcusticaUACh, Mario Huaqu\u00edn Mora.<\/p>\r\n\r\n\r\n\r\n<p><strong><a href=\"https:\/\/www.acusticauach.cl\/?p=15554\">M\u00e1s informaci\u00f3n.<\/a><\/strong><\/p>\r\n","protected":false},"excerpt":{"rendered":"<p>El viernes 18 de noviembre a las 15:00 hrs. se llev\u00f3 a cabo la presentaci\u00f3n del libro \u201cProyectos Ac\u00fasticos\u201d del Ingeniero en Sonido egresado de AcusticaUACh, Mario Huaqu\u00edn Mora. M\u00e1s informaci\u00f3n.<\/p>\n","protected":false},"author":2,"featured_media":15570,"comment_status":"closed","ping_status":"closed","sticky":false,"template":"","format":"video","meta":{"footnotes":""},"categories":[929,909],"tags":[48,84,37,41,1051,241,54],"class_list":["post-15574","post","type-post","status-publish","format-video","has-post-thumbnail","hentry","category-videos","category-vinculacion","tag-arenas","tag-charla","tag-estudiantes","tag-exalumnos","tag-huaquin","tag-libro","tag-sommerhoff","post_format-post-format-video"],"_links":{"self":[{"href":"https:\/\/www.acusticauach.cl\/index.php?rest_route=\/wp\/v2\/posts\/15574","targetHints":{"allow":["GET"]}}],"collection":[{"href":"https:\/\/www.acusticauach.cl\/index.php?rest_route=\/wp\/v2\/posts"}],"about":[{"href":"https:\/\/www.acusticauach.cl\/index.php?rest_route=\/wp\/v2\/types\/post"}],"author":[{"embeddable":true,"href":"https:\/\/www.acusticauach.cl\/index.php?rest_route=\/wp\/v2\/users\/2"}],"replies":[{"embeddable":true,"href":"https:\/\/www.acusticauach.cl\/index.php?rest_route=%2Fwp%2Fv2%2Fcomments&post=15574"}],"version-history":[{"count":0,"href":"https:\/\/www.acusticauach.cl\/index.php?rest_route=\/wp\/v2\/posts\/15574\/revisions"}],"wp:featuredmedia":[{"embeddable":true,"href":"https:\/\/www.acusticauach.cl\/index.php?rest_route=\/wp\/v2\/media\/15570"}],"wp:attachment":[{"href":"https:\/\/www.acusticauach.cl\/index.php?rest_route=%2Fwp%2Fv2%2Fmedia&parent=15574"}],"wp:term":[{"taxonomy":"category","embeddable":true,"href":"https:\/\/www.acusticauach.cl\/index.php?rest_route=%2Fwp%2Fv2%2Fcategories&post=15574"},{"taxonomy":"post_tag","embeddable":true,"href":"https:\/\/www.acusticauach.cl\/index.php?rest_route=%2Fwp%2Fv2%2Ftags&post=15574"}],"curies":[{"name":"wp","href":"https:\/\/api.w.org\/{rel}","templated":true}]}}