{"id":15521,"date":"2022-10-04T12:57:40","date_gmt":"2022-10-04T15:57:40","guid":{"rendered":"http:\/\/www.acusticauach.cl\/?p=15521"},"modified":"2022-10-04T12:58:35","modified_gmt":"2022-10-04T15:58:35","slug":"ingenieria-uach-compartira-su-quehacer-en-investigacion-aplicada-y-desarrollo-tecnologico-en-el-marco-de-la-feci-2022","status":"publish","type":"post","link":"https:\/\/www.acusticauach.cl\/?p=15521","title":{"rendered":"Ingenier\u00eda UACh compartir\u00e1 su quehacer en investigaci\u00f3n aplicada y desarrollo tecnol\u00f3gico en el marco de la FECI 2022"},"content":{"rendered":"\n<h3 class=\"wp-block-heading\"><strong>Diversas iniciativas de investigaci\u00f3n desarrolladas en la Facultad de Ciencias de la Ingenier\u00eda UACh, se dar\u00e1n a conocer durante los d\u00edas 4 al 8 de octubre en el marco de la IV versi\u00f3n del Festival de las Ciencias FECI 2022 que se llevar\u00e1 a cabo en las regiones de La Araucan\u00eda, Los R\u00edos y Los Lagos.<\/strong><\/h3>\n\n\n\n<p><em>Escrito por PrensaFCI<\/em><\/p>\n\n\n\n<p>La FECI es un evento organizado a nivel nacional por el Ministerio de Ciencia, Tecnolog\u00eda, Conocimiento e Innovaci\u00f3n, a trav\u00e9s del programa Ciencia P\u00fablica, en colaboraci\u00f3n con los proyectos Asociativos Regionales &nbsp;(PAR) Explora.<\/p>\n\n\n\n<p>Este a\u00f1o el tema central es la regeneraci\u00f3n y cambio clim\u00e1tico, con especial \u00e9nfasis en el agua.&nbsp; La participaci\u00f3n de la Facultad de Ciencias de la Ingenier\u00eda se llevar\u00e1 a cabo a trav\u00e9s de stand expositivos, conciertos y charlas con investigadores de diversas unidades de la FCI.<\/p>\n\n\n\n<p><strong>\u201cCiencia Sonora, un viaje por la ciencia y la naturaleza\u201d<\/strong><\/p>\n\n\n\n<p>Los d\u00edas 4, 6 y 8 de octubre, el acad\u00e9mico del Instituto de&nbsp;<a href=\"https:\/\/www.acusticauach.cl\/?page_id=5997\">Ac\u00fastica UACh,<\/a>&nbsp;Felipe Otondo participar\u00e1 de la FECI en las comunas de Villarrica, Valdivia y Castro respectivamente, oportunidad en que presentar\u00e1 12 mini conciertos con obras art\u00edsticas creadas a partir de grabaciones de humedales, adem\u00e1s de la presentaci\u00f3n de charlas informativas y un conversatorio con asistentes<\/p>\n\n\n\n<p>\u201cEs un honor para la Facultad de Ciencias de la Ingenier\u00eda que insumos creativos y educacionales de nuestro proyecto \u00abHerramienta espacio-temporal para aplicaciones creativas y educacionales de grabaciones de paisaje sonoro de humedales\u201d (Fondecyt regular 1220320) hayan sido seleccionados por la Seremi de Ciencia y Tecnolog\u00eda, Conocimiento e Innovaci\u00f3n &#8211; Macrozona Sur, Maite Castro, para ser uno de los ejes program\u00e1ticos del Festival de las Ciencias, FECI, 2022 se\u00f1al\u00f3 Felipe Otondo.<\/p>\n\n\n\n<p>Por su parte, el Centro de Innovaci\u00f3n y Emprendimiento&nbsp;<a href=\"https:\/\/www.14k.cl\/\">14K<\/a>&nbsp;ha sido convocado por la Seremi de Ciencia, Tecnolog\u00eda, Conocimiento e Innovaci\u00f3n para fomar parte&nbsp;de una exposici\u00f3n de ciencia y conocimiento&nbsp;que se presentar\u00e1 en la&nbsp;Casa Prochelle N\u00b01, de la Corporaci\u00f3n Cultural Municipal de Valdivia, ubicada en Isla Teja.&nbsp; El evento se realizar\u00e1 el jueves 6 de octubre entre las 10.00 y 18.00 horas.<\/p>\n\n\n\n<p>En la ocasi\u00f3n,&nbsp;Leuf\u00fcLab exhibir\u00e1 algunos de sus desarrollos m\u00e1s destacados, como el&nbsp;prototipo de Humedata, con el que se har\u00e1 una demostraci\u00f3n de c\u00f3mo se visualizan los datos que captura en los humedales de Valdivia, gracias a&nbsp;sensores que miden diversos datos, entre ellos la presi\u00f3n atmosf\u00e9rica, temperatura y humedad. Adem\u00e1s del&nbsp;Microscopio\/Juguete, fabricado en impresoras 3D y l\u00e1ser CNC, que con un celular con c\u00e1mara permite ver m\u00e1s all\u00e1 del ojo humano. Un invento&nbsp;gestado a partir del trabajo conjunto entre el Instituto de Anatom\u00eda, Histolog\u00eda y Patolog\u00eda de la&nbsp;Facultad de Medicina UACh y&nbsp;enmarcado dentro de su proyecto Soy Maricuriosa&nbsp;\u00a1Tu entorno es gigante!<\/p>\n\n\n\n<div class=\"wp-block-image\"><figure class=\"aligncenter\"><img decoding=\"async\" width=\"900\" height=\"600\" src=\"https:\/\/www.acusticauach.cl\/wp-content\/uploads\/2022\/10\/FECI2022_NOTICIA-b7803db6.png\" alt=\"\" class=\"wp-image-15522\" srcset=\"https:\/\/www.acusticauach.cl\/wp-content\/uploads\/2022\/10\/FECI2022_NOTICIA-b7803db6.png 900w, https:\/\/www.acusticauach.cl\/wp-content\/uploads\/2022\/10\/FECI2022_NOTICIA-b7803db6-300x200.png 300w, https:\/\/www.acusticauach.cl\/wp-content\/uploads\/2022\/10\/FECI2022_NOTICIA-b7803db6-768x512.png 768w, https:\/\/www.acusticauach.cl\/wp-content\/uploads\/2022\/10\/FECI2022_NOTICIA-b7803db6-125x83.png 125w, https:\/\/www.acusticauach.cl\/wp-content\/uploads\/2022\/10\/FECI2022_NOTICIA-b7803db6-75x50.png 75w\" sizes=\"(max-width: 900px) 100vw, 900px\" \/><\/figure><\/div>\n\n\n\n<p><strong>Open Sea Lab: primera PLATAFORMA DE INVESTIGACI\u00d3N en ENERG\u00cdA MARINA en Latinoam\u00e9rica<\/strong><\/p>\n\n\n\n<p>En tanto, el s\u00e1bado 8 de octubre entre las 11:00 y 18:00 hrs. en el sector Costanera (ex helipuerto) de Valdivia, investigadores del&nbsp;<a href=\"https:\/\/ingenierianavaluach.cl\/\">Instituto de Ciencias Navales y Mar\u00edtimas UACh<\/a>, que integran el Centro de Investigaci\u00f3n e Innovaci\u00f3n de Energ\u00eda Marina,&nbsp;<a href=\"https:\/\/meric.cl\/despliegue-proyecto-open-sea-lab-las-cruces-chile-2021\/\">MERIC<\/a>&nbsp;&nbsp; participar\u00e1n con un stand y conversatorio para promover la investigaci\u00f3n cient\u00edfica aplicada que busca &nbsp;impulsar el desarrollo de la energ\u00eda marina en nuestro pa\u00eds, y ampliar la generaci\u00f3n de energ\u00eda el\u00e9ctrica hacia nuevas fuentes renovables no convencionales.<\/p>\n\n\n\n<p>Este evento denominado Fiesta de las Ciencias es organizado por Explora Los R\u00edos y dentro de la jornada se contempla la actividad \u201cConversando con Cient\u00edficas\u201d en que participar\u00e1 la ingeniera de investigaci\u00f3n de la l\u00ednea Adaptaci\u00f3n de tecnolog\u00edas a condiciones locales de MERIC, Natalia Aziares, mientras que en el stand de divulgaci\u00f3n participar\u00e1n los acad\u00e9micos Gonzalo Tampier y Cristian Cifuentes.<\/p>\n\n\n\n<p>En el stand se presentar\u00e1 el desarrollo del primer laboratorio en mar abierto, Open Sea Lab, proyecto experimental \u00fanico en su tipo en Latinoam\u00e9rica en que participa la Universidad Austral de Chile, conjuntamente con la Pontificia Universidad Cat\u00f3lica de Chile, Energ\u00eda Marina SpA y Enel con el apoyo de Corfo.<\/p>\n","protected":false},"excerpt":{"rendered":"<p>Diversas iniciativas de investigaci\u00f3n desarrolladas en la Facultad de Ciencias de la Ingenier\u00eda UACh, se dar\u00e1n a conocer durante los d\u00edas 4 al 8 de octubre en el marco de la IV versi\u00f3n del Festival de las Ciencias FECI 2022 que se llevar\u00e1 a cabo en las regiones de La Araucan\u00eda, Los R\u00edos y Los [&hellip;]<\/p>\n","protected":false},"author":2,"featured_media":15524,"comment_status":"closed","ping_status":"closed","sticky":false,"template":"","format":"standard","meta":{"footnotes":""},"categories":[909],"tags":[376,156,200,139,459,16,105,240,915],"class_list":["post-15521","post","type-post","status-publish","format-standard","has-post-thumbnail","hentry","category-vinculacion","tag-ciencia","tag-concierto","tag-escolares","tag-facultad","tag-facultad-de-ciencias-de-la-ingenieria","tag-feria","tag-fondecyt","tag-otondo","tag-portada"],"_links":{"self":[{"href":"https:\/\/www.acusticauach.cl\/index.php?rest_route=\/wp\/v2\/posts\/15521","targetHints":{"allow":["GET"]}}],"collection":[{"href":"https:\/\/www.acusticauach.cl\/index.php?rest_route=\/wp\/v2\/posts"}],"about":[{"href":"https:\/\/www.acusticauach.cl\/index.php?rest_route=\/wp\/v2\/types\/post"}],"author":[{"embeddable":true,"href":"https:\/\/www.acusticauach.cl\/index.php?rest_route=\/wp\/v2\/users\/2"}],"replies":[{"embeddable":true,"href":"https:\/\/www.acusticauach.cl\/index.php?rest_route=%2Fwp%2Fv2%2Fcomments&post=15521"}],"version-history":[{"count":0,"href":"https:\/\/www.acusticauach.cl\/index.php?rest_route=\/wp\/v2\/posts\/15521\/revisions"}],"wp:featuredmedia":[{"embeddable":true,"href":"https:\/\/www.acusticauach.cl\/index.php?rest_route=\/wp\/v2\/media\/15524"}],"wp:attachment":[{"href":"https:\/\/www.acusticauach.cl\/index.php?rest_route=%2Fwp%2Fv2%2Fmedia&parent=15521"}],"wp:term":[{"taxonomy":"category","embeddable":true,"href":"https:\/\/www.acusticauach.cl\/index.php?rest_route=%2Fwp%2Fv2%2Fcategories&post=15521"},{"taxonomy":"post_tag","embeddable":true,"href":"https:\/\/www.acusticauach.cl\/index.php?rest_route=%2Fwp%2Fv2%2Ftags&post=15521"}],"curies":[{"name":"wp","href":"https:\/\/api.w.org\/{rel}","templated":true}]}}