{"id":15415,"date":"2022-05-27T08:08:56","date_gmt":"2022-05-27T12:08:56","guid":{"rendered":"http:\/\/www.acusticauach.cl\/?p=15415"},"modified":"2022-05-27T08:10:02","modified_gmt":"2022-05-27T12:10:02","slug":"integrantes-del-directorio-uach-visitaron-la-facultad-de-ciencias-de-la-ingenieria-y-laboratorios-de-acusticauach","status":"publish","type":"post","link":"https:\/\/www.acusticauach.cl\/?p=15415","title":{"rendered":"Integrantes del Directorio UACh visitaron la Facultad de Ciencias de la Ingenier\u00eda y laboratorios de AcusticaUACh"},"content":{"rendered":"\n<h4 class=\"wp-block-heading\">Integrantes del Directorio de la Universidad\nAustral de Chile, visitaron diversas dependencias de la Facultad de Ciencias de\nla Ingenier\u00eda el pasado jueves 19 de mayo.<\/h4>\n\n\n\n<p><em>Escrito por PrensaFCI<\/em><\/p>\n\n\n\n<p>Las\nactividades comenzaron con un recorrido por el Canal de Ensayos Hidrodin\u00e1micos\ndel Instituto de Ciencias Navales y Mar\u00edtimas, donde fueron recibidos por su\ndirector, Dr. Gonzalo Tampier, quien expuso las principales l\u00edneas de\ninvestigaci\u00f3n aplicada que all\u00ed se desarrollan, los convenios internacionales\nen que participan y la vinculaci\u00f3n que mantienen con el sector socioproductivo.<\/p>\n\n\n\n<p>Posteriormente,\nse trasladaron hasta las dependencias del Instituto de Ac\u00fastica donde tuvieron\nla oportunidad de conocer el trabajo de investigaci\u00f3n y formaci\u00f3n desarrollado\npor los acad\u00e9micos de esa unidad. Durante la visita a los laboratorios de\nac\u00fastica fueron acompa\u00f1ados por el director del instituto profesor Jorge\nC\u00e1rdenas, y los acad\u00e9micos Dr. Jorge Arenas y Felipe Figueroa.<\/p>\n\n\n\n<div class=\"wp-block-image\"><figure class=\"aligncenter\"><img decoding=\"async\" width=\"800\" height=\"450\" src=\"https:\/\/www.acusticauach.cl\/wp-content\/uploads\/2022\/05\/noticia3.jpg\" alt=\"\" class=\"wp-image-15416\" srcset=\"https:\/\/www.acusticauach.cl\/wp-content\/uploads\/2022\/05\/noticia3.jpg 800w, https:\/\/www.acusticauach.cl\/wp-content\/uploads\/2022\/05\/noticia3-300x169.jpg 300w, https:\/\/www.acusticauach.cl\/wp-content\/uploads\/2022\/05\/noticia3-768x432.jpg 768w, https:\/\/www.acusticauach.cl\/wp-content\/uploads\/2022\/05\/noticia3-125x70.jpg 125w, https:\/\/www.acusticauach.cl\/wp-content\/uploads\/2022\/05\/noticia3-75x42.jpg 75w\" sizes=\"(max-width: 800px) 100vw, 800px\" \/><\/figure><\/div>\n\n\n\n<div class=\"wp-block-image\"><figure class=\"aligncenter\"><img decoding=\"async\" width=\"768\" height=\"432\" src=\"https:\/\/www.acusticauach.cl\/wp-content\/uploads\/2022\/05\/noticia6.jpg\" alt=\"\" class=\"wp-image-15420\" srcset=\"https:\/\/www.acusticauach.cl\/wp-content\/uploads\/2022\/05\/noticia6.jpg 768w, https:\/\/www.acusticauach.cl\/wp-content\/uploads\/2022\/05\/noticia6-300x169.jpg 300w, https:\/\/www.acusticauach.cl\/wp-content\/uploads\/2022\/05\/noticia6-125x70.jpg 125w, https:\/\/www.acusticauach.cl\/wp-content\/uploads\/2022\/05\/noticia6-75x42.jpg 75w\" sizes=\"(max-width: 768px) 100vw, 768px\" \/><\/figure><\/div>\n\n\n\n<div class=\"wp-block-image\"><figure class=\"aligncenter\"><img decoding=\"async\" width=\"800\" height=\"450\" src=\"https:\/\/www.acusticauach.cl\/wp-content\/uploads\/2022\/05\/noticia5.jpg\" alt=\"\" class=\"wp-image-15421\" srcset=\"https:\/\/www.acusticauach.cl\/wp-content\/uploads\/2022\/05\/noticia5.jpg 800w, https:\/\/www.acusticauach.cl\/wp-content\/uploads\/2022\/05\/noticia5-300x169.jpg 300w, https:\/\/www.acusticauach.cl\/wp-content\/uploads\/2022\/05\/noticia5-768x432.jpg 768w, https:\/\/www.acusticauach.cl\/wp-content\/uploads\/2022\/05\/noticia5-125x70.jpg 125w, https:\/\/www.acusticauach.cl\/wp-content\/uploads\/2022\/05\/noticia5-75x42.jpg 75w\" sizes=\"(max-width: 800px) 100vw, 800px\" \/><figcaption> Miembros del Directorio visitando laboratorios del Instituto de Ac\u00fastica <\/figcaption><\/figure><\/div>\n\n\n\n<p>Posteriormente,\nel Decano de la FCI, Dr. Enrique Su\u00e1rez realiz\u00f3 una presentaci\u00f3n general de los\navances alcanzados por la macrounidad en todos los \u00e1mbitos de gesti\u00f3n\ninstitucional durante los \u00faltimos a\u00f1os.<\/p>\n\n\n\n<p>El\nDr. Su\u00e1rez expres\u00f3 su satisfacci\u00f3n con la visita realizada expresando que \u201ccreo\nque tuvimos una excelente recepci\u00f3n de parte de los integrantes del directorio\ny agradecemos la disponibilidad y el inter\u00e9s demostrado por conocer la labor\nque realizamos.\u201d&nbsp;<\/p>\n\n\n\n<p>\u201cComo\nFacultad hemos trabajado desde hace mucho tiempo en fortalecer la planta\nacad\u00e9mica, la investigaci\u00f3n y el desarrollo de nuestros laboratorios y todo\nello hoy est\u00e1 dando frutos. Nuestra macrounidad hoy est\u00e1 comenzando a mostrar\nlos logros alcanzados y todo ello tambi\u00e9n va en beneficio de nuestros\nestudiantes de pregrado. As\u00ed tambi\u00e9n se proyecta el crecimiento del postgrado y\nuna mayor vinculaci\u00f3n con el sector socioproductivo\u201d&nbsp;<\/p>\n\n\n\n<p>Durante\nsu presentaci\u00f3n el Dr. Su\u00e1rez fue acompa\u00f1ado por el equipo de decanatura, el\nEncargado de la Oficina de Planificaci\u00f3n Estrat\u00e9gica Dr. Rogelio Moreno y el\nDirector del Proyecto Innoving 2030 Dr. Richard Luco, lo que permiti\u00f3 entregar\nuna visi\u00f3n amplia del desarrollo alcanzado en los \u00faltimos 12 a\u00f1os, con\nindicadores de desempe\u00f1o y las proyecciones en el \u00e1mbito de recursos humanos e\ninfraestructura.<\/p>\n\n\n\n<div class=\"wp-block-image\"><figure class=\"aligncenter\"><img decoding=\"async\" width=\"800\" height=\"450\" src=\"https:\/\/www.acusticauach.cl\/wp-content\/uploads\/2022\/05\/noticia9.jpg\" alt=\"\" class=\"wp-image-15418\" srcset=\"https:\/\/www.acusticauach.cl\/wp-content\/uploads\/2022\/05\/noticia9.jpg 800w, https:\/\/www.acusticauach.cl\/wp-content\/uploads\/2022\/05\/noticia9-300x169.jpg 300w, https:\/\/www.acusticauach.cl\/wp-content\/uploads\/2022\/05\/noticia9-768x432.jpg 768w, https:\/\/www.acusticauach.cl\/wp-content\/uploads\/2022\/05\/noticia9-125x70.jpg 125w, https:\/\/www.acusticauach.cl\/wp-content\/uploads\/2022\/05\/noticia9-75x42.jpg 75w\" sizes=\"(max-width: 800px) 100vw, 800px\" \/><figcaption>Reuni\u00f3n de presentaci\u00f3n de la Facultad al Directorio de la UACh<\/figcaption><\/figure><\/div>\n\n\n\n<p>El\npresidente del Directorio UACh Francisco Luzzi precis\u00f3 que para el Directorio\nde la Universidad es muy importante haber iniciado este periplo de visitas a\nlas macrounidades y unidades de la UACh, \u201cesto nos permite conocer de primera\nfuente los desaf\u00edos que cada una tiene y as\u00ed direccionar mejor para que se\nalineen con la estrategia institucional, el Plan de Gobierno de la Rector\u00eda, y\npor supuesto, apoyar desde las pol\u00edticas econ\u00f3mico-financieras que nos\ncorresponde implementar\u201d.<\/p>\n\n\n\n<blockquote class=\"wp-block-quote is-layout-flow wp-block-quote-is-layout-flow\"><p>\u201cLa Facultad de Ingenier\u00eda es una gran facultad, en tama\u00f1o, infraestructura y comunidad acad\u00e9mica, notoriamente muy cohesionada, con grandes desaf\u00edos que entendemos demandar\u00e1n inversiones en capital humano, infraestructura y tecnolog\u00eda por parte de la Instituci\u00f3n y as\u00ed proyectarse con firmeza al futuro y en relaci\u00f3n con las necesidades actuales del pa\u00eds y la comunidad local.&nbsp;El haber sido recibidos por el Decano y dos ex decanos da muestras claras de que esta Macrounidad tiene un camino trazado y sabe muy bien su Comunidad Acad\u00e9mica por d\u00f3nde y hacia d\u00f3nde van. Nuestros sinceros agradecimientos al Decano Su\u00e1rez por una visita completa y sobre todo por la calidad de la informaci\u00f3n compartida\u201d.<\/p><cite>Presidente del Directorio UACh Francisco Luzzi <\/cite><\/blockquote>\n\n\n\n<p><\/p>\n","protected":false},"excerpt":{"rendered":"<p>Integrantes del Directorio de la Universidad Austral de Chile, visitaron diversas dependencias de la Facultad de Ciencias de la Ingenier\u00eda el pasado jueves 19 de mayo. Escrito por PrensaFCI Las actividades comenzaron con un recorrido por el Canal de Ensayos Hidrodin\u00e1micos del Instituto de Ciencias Navales y Mar\u00edtimas, donde fueron recibidos por su director, Dr. [&hellip;]<\/p>\n","protected":false},"author":2,"featured_media":15417,"comment_status":"closed","ping_status":"closed","sticky":false,"template":"","format":"standard","meta":{"footnotes":""},"categories":[906,2],"tags":[164,48,1052,345,192,1038,580,915,163],"class_list":["post-15415","post","type-post","status-publish","format-standard","has-post-thumbnail","hentry","category-pregrado","category-reportajes","tag-anecoica","tag-arenas","tag-autoridades","tag-camara-acustica","tag-cardenas","tag-figueroa","tag-laboratorio","tag-portada","tag-visita"],"_links":{"self":[{"href":"https:\/\/www.acusticauach.cl\/index.php?rest_route=\/wp\/v2\/posts\/15415","targetHints":{"allow":["GET"]}}],"collection":[{"href":"https:\/\/www.acusticauach.cl\/index.php?rest_route=\/wp\/v2\/posts"}],"about":[{"href":"https:\/\/www.acusticauach.cl\/index.php?rest_route=\/wp\/v2\/types\/post"}],"author":[{"embeddable":true,"href":"https:\/\/www.acusticauach.cl\/index.php?rest_route=\/wp\/v2\/users\/2"}],"replies":[{"embeddable":true,"href":"https:\/\/www.acusticauach.cl\/index.php?rest_route=%2Fwp%2Fv2%2Fcomments&post=15415"}],"version-history":[{"count":0,"href":"https:\/\/www.acusticauach.cl\/index.php?rest_route=\/wp\/v2\/posts\/15415\/revisions"}],"wp:featuredmedia":[{"embeddable":true,"href":"https:\/\/www.acusticauach.cl\/index.php?rest_route=\/wp\/v2\/media\/15417"}],"wp:attachment":[{"href":"https:\/\/www.acusticauach.cl\/index.php?rest_route=%2Fwp%2Fv2%2Fmedia&parent=15415"}],"wp:term":[{"taxonomy":"category","embeddable":true,"href":"https:\/\/www.acusticauach.cl\/index.php?rest_route=%2Fwp%2Fv2%2Fcategories&post=15415"},{"taxonomy":"post_tag","embeddable":true,"href":"https:\/\/www.acusticauach.cl\/index.php?rest_route=%2Fwp%2Fv2%2Ftags&post=15415"}],"curies":[{"name":"wp","href":"https:\/\/api.w.org\/{rel}","templated":true}]}}